{"id":19983,"date":"2025-01-15T18:50:07","date_gmt":"2025-01-15T17:50:07","guid":{"rendered":"https:\/\/somosdelprieto.com\/?p=19983"},"modified":"2025-01-15T18:50:08","modified_gmt":"2025-01-15T17:50:08","slug":"st-andrews-day-3","status":"publish","type":"post","link":"https:\/\/somosdelprieto.com\/index.php\/2025\/01\/15\/st-andrews-day-3\/","title":{"rendered":"St Andrew\u00b4s Day"},"content":{"rendered":"\n<p class=\"has-medium-font-size\">Un a\u00f1o m\u00e1s, segundo de la ESO ha preparado durante el mes de noviembre en las materias de Ingl\u00e9s, Educaci\u00f3n F\u00edsica y M\u00fasica, actividades para celebrar un precioso d\u00eda de St. Andrew (patr\u00f3n de Escocia) junto al alumnado de 5\u00ba de Primaria del CEIP Maestro Juan Alcaide en su centro educativo.<\/p>\n\n\n\n<figure class=\"wp-block-image size-large\"><img loading=\"lazy\" decoding=\"async\" width=\"1024\" height=\"768\" src=\"https:\/\/somosdelprieto.com\/wp-content\/uploads\/2025\/01\/1000000839-1024x768.jpg\" alt=\"\" class=\"wp-image-19985\" srcset=\"https:\/\/somosdelprieto.com\/wp-content\/uploads\/2025\/01\/1000000839-1024x768.jpg 1024w, https:\/\/somosdelprieto.com\/wp-content\/uploads\/2025\/01\/1000000839-300x225.jpg 300w, https:\/\/somosdelprieto.com\/wp-content\/uploads\/2025\/01\/1000000839-768x576.jpg 768w, https:\/\/somosdelprieto.com\/wp-content\/uploads\/2025\/01\/1000000839-1536x1152.jpg 1536w, https:\/\/somosdelprieto.com\/wp-content\/uploads\/2025\/01\/1000000839.jpg 2048w\" sizes=\"auto, (max-width: 767px) 89vw, (max-width: 1000px) 54vw, (max-width: 1071px) 543px, 580px\" \/><\/figure>\n\n\n\n<p class=\"has-medium-font-size\">Esta actividad se enmarca dentro de las actividades dise\u00f1adas en el Plan de Transici\u00f3n entre etapas de centros British de la localidad y en el Plan Escolar Saludable.<br><\/p>\n\n\n\n<p class=\"has-medium-font-size\">La actividad comienza realizando un trabajo de investigaci\u00f3n sobre la festividad y curiosidades culturales, centr\u00e1ndonos en los juegos populares de Escocia con su profesora de Ingl\u00e9s y la pr\u00e1ctica de los juegos con su profesora de Educaci\u00f3n F\u00edsica.<\/p>\n\n\n\n<figure class=\"wp-block-image size-large\"><img loading=\"lazy\" decoding=\"async\" width=\"1024\" height=\"768\" src=\"https:\/\/somosdelprieto.com\/wp-content\/uploads\/2025\/01\/1000000840-1024x768.jpg\" alt=\"\" class=\"wp-image-19984\" srcset=\"https:\/\/somosdelprieto.com\/wp-content\/uploads\/2025\/01\/1000000840-1024x768.jpg 1024w, https:\/\/somosdelprieto.com\/wp-content\/uploads\/2025\/01\/1000000840-300x225.jpg 300w, https:\/\/somosdelprieto.com\/wp-content\/uploads\/2025\/01\/1000000840-768x576.jpg 768w, https:\/\/somosdelprieto.com\/wp-content\/uploads\/2025\/01\/1000000840-1536x1152.jpg 1536w, https:\/\/somosdelprieto.com\/wp-content\/uploads\/2025\/01\/1000000840.jpg 2048w\" sizes=\"auto, (max-width: 767px) 89vw, (max-width: 1000px) 54vw, (max-width: 1071px) 543px, 580px\" \/><\/figure>\n\n\n\n<p class=\"has-medium-font-size\"><br>En la materia de M\u00fasica se trabaj\u00f3 la danza escocesa\u00a0\u00abShetland wedding dance\u00bb\u00a0con el alumnado del grupo de 2\u00ba ESO Verde. Siguiendo la metodolog\u00eda de aprendizaje entre iguales, el grupo Verde mostr\u00f3 y ense\u00f1\u00f3 la coreograf\u00eda de la danza al grupo Azul, para ser bailada posteriormente todos juntos.<\/p>\n\n\n\n<p class=\"has-medium-font-size\"><\/p>\n\n\n\n<figure class=\"wp-block-video\"><video height=\"486\" style=\"aspect-ratio: 864 \/ 486;\" width=\"864\" controls src=\"https:\/\/somosdelprieto.com\/wp-content\/uploads\/2025\/01\/Shetland-Wedding-Dance.mp4\"><\/video><\/figure>\n\n\n\n<p class=\"has-medium-font-size\">St Andrew\u00b4s Day es una actividad muy completa en la que se muestra el trabajo interdisciplinar llevado a cabo en distintos espacios del centro como el\u00a0 Aula del Futuro, pabell\u00f3n y aula normalizada.<\/p>\n\n\n\n<p><\/p>\n\n\n\n<p class=\"has-medium-font-size\"><\/p>\n","protected":false},"excerpt":{"rendered":"<p>Un a\u00f1o m\u00e1s, segundo de la ESO ha preparado durante el mes de noviembre en las materias de Ingl\u00e9s, Educaci\u00f3n F\u00edsica y M\u00fasica, actividades para celebrar un precioso d\u00eda de St. Andrew (patr\u00f3n de Escocia) junto al alumnado de 5\u00ba de Primaria del CEIP Maestro Juan Alcaide en su centro educativo. Esta actividad se enmarca &hellip; <\/p>\n<p class=\"link-more\"><a href=\"https:\/\/somosdelprieto.com\/index.php\/2025\/01\/15\/st-andrews-day-3\/\" class=\"more-link\">Continuar leyendo<span class=\"screen-reader-text\"> \u00abSt Andrew\u00b4s Day\u00bb<\/span><\/a><\/p>\n","protected":false},"author":36,"featured_media":362,"comment_status":"closed","ping_status":"closed","sticky":false,"template":"","format":"standard","meta":{"footnotes":""},"categories":[109,6,26,36,39,1,101,138],"tags":[389],"class_list":["post-19983","post","type-post","status-publish","format-standard","has-post-thumbnail","hentry","category-aula-siglo-xxi","category-british","category-educacion-fisica","category-ingles","category-musica","category-noticias","category-proyecto-escolar-saludable","category-proyecto-escolar-saludable-2","tag-plan-de-transicion-entre-etapas"],"_links":{"self":[{"href":"https:\/\/somosdelprieto.com\/index.php\/wp-json\/wp\/v2\/posts\/19983","targetHints":{"allow":["GET"]}}],"collection":[{"href":"https:\/\/somosdelprieto.com\/index.php\/wp-json\/wp\/v2\/posts"}],"about":[{"href":"https:\/\/somosdelprieto.com\/index.php\/wp-json\/wp\/v2\/types\/post"}],"author":[{"embeddable":true,"href":"https:\/\/somosdelprieto.com\/index.php\/wp-json\/wp\/v2\/users\/36"}],"replies":[{"embeddable":true,"href":"https:\/\/somosdelprieto.com\/index.php\/wp-json\/wp\/v2\/comments?post=19983"}],"version-history":[{"count":2,"href":"https:\/\/somosdelprieto.com\/index.php\/wp-json\/wp\/v2\/posts\/19983\/revisions"}],"predecessor-version":[{"id":19988,"href":"https:\/\/somosdelprieto.com\/index.php\/wp-json\/wp\/v2\/posts\/19983\/revisions\/19988"}],"wp:featuredmedia":[{"embeddable":true,"href":"https:\/\/somosdelprieto.com\/index.php\/wp-json\/wp\/v2\/media\/362"}],"wp:attachment":[{"href":"https:\/\/somosdelprieto.com\/index.php\/wp-json\/wp\/v2\/media?parent=19983"}],"wp:term":[{"taxonomy":"category","embeddable":true,"href":"https:\/\/somosdelprieto.com\/index.php\/wp-json\/wp\/v2\/categories?post=19983"},{"taxonomy":"post_tag","embeddable":true,"href":"https:\/\/somosdelprieto.com\/index.php\/wp-json\/wp\/v2\/tags?post=19983"}],"curies":[{"name":"wp","href":"https:\/\/api.w.org\/{rel}","templated":true}]}}