{"id":19971,"date":"2025-01-14T20:20:17","date_gmt":"2025-01-14T19:20:17","guid":{"rendered":"https:\/\/somosdelprieto.com\/?p=19971"},"modified":"2025-01-14T20:27:11","modified_gmt":"2025-01-14T19:27:11","slug":"estudiantes-transforman-el-futuro-con-un-proyecto-innvovador-de-reciclaje-electronico","status":"publish","type":"post","link":"https:\/\/somosdelprieto.com\/index.php\/2025\/01\/14\/estudiantes-transforman-el-futuro-con-un-proyecto-innvovador-de-reciclaje-electronico\/","title":{"rendered":"Estudiantes Transforman el Futuro con un Proyecto Innovador de Reciclaje Electr\u00f3nico"},"content":{"rendered":"\n<p>En colaboraci\u00f3n con los centros educativos IES Gregorio Prieto y IES Antonio Calv\u00edn, y con la participaci\u00f3n de la Universidad de Castilla-La Mancha, se ha implementado el proyecto de econom\u00eda circular titulado <em>\u00abReciclaje Electr\u00f3nico: Un Futuro Sostenible para los Equipos Inform\u00e1ticos\u00bb<\/em>. <\/p>\n\n\n\n<figure class=\"wp-block-image size-large\"><img loading=\"lazy\" decoding=\"async\" width=\"1024\" height=\"168\" src=\"https:\/\/somosdelprieto.com\/wp-content\/uploads\/2025\/01\/ct_innovacionFP-1024x168.jpg\" alt=\"\" class=\"wp-image-19972\" srcset=\"https:\/\/somosdelprieto.com\/wp-content\/uploads\/2025\/01\/ct_innovacionFP-1024x168.jpg 1024w, https:\/\/somosdelprieto.com\/wp-content\/uploads\/2025\/01\/ct_innovacionFP-300x49.jpg 300w, https:\/\/somosdelprieto.com\/wp-content\/uploads\/2025\/01\/ct_innovacionFP-768x126.jpg 768w, https:\/\/somosdelprieto.com\/wp-content\/uploads\/2025\/01\/ct_innovacionFP.jpg 1350w\" sizes=\"auto, (max-width: 767px) 89vw, (max-width: 1000px) 54vw, (max-width: 1071px) 543px, 580px\" \/><\/figure>\n\n\n\n<p>Este innovador plan tiene como objetivo la reutilizaci\u00f3n y reciclaje de materiales en desuso, como equipos inform\u00e1ticos y mobiliario, transform\u00e1ndolos en herramientas pr\u00e1cticas y educativas.<\/p>\n\n\n\n<figure class=\"wp-block-image size-full is-resized\"><img loading=\"lazy\" decoding=\"async\" width=\"567\" height=\"420\" src=\"https:\/\/somosdelprieto.com\/wp-content\/uploads\/2025\/01\/01.reciclaje.png\" alt=\"\" class=\"wp-image-19973\" style=\"width:674px;height:auto\" srcset=\"https:\/\/somosdelprieto.com\/wp-content\/uploads\/2025\/01\/01.reciclaje.png 567w, https:\/\/somosdelprieto.com\/wp-content\/uploads\/2025\/01\/01.reciclaje-300x222.png 300w\" sizes=\"auto, (max-width: 567px) 100vw, 567px\" \/><\/figure>\n\n\n\n<p>Una de las grandes atracciones de este proyecto es la creaci\u00f3n de una m\u00e1quina Arcade retro y un fotomat\u00f3n, productos que ahora son disfrutados por los alumnos en sus centros. Este proyecto no solo refuerza la sostenibilidad y la innovaci\u00f3n, sino que tambi\u00e9n fomenta habilidades pr\u00e1cticas en los estudiantes, desde el dise\u00f1o hasta la implementaci\u00f3n de software y hardware.<\/p>\n\n\n\n<figure class=\"wp-block-gallery has-nested-images columns-default is-cropped wp-block-gallery-1 is-layout-flex wp-block-gallery-is-layout-flex\">\n<figure class=\"wp-block-image size-large\"><img loading=\"lazy\" decoding=\"async\" width=\"634\" height=\"458\" data-id=\"19974\" src=\"https:\/\/somosdelprieto.com\/wp-content\/uploads\/2025\/01\/02.reciclaje.png\" alt=\"\" class=\"wp-image-19974\" srcset=\"https:\/\/somosdelprieto.com\/wp-content\/uploads\/2025\/01\/02.reciclaje.png 634w, https:\/\/somosdelprieto.com\/wp-content\/uploads\/2025\/01\/02.reciclaje-300x217.png 300w\" sizes=\"auto, (max-width: 634px) 100vw, 634px\" \/><\/figure>\n\n\n\n<figure class=\"wp-block-image size-large\"><img loading=\"lazy\" decoding=\"async\" width=\"768\" height=\"1024\" data-id=\"19975\" src=\"https:\/\/somosdelprieto.com\/wp-content\/uploads\/2025\/01\/06.reciclaje-768x1024.jpg\" alt=\"\" class=\"wp-image-19975\" srcset=\"https:\/\/somosdelprieto.com\/wp-content\/uploads\/2025\/01\/06.reciclaje-768x1024.jpg 768w, https:\/\/somosdelprieto.com\/wp-content\/uploads\/2025\/01\/06.reciclaje-225x300.jpg 225w, https:\/\/somosdelprieto.com\/wp-content\/uploads\/2025\/01\/06.reciclaje-1152x1536.jpg 1152w, https:\/\/somosdelprieto.com\/wp-content\/uploads\/2025\/01\/06.reciclaje-1536x2048.jpg 1536w, https:\/\/somosdelprieto.com\/wp-content\/uploads\/2025\/01\/06.reciclaje-scaled.jpg 1920w\" sizes=\"auto, (max-width: 767px) 89vw, (max-width: 1000px) 54vw, (max-width: 1071px) 543px, 580px\" \/><\/figure>\n<\/figure>\n\n\n\n<p>El \u00e9xito de esta iniciativa ha sido posible gracias a la colaboraci\u00f3n interinstitucional y al esfuerzo conjunto de estudiantes, docentes y entidades como Revertia y la Fundaci\u00f3n RAEE CLM. A trav\u00e9s de actividades como talleres de econom\u00eda circular y charlas educativas, se ha sensibilizado a la comunidad sobre la importancia del reciclaje y la sostenibilidad.<\/p>\n\n\n\n<figure class=\"wp-block-image size-full\"><img loading=\"lazy\" decoding=\"async\" width=\"638\" height=\"479\" src=\"https:\/\/somosdelprieto.com\/wp-content\/uploads\/2025\/01\/03.reciclaje.png\" alt=\"\" class=\"wp-image-19976\" srcset=\"https:\/\/somosdelprieto.com\/wp-content\/uploads\/2025\/01\/03.reciclaje.png 638w, https:\/\/somosdelprieto.com\/wp-content\/uploads\/2025\/01\/03.reciclaje-300x225.png 300w\" sizes=\"auto, (max-width: 638px) 100vw, 638px\" \/><\/figure>\n\n\n\n<p>Se invita a la comunidad a estar atentos a las pr\u00f3ximas presentaciones del proyecto en eventos locales y ferias educativas, donde se mostrar\u00e1n los productos finales y su impacto en la educaci\u00f3n y el medio ambiente. Este proyecto es un claro ejemplo de c\u00f3mo la educaci\u00f3n puede ser un motor para el cambio social y ambiental.<\/p>\n\n\n\n<figure class=\"wp-block-image size-large\"><img loading=\"lazy\" decoding=\"async\" width=\"1024\" height=\"157\" src=\"https:\/\/somosdelprieto.com\/wp-content\/uploads\/2025\/01\/04.reciclaje-1024x157.png\" alt=\"\" class=\"wp-image-19977\" srcset=\"https:\/\/somosdelprieto.com\/wp-content\/uploads\/2025\/01\/04.reciclaje-1024x157.png 1024w, https:\/\/somosdelprieto.com\/wp-content\/uploads\/2025\/01\/04.reciclaje-300x46.png 300w, https:\/\/somosdelprieto.com\/wp-content\/uploads\/2025\/01\/04.reciclaje-768x118.png 768w, https:\/\/somosdelprieto.com\/wp-content\/uploads\/2025\/01\/04.reciclaje.png 1081w\" sizes=\"auto, (max-width: 767px) 89vw, (max-width: 1000px) 54vw, (max-width: 1071px) 543px, 580px\" \/><\/figure>\n","protected":false},"excerpt":{"rendered":"<p>En colaboraci\u00f3n con los centros educativos IES Gregorio Prieto y IES Antonio Calv\u00edn, y con la participaci\u00f3n de la Universidad de Castilla-La Mancha, se ha implementado el proyecto de econom\u00eda circular titulado \u00abReciclaje Electr\u00f3nico: Un Futuro Sostenible para los Equipos Inform\u00e1ticos\u00bb. Este innovador plan tiene como objetivo la reutilizaci\u00f3n y reciclaje de materiales en desuso, &hellip; <\/p>\n<p class=\"link-more\"><a href=\"https:\/\/somosdelprieto.com\/index.php\/2025\/01\/14\/estudiantes-transforman-el-futuro-con-un-proyecto-innvovador-de-reciclaje-electronico\/\" class=\"more-link\">Continuar leyendo<span class=\"screen-reader-text\"> \u00abEstudiantes Transforman el Futuro con un Proyecto Innovador de Reciclaje Electr\u00f3nico\u00bb<\/span><\/a><\/p>\n","protected":false},"author":64,"featured_media":19974,"comment_status":"closed","ping_status":"closed","sticky":false,"template":"","format":"standard","meta":{"footnotes":""},"categories":[35,62,1],"tags":[],"class_list":["post-19971","post","type-post","status-publish","format-standard","has-post-thumbnail","hentry","category-informatica","category-innovacion","category-noticias"],"_links":{"self":[{"href":"https:\/\/somosdelprieto.com\/index.php\/wp-json\/wp\/v2\/posts\/19971","targetHints":{"allow":["GET"]}}],"collection":[{"href":"https:\/\/somosdelprieto.com\/index.php\/wp-json\/wp\/v2\/posts"}],"about":[{"href":"https:\/\/somosdelprieto.com\/index.php\/wp-json\/wp\/v2\/types\/post"}],"author":[{"embeddable":true,"href":"https:\/\/somosdelprieto.com\/index.php\/wp-json\/wp\/v2\/users\/64"}],"replies":[{"embeddable":true,"href":"https:\/\/somosdelprieto.com\/index.php\/wp-json\/wp\/v2\/comments?post=19971"}],"version-history":[{"count":2,"href":"https:\/\/somosdelprieto.com\/index.php\/wp-json\/wp\/v2\/posts\/19971\/revisions"}],"predecessor-version":[{"id":19979,"href":"https:\/\/somosdelprieto.com\/index.php\/wp-json\/wp\/v2\/posts\/19971\/revisions\/19979"}],"wp:featuredmedia":[{"embeddable":true,"href":"https:\/\/somosdelprieto.com\/index.php\/wp-json\/wp\/v2\/media\/19974"}],"wp:attachment":[{"href":"https:\/\/somosdelprieto.com\/index.php\/wp-json\/wp\/v2\/media?parent=19971"}],"wp:term":[{"taxonomy":"category","embeddable":true,"href":"https:\/\/somosdelprieto.com\/index.php\/wp-json\/wp\/v2\/categories?post=19971"},{"taxonomy":"post_tag","embeddable":true,"href":"https:\/\/somosdelprieto.com\/index.php\/wp-json\/wp\/v2\/tags?post=19971"}],"curies":[{"name":"wp","href":"https:\/\/api.w.org\/{rel}","templated":true}]}}