{"id":19711,"date":"2024-11-12T12:46:22","date_gmt":"2024-11-12T11:46:22","guid":{"rendered":"https:\/\/somosdelprieto.com\/?p=19711"},"modified":"2024-11-12T12:46:22","modified_gmt":"2024-11-12T11:46:22","slug":"talleres-de-aleman-en-los-recreos","status":"publish","type":"post","link":"https:\/\/somosdelprieto.com\/index.php\/2024\/11\/12\/talleres-de-aleman-en-los-recreos\/","title":{"rendered":"TALLERES DE ALEM\u00c1N EN LOS RECREOS!!"},"content":{"rendered":"\n<p>Informamos a toda la comunidad educativa, que los talleres de alem\u00e1n que se estaban celebrando un martes cada 15 d\u00edas, a partir de esta semana se celebrar\u00e1n todos los martes.<\/p>\n\n\n\n<p>Asimismo, os animamos a participar y a incorporaros a estos talleres, ya que se est\u00e1n realizando de una forma l\u00fadica y entetenida.<\/p>\n\n\n\n<p>Si est\u00e1is interesados\/as en apuntaros, escribid un correo electr\u00f3nico a jefatura.eso@iesgregorioprieto.com. <\/p>\n\n\n\n<p>\u00a1Abierto a todo el alumnado de la ESO!<\/p>\n\n\n\n<p>\u00a1Os esperamos!<\/p>\n\n\n\n<figure class=\"wp-block-image size-large\"><img loading=\"lazy\" decoding=\"async\" width=\"1024\" height=\"768\" src=\"https:\/\/somosdelprieto.com\/wp-content\/uploads\/2024\/11\/Noviembre-1024x768.jpg\" alt=\"\" class=\"wp-image-19712\" srcset=\"https:\/\/somosdelprieto.com\/wp-content\/uploads\/2024\/11\/Noviembre-1024x768.jpg 1024w, https:\/\/somosdelprieto.com\/wp-content\/uploads\/2024\/11\/Noviembre-300x225.jpg 300w, https:\/\/somosdelprieto.com\/wp-content\/uploads\/2024\/11\/Noviembre-768x576.jpg 768w, https:\/\/somosdelprieto.com\/wp-content\/uploads\/2024\/11\/Noviembre-1536x1152.jpg 1536w, https:\/\/somosdelprieto.com\/wp-content\/uploads\/2024\/11\/Noviembre.jpg 2048w\" sizes=\"auto, (max-width: 767px) 89vw, (max-width: 1000px) 54vw, (max-width: 1071px) 543px, 580px\" \/><\/figure>\n","protected":false},"excerpt":{"rendered":"<p>Informamos a toda la comunidad educativa, que los talleres de alem\u00e1n que se estaban celebrando un martes cada 15 d\u00edas, a partir de esta semana se celebrar\u00e1n todos los martes. Asimismo, os animamos a participar y a incorporaros a estos talleres, ya que se est\u00e1n realizando de una forma l\u00fadica y entetenida. Si est\u00e1is interesados\/as &hellip; <\/p>\n<p class=\"link-more\"><a href=\"https:\/\/somosdelprieto.com\/index.php\/2024\/11\/12\/talleres-de-aleman-en-los-recreos\/\" class=\"more-link\">Continuar leyendo<span class=\"screen-reader-text\"> \u00abTALLERES DE ALEM\u00c1N EN LOS RECREOS!!\u00bb<\/span><\/a><\/p>\n","protected":false},"author":36,"featured_media":19713,"comment_status":"closed","ping_status":"closed","sticky":false,"template":"","format":"standard","meta":{"footnotes":""},"categories":[4,1],"tags":[],"class_list":["post-19711","post","type-post","status-publish","format-standard","has-post-thumbnail","hentry","category-erasmus","category-noticias"],"_links":{"self":[{"href":"https:\/\/somosdelprieto.com\/index.php\/wp-json\/wp\/v2\/posts\/19711","targetHints":{"allow":["GET"]}}],"collection":[{"href":"https:\/\/somosdelprieto.com\/index.php\/wp-json\/wp\/v2\/posts"}],"about":[{"href":"https:\/\/somosdelprieto.com\/index.php\/wp-json\/wp\/v2\/types\/post"}],"author":[{"embeddable":true,"href":"https:\/\/somosdelprieto.com\/index.php\/wp-json\/wp\/v2\/users\/36"}],"replies":[{"embeddable":true,"href":"https:\/\/somosdelprieto.com\/index.php\/wp-json\/wp\/v2\/comments?post=19711"}],"version-history":[{"count":1,"href":"https:\/\/somosdelprieto.com\/index.php\/wp-json\/wp\/v2\/posts\/19711\/revisions"}],"predecessor-version":[{"id":19714,"href":"https:\/\/somosdelprieto.com\/index.php\/wp-json\/wp\/v2\/posts\/19711\/revisions\/19714"}],"wp:featuredmedia":[{"embeddable":true,"href":"https:\/\/somosdelprieto.com\/index.php\/wp-json\/wp\/v2\/media\/19713"}],"wp:attachment":[{"href":"https:\/\/somosdelprieto.com\/index.php\/wp-json\/wp\/v2\/media?parent=19711"}],"wp:term":[{"taxonomy":"category","embeddable":true,"href":"https:\/\/somosdelprieto.com\/index.php\/wp-json\/wp\/v2\/categories?post=19711"},{"taxonomy":"post_tag","embeddable":true,"href":"https:\/\/somosdelprieto.com\/index.php\/wp-json\/wp\/v2\/tags?post=19711"}],"curies":[{"name":"wp","href":"https:\/\/api.w.org\/{rel}","templated":true}]}}