{"id":19613,"date":"2024-10-29T13:16:19","date_gmt":"2024-10-29T12:16:19","guid":{"rendered":"https:\/\/somosdelprieto.com\/?p=19613"},"modified":"2024-10-29T13:16:25","modified_gmt":"2024-10-29T12:16:25","slug":"desarrollo-de-la-estancia-formativa-del-profesorado-de-fp-en-el-ies-llerena","status":"publish","type":"post","link":"https:\/\/somosdelprieto.com\/index.php\/2024\/10\/29\/desarrollo-de-la-estancia-formativa-del-profesorado-de-fp-en-el-ies-llerena\/","title":{"rendered":"Desarrollo de la estancia formativa del profesorado de FP en el IES Llerena"},"content":{"rendered":"\n<p>Uno de nuestros docentes del Departamento de Automoci\u00f3n ha realizando este mes de octubre una estancia formativa en el IES de Llerena, en Llerena (Badajoz).<\/p>\n\n\n\n<p>Esta estancia ha sido posible gracias a la convocatoria lanzada por la Consejer\u00eda de Educaci\u00f3n, Cultura y Deportes de Castilla-La Mancha en el mes de junio. Este programa cuenta con cofinanciaci\u00f3n del Ministerio de Educaci\u00f3n, Formaci\u00f3n Profesional y Deportes, y del Fondo Social Europeo Plus (FSE+), en el marco del Programa de Empleo, Formaci\u00f3n, Educaci\u00f3n y Econom\u00eda Social (EFESO) del Marco Financiero Plurianual 2021-2027.<\/p>\n\n\n\n<figure class=\"wp-block-gallery has-nested-images columns-default is-cropped wp-block-gallery-1 is-layout-flex wp-block-gallery-is-layout-flex\">\n<figure class=\"wp-block-image size-large\"><img loading=\"lazy\" decoding=\"async\" width=\"804\" height=\"600\" data-id=\"19615\" src=\"https:\/\/somosdelprieto.com\/wp-content\/uploads\/2024\/10\/Screenshot-2024-10-28-at-14.18.03.png\" alt=\"\" class=\"wp-image-19615\" srcset=\"https:\/\/somosdelprieto.com\/wp-content\/uploads\/2024\/10\/Screenshot-2024-10-28-at-14.18.03.png 804w, https:\/\/somosdelprieto.com\/wp-content\/uploads\/2024\/10\/Screenshot-2024-10-28-at-14.18.03-300x224.png 300w, https:\/\/somosdelprieto.com\/wp-content\/uploads\/2024\/10\/Screenshot-2024-10-28-at-14.18.03-768x573.png 768w\" sizes=\"auto, (max-width: 767px) 89vw, (max-width: 1000px) 54vw, (max-width: 1071px) 543px, 580px\" \/><\/figure>\n<\/figure>\n\n\n\n<p>Durante esta estancia en el IES Llerena, se han desarrollado diversas actividades formativas y pr\u00e1cticas:<\/p>\n\n\n\n<p>1. <strong>Aprendizaje y uso del banco de potencia<\/strong>: Se emplearon herramientas digitales para analizar diferentes fases de funcionamiento. El proceso consisti\u00f3 en el montaje del veh\u00edculo en los rodillos y su amarre, seguido de los ajustes previos y del uso del software espec\u00edfico para el banco de potencia.<\/p>\n\n\n\n<figure class=\"wp-block-gallery has-nested-images columns-default is-cropped wp-block-gallery-2 is-layout-flex wp-block-gallery-is-layout-flex\">\n<figure class=\"wp-block-image size-large\"><img loading=\"lazy\" decoding=\"async\" width=\"772\" height=\"582\" data-id=\"19617\" src=\"https:\/\/somosdelprieto.com\/wp-content\/uploads\/2024\/10\/Screenshot-2024-10-28-at-14.18.17.png\" alt=\"\" class=\"wp-image-19617\" srcset=\"https:\/\/somosdelprieto.com\/wp-content\/uploads\/2024\/10\/Screenshot-2024-10-28-at-14.18.17.png 772w, https:\/\/somosdelprieto.com\/wp-content\/uploads\/2024\/10\/Screenshot-2024-10-28-at-14.18.17-300x226.png 300w, https:\/\/somosdelprieto.com\/wp-content\/uploads\/2024\/10\/Screenshot-2024-10-28-at-14.18.17-768x579.png 768w\" sizes=\"auto, (max-width: 767px) 89vw, (max-width: 1000px) 54vw, (max-width: 1071px) 543px, 580px\" \/><\/figure>\n\n\n\n<figure class=\"wp-block-image size-large\"><img loading=\"lazy\" decoding=\"async\" width=\"820\" height=\"606\" data-id=\"19618\" src=\"https:\/\/somosdelprieto.com\/wp-content\/uploads\/2024\/10\/Screenshot-2024-10-28-at-14.18.24.png\" alt=\"\" class=\"wp-image-19618\" srcset=\"https:\/\/somosdelprieto.com\/wp-content\/uploads\/2024\/10\/Screenshot-2024-10-28-at-14.18.24.png 820w, https:\/\/somosdelprieto.com\/wp-content\/uploads\/2024\/10\/Screenshot-2024-10-28-at-14.18.24-300x222.png 300w, https:\/\/somosdelprieto.com\/wp-content\/uploads\/2024\/10\/Screenshot-2024-10-28-at-14.18.24-768x568.png 768w\" sizes=\"auto, (max-width: 767px) 89vw, (max-width: 1000px) 54vw, (max-width: 1071px) 543px, 580px\" \/><\/figure>\n\n\n\n<figure class=\"wp-block-image size-large\"><img loading=\"lazy\" decoding=\"async\" width=\"610\" height=\"652\" data-id=\"19616\" src=\"https:\/\/somosdelprieto.com\/wp-content\/uploads\/2024\/10\/Screenshot-2024-10-28-at-14.18.31.png\" alt=\"\" class=\"wp-image-19616\" srcset=\"https:\/\/somosdelprieto.com\/wp-content\/uploads\/2024\/10\/Screenshot-2024-10-28-at-14.18.31.png 610w, https:\/\/somosdelprieto.com\/wp-content\/uploads\/2024\/10\/Screenshot-2024-10-28-at-14.18.31-281x300.png 281w\" sizes=\"auto, (max-width: 610px) 100vw, 610px\" \/><\/figure>\n<\/figure>\n\n\n\n<p><strong>2. Evaluaci\u00f3n con veh\u00edculo de energ\u00edas alternativas (GLP)<\/strong>: Se realiz\u00f3 una comparativa y evaluaci\u00f3n de datos, implementando ajustes en los sistemas de encendido y alimentaci\u00f3n con el objetivo de mejorar la sostenibilidad. Estas pruebas, realizadas con un motor de Seat Arosa 1.4 gasolina equipado con un kit de GLP, incluyeron el an\u00e1lisis de consumo y emisiones en funci\u00f3n del tipo de combustible empleado.<\/p>\n\n\n\n<figure class=\"wp-block-gallery has-nested-images columns-default is-cropped wp-block-gallery-3 is-layout-flex wp-block-gallery-is-layout-flex\">\n<figure class=\"wp-block-image size-large\"><img loading=\"lazy\" decoding=\"async\" width=\"808\" height=\"602\" data-id=\"19620\" src=\"https:\/\/somosdelprieto.com\/wp-content\/uploads\/2024\/10\/Screenshot-2024-10-28-at-14.18.36.png\" alt=\"\" class=\"wp-image-19620\" srcset=\"https:\/\/somosdelprieto.com\/wp-content\/uploads\/2024\/10\/Screenshot-2024-10-28-at-14.18.36.png 808w, https:\/\/somosdelprieto.com\/wp-content\/uploads\/2024\/10\/Screenshot-2024-10-28-at-14.18.36-300x224.png 300w, https:\/\/somosdelprieto.com\/wp-content\/uploads\/2024\/10\/Screenshot-2024-10-28-at-14.18.36-768x572.png 768w\" sizes=\"auto, (max-width: 767px) 89vw, (max-width: 1000px) 54vw, (max-width: 1071px) 543px, 580px\" \/><\/figure>\n\n\n\n<figure class=\"wp-block-image size-large\"><img loading=\"lazy\" decoding=\"async\" width=\"682\" height=\"514\" data-id=\"19621\" src=\"https:\/\/somosdelprieto.com\/wp-content\/uploads\/2024\/10\/Screenshot-2024-10-28-at-14.18.45.png\" alt=\"\" class=\"wp-image-19621\" srcset=\"https:\/\/somosdelprieto.com\/wp-content\/uploads\/2024\/10\/Screenshot-2024-10-28-at-14.18.45.png 682w, https:\/\/somosdelprieto.com\/wp-content\/uploads\/2024\/10\/Screenshot-2024-10-28-at-14.18.45-300x226.png 300w\" sizes=\"auto, (max-width: 682px) 100vw, 682px\" \/><\/figure>\n\n\n\n<figure class=\"wp-block-image size-large\"><img loading=\"lazy\" decoding=\"async\" width=\"504\" height=\"678\" data-id=\"19622\" src=\"https:\/\/somosdelprieto.com\/wp-content\/uploads\/2024\/10\/Screenshot-2024-10-28-at-14.18.52.png\" alt=\"\" class=\"wp-image-19622\" srcset=\"https:\/\/somosdelprieto.com\/wp-content\/uploads\/2024\/10\/Screenshot-2024-10-28-at-14.18.52.png 504w, https:\/\/somosdelprieto.com\/wp-content\/uploads\/2024\/10\/Screenshot-2024-10-28-at-14.18.52-223x300.png 223w\" sizes=\"auto, (max-width: 504px) 100vw, 504px\" \/><\/figure>\n\n\n\n<figure class=\"wp-block-image size-large\"><img loading=\"lazy\" decoding=\"async\" width=\"500\" height=\"666\" data-id=\"19619\" src=\"https:\/\/somosdelprieto.com\/wp-content\/uploads\/2024\/10\/Screenshot-2024-10-28-at-14.19.04.png\" alt=\"\" class=\"wp-image-19619\" srcset=\"https:\/\/somosdelprieto.com\/wp-content\/uploads\/2024\/10\/Screenshot-2024-10-28-at-14.19.04.png 500w, https:\/\/somosdelprieto.com\/wp-content\/uploads\/2024\/10\/Screenshot-2024-10-28-at-14.19.04-225x300.png 225w\" sizes=\"auto, (max-width: 500px) 100vw, 500px\" \/><\/figure>\n<\/figure>\n\n\n\n<p><strong>3. Fabricaci\u00f3n y montaje de maquetas<\/strong>: Se profundiz\u00f3 en el dise\u00f1o y fabricaci\u00f3n de maquetas\/emuladores, lo que permite al centro ser autosuficiente y sostenible. En este caso, el docente colabor\u00f3 en el ensamblaje de un emulador de centralitas de control de veh\u00edculos, una herramienta esencial para la formaci\u00f3n de los estudiantes.<\/p>\n\n\n\n<p><strong>4. An\u00e1lisis del uso de motor el\u00e9ctrico de baja potencia<\/strong>: Durante la estancia, el docente pudo observar un proyecto en desarrollo sobre el reciclaje de material para implementar en veh\u00edculos de baja potencia. Tambi\u00e9n comparti\u00f3 la experiencia de nuestro centro en el uso de pilas de hidr\u00f3geno, abriendo posibilidades para la implementaci\u00f3n de esta tecnolog\u00eda en futuros proyectos.<\/p>\n\n\n\n<figure class=\"wp-block-gallery has-nested-images columns-default is-cropped wp-block-gallery-4 is-layout-flex wp-block-gallery-is-layout-flex\">\n<figure class=\"wp-block-image size-large\"><img loading=\"lazy\" decoding=\"async\" width=\"616\" height=\"470\" data-id=\"19623\" src=\"https:\/\/somosdelprieto.com\/wp-content\/uploads\/2024\/10\/Screenshot-2024-10-28-at-14.19.18-1.png\" alt=\"\" class=\"wp-image-19623\" srcset=\"https:\/\/somosdelprieto.com\/wp-content\/uploads\/2024\/10\/Screenshot-2024-10-28-at-14.19.18-1.png 616w, https:\/\/somosdelprieto.com\/wp-content\/uploads\/2024\/10\/Screenshot-2024-10-28-at-14.19.18-1-300x229.png 300w\" sizes=\"auto, (max-width: 616px) 100vw, 616px\" \/><\/figure>\n\n\n\n<figure class=\"wp-block-image size-large\"><img loading=\"lazy\" decoding=\"async\" width=\"794\" height=\"590\" data-id=\"19625\" src=\"https:\/\/somosdelprieto.com\/wp-content\/uploads\/2024\/10\/Screenshot-2024-10-28-at-14.19.24.png\" alt=\"\" class=\"wp-image-19625\" srcset=\"https:\/\/somosdelprieto.com\/wp-content\/uploads\/2024\/10\/Screenshot-2024-10-28-at-14.19.24.png 794w, https:\/\/somosdelprieto.com\/wp-content\/uploads\/2024\/10\/Screenshot-2024-10-28-at-14.19.24-300x223.png 300w, https:\/\/somosdelprieto.com\/wp-content\/uploads\/2024\/10\/Screenshot-2024-10-28-at-14.19.24-768x571.png 768w\" sizes=\"auto, (max-width: 767px) 89vw, (max-width: 1000px) 54vw, (max-width: 1071px) 543px, 580px\" \/><\/figure>\n\n\n\n<figure class=\"wp-block-image size-large\"><img loading=\"lazy\" decoding=\"async\" width=\"774\" height=\"584\" data-id=\"19624\" src=\"https:\/\/somosdelprieto.com\/wp-content\/uploads\/2024\/10\/Screenshot-2024-10-28-at-14.19.30.png\" alt=\"\" class=\"wp-image-19624\" srcset=\"https:\/\/somosdelprieto.com\/wp-content\/uploads\/2024\/10\/Screenshot-2024-10-28-at-14.19.30.png 774w, https:\/\/somosdelprieto.com\/wp-content\/uploads\/2024\/10\/Screenshot-2024-10-28-at-14.19.30-300x226.png 300w, https:\/\/somosdelprieto.com\/wp-content\/uploads\/2024\/10\/Screenshot-2024-10-28-at-14.19.30-768x579.png 768w\" sizes=\"auto, (max-width: 767px) 89vw, (max-width: 1000px) 54vw, (max-width: 1071px) 543px, 580px\" \/><\/figure>\n<\/figure>\n\n\n\n<p><strong>6. Colaboraciones futuras<\/strong>: La estancia tambi\u00e9n ha permitido explorar futuras colaboraciones en proyectos de veh\u00edculos eficientes y en la construcci\u00f3n de maquetas a partir de materiales reciclados. Estas posibles colaboraciones podr\u00e1n contribuir al desarrollo de innovaciones en el \u00e1mbito de la automoci\u00f3n y a la sostenibilidad en la formaci\u00f3n profesional.<\/p>\n\n\n\n<p><strong>5. Conocimiento del funcionamiento del centro y del departamento de Automoci\u00f3n<\/strong>: Destac\u00f3 la variedad y disponibilidad de herramientas de diagn\u00f3stico en el centro, con un total de 8 m\u00e1quinas de diagnosis y varios osciloscopios. Este enfoque permite a los alumnos especializarse en el uso de herramientas concretas seg\u00fan las necesidades de la empresa, contribuyendo de manera pr\u00e1ctica a su formaci\u00f3n en digitalizaci\u00f3n.<\/p>\n\n\n\n<figure class=\"wp-block-gallery has-nested-images columns-default is-cropped wp-block-gallery-5 is-layout-flex wp-block-gallery-is-layout-flex\">\n<figure class=\"wp-block-image size-large\"><img loading=\"lazy\" decoding=\"async\" width=\"914\" height=\"688\" data-id=\"19627\" src=\"https:\/\/somosdelprieto.com\/wp-content\/uploads\/2024\/10\/Screenshot-2024-10-28-at-14.19.38.png\" alt=\"\" class=\"wp-image-19627\" srcset=\"https:\/\/somosdelprieto.com\/wp-content\/uploads\/2024\/10\/Screenshot-2024-10-28-at-14.19.38.png 914w, https:\/\/somosdelprieto.com\/wp-content\/uploads\/2024\/10\/Screenshot-2024-10-28-at-14.19.38-300x226.png 300w, https:\/\/somosdelprieto.com\/wp-content\/uploads\/2024\/10\/Screenshot-2024-10-28-at-14.19.38-768x578.png 768w\" sizes=\"auto, (max-width: 767px) 89vw, (max-width: 1000px) 54vw, (max-width: 1071px) 543px, 580px\" \/><\/figure>\n\n\n\n<figure class=\"wp-block-image size-large\"><img loading=\"lazy\" decoding=\"async\" width=\"946\" height=\"704\" data-id=\"19626\" src=\"https:\/\/somosdelprieto.com\/wp-content\/uploads\/2024\/10\/Screenshot-2024-10-28-at-14.19.48.png\" alt=\"\" class=\"wp-image-19626\" srcset=\"https:\/\/somosdelprieto.com\/wp-content\/uploads\/2024\/10\/Screenshot-2024-10-28-at-14.19.48.png 946w, https:\/\/somosdelprieto.com\/wp-content\/uploads\/2024\/10\/Screenshot-2024-10-28-at-14.19.48-300x223.png 300w, https:\/\/somosdelprieto.com\/wp-content\/uploads\/2024\/10\/Screenshot-2024-10-28-at-14.19.48-768x572.png 768w\" sizes=\"auto, (max-width: 767px) 89vw, (max-width: 1000px) 54vw, (max-width: 1071px) 543px, 580px\" \/><\/figure>\n<\/figure>\n\n\n\n<p>Todas estas actividades se llevaron a cabo con el apoyo del profesorado, el equipo directivo y el Departamento de Automoci\u00f3n del IES Llerena. En especial, se agradece la colaboraci\u00f3n y la acogida del jefe del departamento, \u00c1ngel G\u00f3mez, quien ha mostrado gran inter\u00e9s en esta estancia formativa.<\/p>\n\n\n\n<figure class=\"wp-block-gallery has-nested-images columns-default is-cropped wp-block-gallery-6 is-layout-flex wp-block-gallery-is-layout-flex\">\n<figure class=\"wp-block-image size-large\"><img loading=\"lazy\" decoding=\"async\" width=\"1024\" height=\"125\" data-id=\"19629\" src=\"https:\/\/somosdelprieto.com\/wp-content\/uploads\/2024\/10\/Screenshot-2024-10-29-at-12.59.57-1024x125.png\" alt=\"\" class=\"wp-image-19629\" srcset=\"https:\/\/somosdelprieto.com\/wp-content\/uploads\/2024\/10\/Screenshot-2024-10-29-at-12.59.57-1024x125.png 1024w, https:\/\/somosdelprieto.com\/wp-content\/uploads\/2024\/10\/Screenshot-2024-10-29-at-12.59.57-300x37.png 300w, https:\/\/somosdelprieto.com\/wp-content\/uploads\/2024\/10\/Screenshot-2024-10-29-at-12.59.57-768x94.png 768w, https:\/\/somosdelprieto.com\/wp-content\/uploads\/2024\/10\/Screenshot-2024-10-29-at-12.59.57-1536x188.png 1536w, https:\/\/somosdelprieto.com\/wp-content\/uploads\/2024\/10\/Screenshot-2024-10-29-at-12.59.57.png 1732w\" sizes=\"auto, (max-width: 767px) 89vw, (max-width: 1000px) 54vw, (max-width: 1071px) 543px, 580px\" \/><\/figure>\n<\/figure>\n","protected":false},"excerpt":{"rendered":"<p>Uno de nuestros docentes del Departamento de Automoci\u00f3n ha realizando este mes de octubre una estancia formativa en el IES de Llerena, en Llerena (Badajoz). Esta estancia ha sido posible gracias a la convocatoria lanzada por la Consejer\u00eda de Educaci\u00f3n, Cultura y Deportes de Castilla-La Mancha en el mes de junio. Este programa cuenta con &hellip; <\/p>\n<p class=\"link-more\"><a href=\"https:\/\/somosdelprieto.com\/index.php\/2024\/10\/29\/desarrollo-de-la-estancia-formativa-del-profesorado-de-fp-en-el-ies-llerena\/\" class=\"more-link\">Continuar leyendo<span class=\"screen-reader-text\"> \u00abDesarrollo de la estancia formativa del profesorado de FP en el IES Llerena\u00bb<\/span><\/a><\/p>\n","protected":false},"author":64,"featured_media":19614,"comment_status":"closed","ping_status":"closed","sticky":false,"template":"","format":"standard","meta":{"footnotes":""},"categories":[62,1,43],"tags":[383],"class_list":["post-19613","post","type-post","status-publish","format-standard","has-post-thumbnail","hentry","category-innovacion","category-noticias","category-transporte-y-mantenimiento-de-vehiculos","tag-estanciasformativas"],"_links":{"self":[{"href":"https:\/\/somosdelprieto.com\/index.php\/wp-json\/wp\/v2\/posts\/19613","targetHints":{"allow":["GET"]}}],"collection":[{"href":"https:\/\/somosdelprieto.com\/index.php\/wp-json\/wp\/v2\/posts"}],"about":[{"href":"https:\/\/somosdelprieto.com\/index.php\/wp-json\/wp\/v2\/types\/post"}],"author":[{"embeddable":true,"href":"https:\/\/somosdelprieto.com\/index.php\/wp-json\/wp\/v2\/users\/64"}],"replies":[{"embeddable":true,"href":"https:\/\/somosdelprieto.com\/index.php\/wp-json\/wp\/v2\/comments?post=19613"}],"version-history":[{"count":3,"href":"https:\/\/somosdelprieto.com\/index.php\/wp-json\/wp\/v2\/posts\/19613\/revisions"}],"predecessor-version":[{"id":19632,"href":"https:\/\/somosdelprieto.com\/index.php\/wp-json\/wp\/v2\/posts\/19613\/revisions\/19632"}],"wp:featuredmedia":[{"embeddable":true,"href":"https:\/\/somosdelprieto.com\/index.php\/wp-json\/wp\/v2\/media\/19614"}],"wp:attachment":[{"href":"https:\/\/somosdelprieto.com\/index.php\/wp-json\/wp\/v2\/media?parent=19613"}],"wp:term":[{"taxonomy":"category","embeddable":true,"href":"https:\/\/somosdelprieto.com\/index.php\/wp-json\/wp\/v2\/categories?post=19613"},{"taxonomy":"post_tag","embeddable":true,"href":"https:\/\/somosdelprieto.com\/index.php\/wp-json\/wp\/v2\/tags?post=19613"}],"curies":[{"name":"wp","href":"https:\/\/api.w.org\/{rel}","templated":true}]}}