{"id":19549,"date":"2024-10-11T09:12:49","date_gmt":"2024-10-11T07:12:49","guid":{"rendered":"https:\/\/somosdelprieto.com\/?p=19549"},"modified":"2024-10-11T09:12:50","modified_gmt":"2024-10-11T07:12:50","slug":"encuentros-dualiza-para-la-familia-profesional-de-agraria-e-industrias-alimentarias","status":"publish","type":"post","link":"https:\/\/somosdelprieto.com\/index.php\/2024\/10\/11\/encuentros-dualiza-para-la-familia-profesional-de-agraria-e-industrias-alimentarias\/","title":{"rendered":"Encuentros Dualiza para la familia profesional de Agraria e Industrias Alimentarias"},"content":{"rendered":"\n<p>La Consejer\u00eda de Educaci\u00f3n, Cultura y Deportes junto con <strong>Caixabank Dualiza<\/strong> est\u00e1n realizando una serie de <strong>Encuentros Dualiza<\/strong> para la familia profesional de <strong>Agraria e Industrias Alimentarias<\/strong>.<\/p>\n\n\n\n<figure class=\"wp-block-image size-large is-resized\"><img loading=\"lazy\" decoding=\"async\" width=\"1024\" height=\"602\" src=\"https:\/\/somosdelprieto.com\/wp-content\/uploads\/2024\/10\/Screenshot-2024-10-11-at-08.53.28-1024x602.png\" alt=\"\" class=\"wp-image-19551\" style=\"width:673px;height:auto\" srcset=\"https:\/\/somosdelprieto.com\/wp-content\/uploads\/2024\/10\/Screenshot-2024-10-11-at-08.53.28-1024x602.png 1024w, https:\/\/somosdelprieto.com\/wp-content\/uploads\/2024\/10\/Screenshot-2024-10-11-at-08.53.28-300x176.png 300w, https:\/\/somosdelprieto.com\/wp-content\/uploads\/2024\/10\/Screenshot-2024-10-11-at-08.53.28-768x452.png 768w, https:\/\/somosdelprieto.com\/wp-content\/uploads\/2024\/10\/Screenshot-2024-10-11-at-08.53.28.png 1350w\" sizes=\"auto, (max-width: 767px) 89vw, (max-width: 1000px) 54vw, (max-width: 1071px) 543px, 580px\" \/><\/figure>\n\n\n\n<p>Se trata de un taller \u201cFormaci\u00f3n Profesional Dual en el sector Agrario y de Industrias Alimentarias\u201d dise\u00f1ado a partir del \u201c<strong>Manual de Acogida de Estudiantes. Formaci\u00f3n Dual en el Sector AGA e INA<\/strong>\u201d. Tanto el taller como la publicaci\u00f3n tienen como objetivo proporcionar informaci\u00f3n sobre la modalidad dual en el sector y mejorar la acogida y la formaci\u00f3n del alumnado.<\/p>\n\n\n\n<figure class=\"wp-block-image size-large\"><img loading=\"lazy\" decoding=\"async\" width=\"1024\" height=\"616\" src=\"https:\/\/somosdelprieto.com\/wp-content\/uploads\/2024\/10\/Screenshot-2024-10-11-at-09.00.41-1024x616.png\" alt=\"\" class=\"wp-image-19552\" srcset=\"https:\/\/somosdelprieto.com\/wp-content\/uploads\/2024\/10\/Screenshot-2024-10-11-at-09.00.41-1024x616.png 1024w, https:\/\/somosdelprieto.com\/wp-content\/uploads\/2024\/10\/Screenshot-2024-10-11-at-09.00.41-300x180.png 300w, https:\/\/somosdelprieto.com\/wp-content\/uploads\/2024\/10\/Screenshot-2024-10-11-at-09.00.41-768x462.png 768w, https:\/\/somosdelprieto.com\/wp-content\/uploads\/2024\/10\/Screenshot-2024-10-11-at-09.00.41.png 1230w\" sizes=\"auto, (max-width: 767px) 89vw, (max-width: 1000px) 54vw, (max-width: 1071px) 543px, 580px\" \/><\/figure>\n\n\n\n<p>Durante el desarrollo del taller se presentar\u00e1n a los asistentes la publicaci\u00f3n de dicho manual y se abordar\u00e1n retos para las empresas y centros educativos a la hora de participar en proyectos en modalidad dual general o intensiva.<\/p>\n\n\n\n<p>El ponente es <strong>Cesar Garc\u00eda Cort\u00e9s<\/strong>, consultor de <strong>DUALCON<\/strong> (consultor\u00eda especializada en formaci\u00f3n profesional, formaci\u00f3n dual y en administraci\u00f3n electr\u00f3nica para administraciones p\u00fablicas).<\/p>\n\n\n\n<p>El pr\u00f3ximo encuentro se celebrar\u00e1 en el IES Gregorio Prieto de Valdepe\u00f1as, el pr\u00f3ximo <strong>22 de Octubre de 2024 a las 9:30 horas<\/strong>.<\/p>\n\n\n\n<p>El programa de ese d\u00eda ser\u00e1:<\/p>\n\n\n\n<figure class=\"wp-block-image size-large is-resized\"><img loading=\"lazy\" decoding=\"async\" width=\"935\" height=\"1024\" src=\"https:\/\/somosdelprieto.com\/wp-content\/uploads\/2024\/10\/Screenshot-2024-10-11-at-08.56.46-935x1024.png\" alt=\"\" class=\"wp-image-19550\" style=\"width:442px;height:auto\" srcset=\"https:\/\/somosdelprieto.com\/wp-content\/uploads\/2024\/10\/Screenshot-2024-10-11-at-08.56.46-935x1024.png 935w, https:\/\/somosdelprieto.com\/wp-content\/uploads\/2024\/10\/Screenshot-2024-10-11-at-08.56.46-274x300.png 274w, https:\/\/somosdelprieto.com\/wp-content\/uploads\/2024\/10\/Screenshot-2024-10-11-at-08.56.46-768x841.png 768w, https:\/\/somosdelprieto.com\/wp-content\/uploads\/2024\/10\/Screenshot-2024-10-11-at-08.56.46.png 1118w\" sizes=\"auto, (max-width: 767px) 89vw, (max-width: 1000px) 54vw, (max-width: 1071px) 543px, 580px\" \/><\/figure>\n\n\n\n<p>Las inscripciones pueden realizarse en el siguiente enlace: <em><a href=\"https:\/\/www.caixabankdualiza.es\/taller-en-valdepenas-sobre-la-fp-en-los-sectores-agrario-e-industrias-agroalimentaria\/\" data-type=\"link\" data-id=\"https:\/\/www.caixabankdualiza.es\/taller-en-valdepenas-sobre-la-fp-en-los-sectores-agrario-e-industrias-agroalimentaria\/\" target=\"_blank\" rel=\"noreferrer noopener\">Taller en Valdepe\u00f1as sobre la FP en los sectores Agrario e Industrias Agroalimentaria<\/a><\/em>.<\/p>\n\n\n\n<p><\/p>\n\n\n\n<div data-wp-interactive=\"core\/file\" class=\"wp-block-file\"><object data-wp-bind--hidden=\"!state.hasPdfPreview\" hidden class=\"wp-block-file__embed\" data=\"https:\/\/somosdelprieto.com\/wp-content\/uploads\/2024\/10\/Taller_Manuales_Valdepenas_v1.pdf\" type=\"application\/pdf\" style=\"width:100%;height:600px\" aria-label=\"Incrustado de Taller_Manuales_Valdepen\u0303as_v1.\"><\/object><a id=\"wp-block-file--media-383c16cc-5bd8-4e02-8e58-0bec545ee58e\" href=\"https:\/\/somosdelprieto.com\/wp-content\/uploads\/2024\/10\/Taller_Manuales_Valdepenas_v1.pdf\">Taller_Manuales_Valdepen\u0303as_v1<\/a><a href=\"https:\/\/somosdelprieto.com\/wp-content\/uploads\/2024\/10\/Taller_Manuales_Valdepenas_v1.pdf\" class=\"wp-block-file__button wp-element-button\" download aria-describedby=\"wp-block-file--media-383c16cc-5bd8-4e02-8e58-0bec545ee58e\">Descarga<\/a><\/div>\n","protected":false},"excerpt":{"rendered":"<p>La Consejer\u00eda de Educaci\u00f3n, Cultura y Deportes junto con Caixabank Dualiza est\u00e1n realizando una serie de Encuentros Dualiza para la familia profesional de Agraria e Industrias Alimentarias. Se trata de un taller \u201cFormaci\u00f3n Profesional Dual en el sector Agrario y de Industrias Alimentarias\u201d dise\u00f1ado a partir del \u201cManual de Acogida de Estudiantes. Formaci\u00f3n Dual en &hellip; <\/p>\n<p class=\"link-more\"><a href=\"https:\/\/somosdelprieto.com\/index.php\/2024\/10\/11\/encuentros-dualiza-para-la-familia-profesional-de-agraria-e-industrias-alimentarias\/\" class=\"more-link\">Continuar leyendo<span class=\"screen-reader-text\"> \u00abEncuentros Dualiza para la familia profesional de Agraria e Industrias Alimentarias\u00bb<\/span><\/a><\/p>\n","protected":false},"author":64,"featured_media":19554,"comment_status":"closed","ping_status":"closed","sticky":false,"template":"","format":"standard","meta":{"footnotes":""},"categories":[22,34,1,84],"tags":[],"class_list":["post-19549","post","type-post","status-publish","format-standard","has-post-thumbnail","hentry","category-agraria","category-industrias-alimentarias","category-noticias","category-proyecto-dualiza"],"_links":{"self":[{"href":"https:\/\/somosdelprieto.com\/index.php\/wp-json\/wp\/v2\/posts\/19549","targetHints":{"allow":["GET"]}}],"collection":[{"href":"https:\/\/somosdelprieto.com\/index.php\/wp-json\/wp\/v2\/posts"}],"about":[{"href":"https:\/\/somosdelprieto.com\/index.php\/wp-json\/wp\/v2\/types\/post"}],"author":[{"embeddable":true,"href":"https:\/\/somosdelprieto.com\/index.php\/wp-json\/wp\/v2\/users\/64"}],"replies":[{"embeddable":true,"href":"https:\/\/somosdelprieto.com\/index.php\/wp-json\/wp\/v2\/comments?post=19549"}],"version-history":[{"count":4,"href":"https:\/\/somosdelprieto.com\/index.php\/wp-json\/wp\/v2\/posts\/19549\/revisions"}],"predecessor-version":[{"id":19558,"href":"https:\/\/somosdelprieto.com\/index.php\/wp-json\/wp\/v2\/posts\/19549\/revisions\/19558"}],"wp:featuredmedia":[{"embeddable":true,"href":"https:\/\/somosdelprieto.com\/index.php\/wp-json\/wp\/v2\/media\/19554"}],"wp:attachment":[{"href":"https:\/\/somosdelprieto.com\/index.php\/wp-json\/wp\/v2\/media?parent=19549"}],"wp:term":[{"taxonomy":"category","embeddable":true,"href":"https:\/\/somosdelprieto.com\/index.php\/wp-json\/wp\/v2\/categories?post=19549"},{"taxonomy":"post_tag","embeddable":true,"href":"https:\/\/somosdelprieto.com\/index.php\/wp-json\/wp\/v2\/tags?post=19549"}],"curies":[{"name":"wp","href":"https:\/\/api.w.org\/{rel}","templated":true}]}}