{"id":19525,"date":"2024-10-04T10:10:00","date_gmt":"2024-10-04T08:10:00","guid":{"rendered":"https:\/\/somosdelprieto.com\/?p=19525"},"modified":"2024-10-04T10:14:00","modified_gmt":"2024-10-04T08:14:00","slug":"uso-del-desa-y-rcp-en-el-aula-de-emprendimiento","status":"publish","type":"post","link":"https:\/\/somosdelprieto.com\/index.php\/2024\/10\/04\/uso-del-desa-y-rcp-en-el-aula-de-emprendimiento\/","title":{"rendered":"Uso del DESA y RCP en el Aula de Emprendimiento"},"content":{"rendered":"\n<p>El pasado mi\u00e9rcoles, 2 de octubre, el Aula de Emprendimiento de nuestro centro se convirti\u00f3 en escenario de una formaci\u00f3n esencial para nuestros docentes: <strong>el uso del desfibrilador semiautom\u00e1tico (DESA) y la aplicaci\u00f3n de maniobras de reanimaci\u00f3n cardiopulmonar (RCP)<\/strong>.<\/p>\n\n\n\n<figure class=\"wp-block-image size-large\"><img loading=\"lazy\" decoding=\"async\" width=\"1024\" height=\"768\" src=\"https:\/\/somosdelprieto.com\/wp-content\/uploads\/2024\/10\/03.WhatsApp-Image-2024-10-03-at-09.57.55-5-1024x768.jpeg\" alt=\"\" class=\"wp-image-19527\" srcset=\"https:\/\/somosdelprieto.com\/wp-content\/uploads\/2024\/10\/03.WhatsApp-Image-2024-10-03-at-09.57.55-5-1024x768.jpeg 1024w, https:\/\/somosdelprieto.com\/wp-content\/uploads\/2024\/10\/03.WhatsApp-Image-2024-10-03-at-09.57.55-5-300x225.jpeg 300w, https:\/\/somosdelprieto.com\/wp-content\/uploads\/2024\/10\/03.WhatsApp-Image-2024-10-03-at-09.57.55-5-768x576.jpeg 768w, https:\/\/somosdelprieto.com\/wp-content\/uploads\/2024\/10\/03.WhatsApp-Image-2024-10-03-at-09.57.55-5-1536x1152.jpeg 1536w, https:\/\/somosdelprieto.com\/wp-content\/uploads\/2024\/10\/03.WhatsApp-Image-2024-10-03-at-09.57.55-5.jpeg 1600w\" sizes=\"auto, (max-width: 767px) 89vw, (max-width: 1000px) 54vw, (max-width: 1071px) 543px, 580px\" \/><\/figure>\n\n\n\n<p>Este curso, en el que participaron varios miembros del profesorado, permiti\u00f3 a los asistentes adquirir conocimientos clave sobre c\u00f3mo actuar ante situaciones de emergencia, donde los primeros minutos son cruciales.<\/p>\n\n\n\n<figure class=\"wp-block-gallery has-nested-images columns-default is-cropped wp-block-gallery-1 is-layout-flex wp-block-gallery-is-layout-flex\">\n<figure class=\"wp-block-image size-large\"><img loading=\"lazy\" decoding=\"async\" width=\"1024\" height=\"768\" data-id=\"19533\" src=\"https:\/\/somosdelprieto.com\/wp-content\/uploads\/2024\/10\/01.WhatsApp-Image-2024-10-03-at-09.57.55-1-1024x768.jpeg\" alt=\"\" class=\"wp-image-19533\" srcset=\"https:\/\/somosdelprieto.com\/wp-content\/uploads\/2024\/10\/01.WhatsApp-Image-2024-10-03-at-09.57.55-1-1024x768.jpeg 1024w, https:\/\/somosdelprieto.com\/wp-content\/uploads\/2024\/10\/01.WhatsApp-Image-2024-10-03-at-09.57.55-1-300x225.jpeg 300w, https:\/\/somosdelprieto.com\/wp-content\/uploads\/2024\/10\/01.WhatsApp-Image-2024-10-03-at-09.57.55-1-768x576.jpeg 768w, https:\/\/somosdelprieto.com\/wp-content\/uploads\/2024\/10\/01.WhatsApp-Image-2024-10-03-at-09.57.55-1-1536x1152.jpeg 1536w, https:\/\/somosdelprieto.com\/wp-content\/uploads\/2024\/10\/01.WhatsApp-Image-2024-10-03-at-09.57.55-1.jpeg 1600w\" sizes=\"auto, (max-width: 767px) 89vw, (max-width: 1000px) 54vw, (max-width: 1071px) 543px, 580px\" \/><\/figure>\n\n\n\n<figure class=\"wp-block-image size-large\"><img loading=\"lazy\" decoding=\"async\" width=\"1024\" height=\"576\" data-id=\"19526\" src=\"https:\/\/somosdelprieto.com\/wp-content\/uploads\/2024\/10\/02.WhatsApp-Image-2024-10-02-at-20.20.14-3-1024x576.jpeg\" alt=\"\" class=\"wp-image-19526\" srcset=\"https:\/\/somosdelprieto.com\/wp-content\/uploads\/2024\/10\/02.WhatsApp-Image-2024-10-02-at-20.20.14-3-1024x576.jpeg 1024w, https:\/\/somosdelprieto.com\/wp-content\/uploads\/2024\/10\/02.WhatsApp-Image-2024-10-02-at-20.20.14-3-300x169.jpeg 300w, https:\/\/somosdelprieto.com\/wp-content\/uploads\/2024\/10\/02.WhatsApp-Image-2024-10-02-at-20.20.14-3-768x432.jpeg 768w, https:\/\/somosdelprieto.com\/wp-content\/uploads\/2024\/10\/02.WhatsApp-Image-2024-10-02-at-20.20.14-3-1536x864.jpeg 1536w, https:\/\/somosdelprieto.com\/wp-content\/uploads\/2024\/10\/02.WhatsApp-Image-2024-10-02-at-20.20.14-3.jpeg 1600w\" sizes=\"auto, (max-width: 767px) 89vw, (max-width: 1000px) 54vw, (max-width: 1071px) 543px, 580px\" \/><\/figure>\n<\/figure>\n\n\n\n<p>Durante la formaci\u00f3n, se repasaron los procedimientos de actuaci\u00f3n en casos de paro cardiorrespiratorio, destacando la importancia de la reanimaci\u00f3n cardiopulmonar (RCP). Esta t\u00e9cnica es fundamental cuando una persona deja de respirar de manera s\u00fabita, con el fin de <strong>restablecer la capacidad respiratoria y la actividad card\u00edaca, previniendo da\u00f1os cerebrales irreversibles y, en muchos casos, evitando la muerte.<\/strong><\/p>\n\n\n\n<figure class=\"wp-block-gallery has-nested-images columns-default is-cropped wp-block-gallery-2 is-layout-flex wp-block-gallery-is-layout-flex\">\n<figure class=\"wp-block-image size-large\"><img loading=\"lazy\" decoding=\"async\" width=\"1024\" height=\"768\" data-id=\"19529\" src=\"https:\/\/somosdelprieto.com\/wp-content\/uploads\/2024\/10\/04.WhatsApp-Image-2024-10-04-at-09.06.47-1024x768.jpeg\" alt=\"\" class=\"wp-image-19529\" srcset=\"https:\/\/somosdelprieto.com\/wp-content\/uploads\/2024\/10\/04.WhatsApp-Image-2024-10-04-at-09.06.47-1024x768.jpeg 1024w, https:\/\/somosdelprieto.com\/wp-content\/uploads\/2024\/10\/04.WhatsApp-Image-2024-10-04-at-09.06.47-300x225.jpeg 300w, https:\/\/somosdelprieto.com\/wp-content\/uploads\/2024\/10\/04.WhatsApp-Image-2024-10-04-at-09.06.47-768x576.jpeg 768w, https:\/\/somosdelprieto.com\/wp-content\/uploads\/2024\/10\/04.WhatsApp-Image-2024-10-04-at-09.06.47-1536x1152.jpeg 1536w, https:\/\/somosdelprieto.com\/wp-content\/uploads\/2024\/10\/04.WhatsApp-Image-2024-10-04-at-09.06.47.jpeg 1600w\" sizes=\"auto, (max-width: 767px) 89vw, (max-width: 1000px) 54vw, (max-width: 1071px) 543px, 580px\" \/><\/figure>\n\n\n\n<figure class=\"wp-block-image size-large\"><img loading=\"lazy\" decoding=\"async\" width=\"1024\" height=\"768\" data-id=\"19530\" src=\"https:\/\/somosdelprieto.com\/wp-content\/uploads\/2024\/10\/05.WhatsApp-Image-2024-10-03-at-09.57.56-2-1024x768.jpeg\" alt=\"\" class=\"wp-image-19530\" srcset=\"https:\/\/somosdelprieto.com\/wp-content\/uploads\/2024\/10\/05.WhatsApp-Image-2024-10-03-at-09.57.56-2-1024x768.jpeg 1024w, https:\/\/somosdelprieto.com\/wp-content\/uploads\/2024\/10\/05.WhatsApp-Image-2024-10-03-at-09.57.56-2-300x225.jpeg 300w, https:\/\/somosdelprieto.com\/wp-content\/uploads\/2024\/10\/05.WhatsApp-Image-2024-10-03-at-09.57.56-2-768x576.jpeg 768w, https:\/\/somosdelprieto.com\/wp-content\/uploads\/2024\/10\/05.WhatsApp-Image-2024-10-03-at-09.57.56-2-1536x1152.jpeg 1536w, https:\/\/somosdelprieto.com\/wp-content\/uploads\/2024\/10\/05.WhatsApp-Image-2024-10-03-at-09.57.56-2.jpeg 1600w\" sizes=\"auto, (max-width: 767px) 89vw, (max-width: 1000px) 54vw, (max-width: 1071px) 543px, 580px\" \/><\/figure>\n\n\n\n<figure class=\"wp-block-image size-large\"><img loading=\"lazy\" decoding=\"async\" width=\"768\" height=\"1024\" data-id=\"19528\" src=\"https:\/\/somosdelprieto.com\/wp-content\/uploads\/2024\/10\/06.WhatsApp-Image-2024-10-03-at-09.57.56-3-768x1024.jpeg\" alt=\"\" class=\"wp-image-19528\" srcset=\"https:\/\/somosdelprieto.com\/wp-content\/uploads\/2024\/10\/06.WhatsApp-Image-2024-10-03-at-09.57.56-3-768x1024.jpeg 768w, https:\/\/somosdelprieto.com\/wp-content\/uploads\/2024\/10\/06.WhatsApp-Image-2024-10-03-at-09.57.56-3-225x300.jpeg 225w, https:\/\/somosdelprieto.com\/wp-content\/uploads\/2024\/10\/06.WhatsApp-Image-2024-10-03-at-09.57.56-3-1152x1536.jpeg 1152w, https:\/\/somosdelprieto.com\/wp-content\/uploads\/2024\/10\/06.WhatsApp-Image-2024-10-03-at-09.57.56-3.jpeg 1200w\" sizes=\"auto, (max-width: 767px) 89vw, (max-width: 1000px) 54vw, (max-width: 1071px) 543px, 580px\" \/><\/figure>\n<\/figure>\n\n\n\n<p>La instalaci\u00f3n del DESA ha sido posible gracias a la Diputaci\u00f3n de Ciudad Real a trav\u00e9s de la subvenci\u00f3n \u201c<strong>Salva un coraz\u00f3n, Salva una vida<\/strong>\u201d. Esta ayuda est\u00e1 dirigida a todos los Institutos de Ense\u00f1anza Secundaria y Formaci\u00f3n Profesional p\u00fablicos y concertados de la provincia, para dotarlos de desfibriladores semiautom\u00e1ticos y cabinas homologadas.<\/p>\n\n\n\n<figure class=\"wp-block-gallery has-nested-images columns-default is-cropped wp-block-gallery-3 is-layout-flex wp-block-gallery-is-layout-flex\">\n<figure class=\"wp-block-image size-large\"><img loading=\"lazy\" decoding=\"async\" width=\"576\" height=\"1024\" data-id=\"19531\" src=\"https:\/\/somosdelprieto.com\/wp-content\/uploads\/2024\/10\/07.WhatsApp-Image-2024-10-02-at-20.20.14-576x1024.jpeg\" alt=\"\" class=\"wp-image-19531\" srcset=\"https:\/\/somosdelprieto.com\/wp-content\/uploads\/2024\/10\/07.WhatsApp-Image-2024-10-02-at-20.20.14-576x1024.jpeg 576w, https:\/\/somosdelprieto.com\/wp-content\/uploads\/2024\/10\/07.WhatsApp-Image-2024-10-02-at-20.20.14-169x300.jpeg 169w, https:\/\/somosdelprieto.com\/wp-content\/uploads\/2024\/10\/07.WhatsApp-Image-2024-10-02-at-20.20.14-768x1365.jpeg 768w, https:\/\/somosdelprieto.com\/wp-content\/uploads\/2024\/10\/07.WhatsApp-Image-2024-10-02-at-20.20.14-864x1536.jpeg 864w, https:\/\/somosdelprieto.com\/wp-content\/uploads\/2024\/10\/07.WhatsApp-Image-2024-10-02-at-20.20.14.jpeg 900w\" sizes=\"auto, (max-width: 576px) 100vw, 576px\" \/><\/figure>\n\n\n\n<figure class=\"wp-block-image size-large\"><img loading=\"lazy\" decoding=\"async\" width=\"1024\" height=\"768\" data-id=\"19532\" src=\"https:\/\/somosdelprieto.com\/wp-content\/uploads\/2024\/10\/08.WhatsApp-Image-2024-10-03-at-09.57.55-3-1024x768.jpeg\" alt=\"\" class=\"wp-image-19532\" srcset=\"https:\/\/somosdelprieto.com\/wp-content\/uploads\/2024\/10\/08.WhatsApp-Image-2024-10-03-at-09.57.55-3-1024x768.jpeg 1024w, https:\/\/somosdelprieto.com\/wp-content\/uploads\/2024\/10\/08.WhatsApp-Image-2024-10-03-at-09.57.55-3-300x225.jpeg 300w, https:\/\/somosdelprieto.com\/wp-content\/uploads\/2024\/10\/08.WhatsApp-Image-2024-10-03-at-09.57.55-3-768x576.jpeg 768w, https:\/\/somosdelprieto.com\/wp-content\/uploads\/2024\/10\/08.WhatsApp-Image-2024-10-03-at-09.57.55-3-1536x1152.jpeg 1536w, https:\/\/somosdelprieto.com\/wp-content\/uploads\/2024\/10\/08.WhatsApp-Image-2024-10-03-at-09.57.55-3.jpeg 1600w\" sizes=\"auto, (max-width: 767px) 89vw, (max-width: 1000px) 54vw, (max-width: 1071px) 543px, 580px\" \/><\/figure>\n<\/figure>\n\n\n\n<p>Gracias a este curso, nuestros docentes est\u00e1n ahora mejor preparados para enfrentarse a situaciones de emergencia. La instalaci\u00f3n del desfibrilador y la formaci\u00f3n recibida refuerzan nuestro compromiso con la salud y la seguridad de toda la comunidad educativa. Porque en situaciones cr\u00edticas, cada segundo cuenta.<\/p>\n","protected":false},"excerpt":{"rendered":"<p>El pasado mi\u00e9rcoles, 2 de octubre, el Aula de Emprendimiento de nuestro centro se convirti\u00f3 en escenario de una formaci\u00f3n esencial para nuestros docentes: el uso del desfibrilador semiautom\u00e1tico (DESA) y la aplicaci\u00f3n de maniobras de reanimaci\u00f3n cardiopulmonar (RCP). Este curso, en el que participaron varios miembros del profesorado, permiti\u00f3 a los asistentes adquirir conocimientos &hellip; <\/p>\n<p class=\"link-more\"><a href=\"https:\/\/somosdelprieto.com\/index.php\/2024\/10\/04\/uso-del-desa-y-rcp-en-el-aula-de-emprendimiento\/\" class=\"more-link\">Continuar leyendo<span class=\"screen-reader-text\"> \u00abUso del DESA y RCP en el Aula de Emprendimiento\u00bb<\/span><\/a><\/p>\n","protected":false},"author":64,"featured_media":19530,"comment_status":"closed","ping_status":"closed","sticky":false,"template":"","format":"standard","meta":{"footnotes":""},"categories":[26,242,106,1,101],"tags":[],"class_list":["post-19525","post","type-post","status-publish","format-standard","has-post-thumbnail","hentry","category-educacion-fisica","category-emprendimiento","category-formacion","category-noticias","category-proyecto-escolar-saludable"],"_links":{"self":[{"href":"https:\/\/somosdelprieto.com\/index.php\/wp-json\/wp\/v2\/posts\/19525","targetHints":{"allow":["GET"]}}],"collection":[{"href":"https:\/\/somosdelprieto.com\/index.php\/wp-json\/wp\/v2\/posts"}],"about":[{"href":"https:\/\/somosdelprieto.com\/index.php\/wp-json\/wp\/v2\/types\/post"}],"author":[{"embeddable":true,"href":"https:\/\/somosdelprieto.com\/index.php\/wp-json\/wp\/v2\/users\/64"}],"replies":[{"embeddable":true,"href":"https:\/\/somosdelprieto.com\/index.php\/wp-json\/wp\/v2\/comments?post=19525"}],"version-history":[{"count":2,"href":"https:\/\/somosdelprieto.com\/index.php\/wp-json\/wp\/v2\/posts\/19525\/revisions"}],"predecessor-version":[{"id":19536,"href":"https:\/\/somosdelprieto.com\/index.php\/wp-json\/wp\/v2\/posts\/19525\/revisions\/19536"}],"wp:featuredmedia":[{"embeddable":true,"href":"https:\/\/somosdelprieto.com\/index.php\/wp-json\/wp\/v2\/media\/19530"}],"wp:attachment":[{"href":"https:\/\/somosdelprieto.com\/index.php\/wp-json\/wp\/v2\/media?parent=19525"}],"wp:term":[{"taxonomy":"category","embeddable":true,"href":"https:\/\/somosdelprieto.com\/index.php\/wp-json\/wp\/v2\/categories?post=19525"},{"taxonomy":"post_tag","embeddable":true,"href":"https:\/\/somosdelprieto.com\/index.php\/wp-json\/wp\/v2\/tags?post=19525"}],"curies":[{"name":"wp","href":"https:\/\/api.w.org\/{rel}","templated":true}]}}