{"id":19455,"date":"2024-09-28T19:51:13","date_gmt":"2024-09-28T17:51:13","guid":{"rendered":"https:\/\/somosdelprieto.com\/?p=19455"},"modified":"2024-09-28T20:14:57","modified_gmt":"2024-09-28T18:14:57","slug":"club-de-lectura-gregorio-prieto","status":"publish","type":"post","link":"https:\/\/somosdelprieto.com\/index.php\/2024\/09\/28\/club-de-lectura-gregorio-prieto\/","title":{"rendered":"CLUB DE LECTURA GREGORIO PRIETO"},"content":{"rendered":"\n<p>El pr\u00f3ximo mes de octubre pondremos en marcha el <strong>Club de Lectura<\/strong>. Est\u00e1 abierto a todo el profesorado,  a  padres y madres, alumnado en general, tambi\u00e9n a antiguos alumnos\/as y profesores que quieran compartir la experiencia lectora y tratar temas que surjan de la misma.<\/p>\n\n\n\n<p>Nos reuniremos el \u00faltimo jueves de cada mes a las 17:00 en la biblioteca del IES. Las lecturas y los pr\u00f3ximos encuentros se acordar\u00e1n entre las personas que participemos.<\/p>\n\n\n\n<p>Te puedes apuntar en el siguiente formulario y nos pondremos en contacto contigo:<\/p>\n\n\n\n<p><a href=\"https:\/\/forms.office.com\/e\/XiA8F7Gxgg\">https:\/\/forms.office.com\/e\/XiA8F7Gxgg<\/a><\/p>\n\n\n\n<figure class=\"wp-block-image size-large is-resized\"><img loading=\"lazy\" decoding=\"async\" width=\"724\" height=\"1024\" src=\"https:\/\/somosdelprieto.com\/wp-content\/uploads\/2024\/09\/Cartel-Club-de-Lectura--724x1024.png\" alt=\"\" class=\"wp-image-19456\" style=\"width:483px;height:auto\" srcset=\"https:\/\/somosdelprieto.com\/wp-content\/uploads\/2024\/09\/Cartel-Club-de-Lectura--724x1024.png 724w, https:\/\/somosdelprieto.com\/wp-content\/uploads\/2024\/09\/Cartel-Club-de-Lectura--212x300.png 212w, https:\/\/somosdelprieto.com\/wp-content\/uploads\/2024\/09\/Cartel-Club-de-Lectura--768x1086.png 768w, https:\/\/somosdelprieto.com\/wp-content\/uploads\/2024\/09\/Cartel-Club-de-Lectura--1086x1536.png 1086w, https:\/\/somosdelprieto.com\/wp-content\/uploads\/2024\/09\/Cartel-Club-de-Lectura--1448x2048.png 1448w, https:\/\/somosdelprieto.com\/wp-content\/uploads\/2024\/09\/Cartel-Club-de-Lectura-.png 1587w\" sizes=\"auto, (max-width: 724px) 100vw, 724px\" \/><\/figure>\n\n\n\n<p><\/p>\n","protected":false},"excerpt":{"rendered":"<p>El pr\u00f3ximo mes de octubre pondremos en marcha el Club de Lectura. Est\u00e1 abierto a todo el profesorado, a padres y madres, alumnado en general, tambi\u00e9n a antiguos alumnos\/as y profesores que quieran compartir la experiencia lectora y tratar temas que surjan de la misma. Nos reuniremos el \u00faltimo jueves de cada mes a las &hellip; <\/p>\n<p class=\"link-more\"><a href=\"https:\/\/somosdelprieto.com\/index.php\/2024\/09\/28\/club-de-lectura-gregorio-prieto\/\" class=\"more-link\">Continuar leyendo<span class=\"screen-reader-text\"> \u00abCLUB DE LECTURA GREGORIO PRIETO\u00bb<\/span><\/a><\/p>\n","protected":false},"author":34,"featured_media":19458,"comment_status":"closed","ping_status":"closed","sticky":false,"template":"","format":"standard","meta":{"footnotes":""},"categories":[243,37,1],"tags":[240,382,239,115],"class_list":["post-19455","post","type-post","status-publish","format-standard","has-post-thumbnail","hentry","category-biblioteca","category-lengua-y-literatura","category-noticias","tag-biblioteca","tag-club-de-lectura","tag-lengua-y-literatura","tag-noticias"],"_links":{"self":[{"href":"https:\/\/somosdelprieto.com\/index.php\/wp-json\/wp\/v2\/posts\/19455","targetHints":{"allow":["GET"]}}],"collection":[{"href":"https:\/\/somosdelprieto.com\/index.php\/wp-json\/wp\/v2\/posts"}],"about":[{"href":"https:\/\/somosdelprieto.com\/index.php\/wp-json\/wp\/v2\/types\/post"}],"author":[{"embeddable":true,"href":"https:\/\/somosdelprieto.com\/index.php\/wp-json\/wp\/v2\/users\/34"}],"replies":[{"embeddable":true,"href":"https:\/\/somosdelprieto.com\/index.php\/wp-json\/wp\/v2\/comments?post=19455"}],"version-history":[{"count":6,"href":"https:\/\/somosdelprieto.com\/index.php\/wp-json\/wp\/v2\/posts\/19455\/revisions"}],"predecessor-version":[{"id":19467,"href":"https:\/\/somosdelprieto.com\/index.php\/wp-json\/wp\/v2\/posts\/19455\/revisions\/19467"}],"wp:featuredmedia":[{"embeddable":true,"href":"https:\/\/somosdelprieto.com\/index.php\/wp-json\/wp\/v2\/media\/19458"}],"wp:attachment":[{"href":"https:\/\/somosdelprieto.com\/index.php\/wp-json\/wp\/v2\/media?parent=19455"}],"wp:term":[{"taxonomy":"category","embeddable":true,"href":"https:\/\/somosdelprieto.com\/index.php\/wp-json\/wp\/v2\/categories?post=19455"},{"taxonomy":"post_tag","embeddable":true,"href":"https:\/\/somosdelprieto.com\/index.php\/wp-json\/wp\/v2\/tags?post=19455"}],"curies":[{"name":"wp","href":"https:\/\/api.w.org\/{rel}","templated":true}]}}