{"id":19380,"date":"2024-09-20T08:00:00","date_gmt":"2024-09-20T06:00:00","guid":{"rendered":"https:\/\/somosdelprieto.com\/?p=19380"},"modified":"2025-09-16T10:12:32","modified_gmt":"2025-09-16T08:12:32","slug":"matriculacion-en-ciclos-formativos-de-grado-medio-y-grado-superior-plazo-extraordinario","status":"publish","type":"post","link":"https:\/\/somosdelprieto.com\/index.php\/2024\/09\/20\/matriculacion-en-ciclos-formativos-de-grado-medio-y-grado-superior-plazo-extraordinario\/","title":{"rendered":"ADMISI\u00d3N Y MATRICULACI\u00d3N EN CICLOS FORMATIVOS DE GRADO MEDIO Y GRADO SUPERIOR. PLAZO EXTRAORDINARIO."},"content":{"rendered":"\n<h2 class=\"wp-block-heading\"><\/h2>\n\n\n\n<p>Los alumnos y alumnas que hayan sido admitidos en alg\u00fan Ciclo Formativo de Grado Medio o Grado Superior el d\u00eda 16 de septiembre\u00a0<strong>deber\u00e1n formalizar la matr\u00edcula entre el 17 y el 19 de septiembre.<\/strong><\/p>\n\n\n\n<p>Esta matr\u00edcula se har\u00e1 preferentemente a trav\u00e9s de la Secretar\u00eda Virtual de la plataforma <a href=\"https:\/\/cerbero.jccm.es\/auth\/realms\/educacion\/protocol\/openid-connect\/auth?client_id=edu-educamos-fo&amp;redirect_uri=https%3A%2F%2Feducamosclm.castillalamancha.es%2Faccesoeducamos%2F&amp;state=a84be7c3-a66d-4666-8112-03c8ed57e408&amp;response_mode=fragment&amp;response_type=code&amp;scope=openid\" data-type=\"link\" data-id=\"https:\/\/cerbero.jccm.es\/auth\/realms\/educacion\/protocol\/openid-connect\/auth?client_id=edu-educamos-fo&amp;redirect_uri=https%3A%2F%2Feducamosclm.castillalamancha.es%2Faccesoeducamos%2F&amp;state=a84be7c3-a66d-4666-8112-03c8ed57e408&amp;response_mode=fragment&amp;response_type=code&amp;scope=openid\">EducamosCLM<\/a>.<\/p>\n\n\n\n<p>Para m\u00e1s informaci\u00f3n:<\/p>\n\n\n\n<p><a href=\"https:\/\/www.educa.jccm.es\/es\/admision\/admision-formacion-profesional\/admision-ciclos-formativos-grado-medio-grado-superior-regim\">https:\/\/www.educa.jccm.es\/es\/admision\/admision-formacion-profesional\/admision-ciclos-formativos-grado-medio-grado-superior-regim<\/a><\/p>\n\n\n\n<figure class=\"wp-block-embed is-type-wp-embed is-provider-ies-gregorio-prieto wp-block-embed-ies-gregorio-prieto\"><div class=\"wp-block-embed__wrapper\">\n<blockquote class=\"wp-embedded-content\" data-secret=\"MmzmZZ11n6\"><a href=\"https:\/\/somosdelprieto.com\/index.php\/secretaria\/ciclo-formativo-grado-medio\/\">Ciclos Formativos Grado Medio<\/a><\/blockquote><iframe loading=\"lazy\" class=\"wp-embedded-content\" sandbox=\"allow-scripts\" security=\"restricted\" style=\"position: absolute; visibility: hidden;\" title=\"\u00abCiclos Formativos Grado Medio\u00bb \u2014 IES Gregorio Prieto\" src=\"https:\/\/somosdelprieto.com\/index.php\/secretaria\/ciclo-formativo-grado-medio\/embed\/#?secret=Z4sVjWbPQi#?secret=MmzmZZ11n6\" data-secret=\"MmzmZZ11n6\" width=\"525\" height=\"296\" frameborder=\"0\" marginwidth=\"0\" marginheight=\"0\" scrolling=\"no\"><\/iframe>\n<\/div><\/figure>\n\n\n\n<figure class=\"wp-block-embed is-type-wp-embed is-provider-ies-gregorio-prieto wp-block-embed-ies-gregorio-prieto\"><div class=\"wp-block-embed__wrapper\">\n<blockquote class=\"wp-embedded-content\" data-secret=\"kpEPR5l61M\"><a href=\"https:\/\/somosdelprieto.com\/index.php\/secretaria\/ciclo-formativo-grado-superior\/\">Ciclos Formativos Grado Superior<\/a><\/blockquote><iframe loading=\"lazy\" class=\"wp-embedded-content\" sandbox=\"allow-scripts\" security=\"restricted\" style=\"position: absolute; visibility: hidden;\" title=\"\u00abCiclos Formativos Grado Superior\u00bb \u2014 IES Gregorio Prieto\" src=\"https:\/\/somosdelprieto.com\/index.php\/secretaria\/ciclo-formativo-grado-superior\/embed\/#?secret=7iS3q5YDag#?secret=kpEPR5l61M\" data-secret=\"kpEPR5l61M\" width=\"525\" height=\"296\" frameborder=\"0\" marginwidth=\"0\" marginheight=\"0\" scrolling=\"no\"><\/iframe>\n<\/div><\/figure>\n","protected":false},"excerpt":{"rendered":"<p>Los alumnos y alumnas que hayan sido admitidos en alg\u00fan Ciclo Formativo de Grado Medio o Grado Superior el d\u00eda 16 de septiembre\u00a0deber\u00e1n formalizar la matr\u00edcula entre el 17 y el 19 de septiembre. Esta matr\u00edcula se har\u00e1 preferentemente a trav\u00e9s de la Secretar\u00eda Virtual de la plataforma EducamosCLM. Para m\u00e1s informaci\u00f3n: https:\/\/www.educa.jccm.es\/es\/admision\/admision-formacion-profesional\/admision-ciclos-formativos-grado-medio-grado-superior-regim<\/p>\n","protected":false},"author":53,"featured_media":19377,"comment_status":"closed","ping_status":"closed","sticky":false,"template":"","format":"standard","meta":{"footnotes":""},"categories":[211,1,47],"tags":[],"class_list":["post-19380","post","type-post","status-publish","format-standard","has-post-thumbnail","hentry","category-admision","category-noticias","category-secretaria"],"_links":{"self":[{"href":"https:\/\/somosdelprieto.com\/index.php\/wp-json\/wp\/v2\/posts\/19380","targetHints":{"allow":["GET"]}}],"collection":[{"href":"https:\/\/somosdelprieto.com\/index.php\/wp-json\/wp\/v2\/posts"}],"about":[{"href":"https:\/\/somosdelprieto.com\/index.php\/wp-json\/wp\/v2\/types\/post"}],"author":[{"embeddable":true,"href":"https:\/\/somosdelprieto.com\/index.php\/wp-json\/wp\/v2\/users\/53"}],"replies":[{"embeddable":true,"href":"https:\/\/somosdelprieto.com\/index.php\/wp-json\/wp\/v2\/comments?post=19380"}],"version-history":[{"count":4,"href":"https:\/\/somosdelprieto.com\/index.php\/wp-json\/wp\/v2\/posts\/19380\/revisions"}],"predecessor-version":[{"id":22184,"href":"https:\/\/somosdelprieto.com\/index.php\/wp-json\/wp\/v2\/posts\/19380\/revisions\/22184"}],"wp:featuredmedia":[{"embeddable":true,"href":"https:\/\/somosdelprieto.com\/index.php\/wp-json\/wp\/v2\/media\/19377"}],"wp:attachment":[{"href":"https:\/\/somosdelprieto.com\/index.php\/wp-json\/wp\/v2\/media?parent=19380"}],"wp:term":[{"taxonomy":"category","embeddable":true,"href":"https:\/\/somosdelprieto.com\/index.php\/wp-json\/wp\/v2\/categories?post=19380"},{"taxonomy":"post_tag","embeddable":true,"href":"https:\/\/somosdelprieto.com\/index.php\/wp-json\/wp\/v2\/tags?post=19380"}],"curies":[{"name":"wp","href":"https:\/\/api.w.org\/{rel}","templated":true}]}}