{"id":19162,"date":"2024-07-30T18:17:13","date_gmt":"2024-07-30T16:17:13","guid":{"rendered":"https:\/\/somosdelprieto.com\/?p=19162"},"modified":"2024-07-30T18:17:14","modified_gmt":"2024-07-30T16:17:14","slug":"resolucion-provisional-de-la-convocatoria-de-ayudas-de-libros-de-texto-y-comedor-escolar-curso-2024-2025","status":"publish","type":"post","link":"https:\/\/somosdelprieto.com\/index.php\/2024\/07\/30\/resolucion-provisional-de-la-convocatoria-de-ayudas-de-libros-de-texto-y-comedor-escolar-curso-2024-2025\/","title":{"rendered":"Resoluci\u00f3n Provisional\u00a0de la convocatoria de\u00a0ayudas de libros de texto y comedor escolar curso\u00a02024\/2025."},"content":{"rendered":"\n<p id=\"ext-gen655\">Ayer se public\u00f3 la Propuesta de\u00a0<strong>Resoluci\u00f3n Provisiona<\/strong><strong>l<\/strong>\u00a0de la convocatoria de\u00a0<strong>ayudas de libros de texto y comedor escolar curso\u00a0<em>2024\/2025.<\/em><\/strong><\/p>\n\n\n\n<p><strong>Pueden ver la publicaci\u00f3n&nbsp;<\/strong>&nbsp;a trav\u00e9s de&nbsp;<a target=\"_blank\" href=\"https:\/\/www.educa.jccm.es\/alumnado\/es\/servicios-educativos\/materiales-curriculares\/convocatoria-ayudas-materiales-curriculares\/convocatoria-ayudas-comedores-escolares-libros-texto-curso-1\/propuesta-resolucion-provisional-convocatoria-ayudas-comedo\" rel=\"noreferrer noopener\">Propuesta de resoluci\u00f3n provisional de la Convocatoria de Ayudas de Comedores Escolares y Libros de Texto (Periodo Ordinario). Curso 2024\/25 | Alumnado | Portal de Educaci\u00f3n de la Junta de Comunidades de Castilla &#8211; La Mancha (jccm.es)<\/a><\/p>\n\n\n\n<p><strong>Seguimiento de la Solicitud:<\/strong><\/p>\n\n\n\n<p><strong>FAMILIAS:\u00a0<\/strong>la informaci\u00f3n del proceso se realizar\u00e1 de forma individualizada en la\u00a0<a href=\"https:\/\/educamosclm.castillalamancha.es\/\" target=\"_blank\" rel=\"noreferrer noopener\"><strong>Secretar\u00eda Virtual de<\/strong>\u00a0<strong>\u00a0EducamosCLM<\/strong><\/a>, con la opci\u00f3n:\u00a0<em>C\u00d3MO VAN MIS TR\u00c1MITES > Becas y Ayudas<\/em>O desde men\u00fa lateral \u201cMis tr\u00e1mites\u201d > \u201cMis solicitudes\u201d > \u201cMis solicitudes\u201d, donde aparecer\u00e1 la solicitud que se realiz\u00f3 en su momento y al hacer clic sobre ella aparecer\u00e1 la opci\u00f3n \u201cDatos de la solicitud\u201d, que mostrar\u00e1 la informaci\u00f3n del seguimiento.<\/p>\n\n\n\n<p>El plazo de reclamaciones permanecer\u00e1 &nbsp;<strong>abierto del 30 julio hasta el 12 de agosto ambos incluidos.<\/strong><strong><\/strong><\/p>\n\n\n\n<p>En el enlace anterior se pueden descargar dos documentos muy \u00fatiles si se quiere presentar una reclamaci\u00f3n:  \u201cGu\u00eda de presentaci\u00f3n de alegaciones\u201d y los \u201cNiveles perceptores de renta\u201d.<\/p>\n","protected":false},"excerpt":{"rendered":"<p>Ayer se public\u00f3 la Propuesta de\u00a0Resoluci\u00f3n Provisional\u00a0de la convocatoria de\u00a0ayudas de libros de texto y comedor escolar curso\u00a02024\/2025. Pueden ver la publicaci\u00f3n&nbsp;&nbsp;a trav\u00e9s de&nbsp;Propuesta de resoluci\u00f3n provisional de la Convocatoria de Ayudas de Comedores Escolares y Libros de Texto (Periodo Ordinario). Curso 2024\/25 | Alumnado | Portal de Educaci\u00f3n de la Junta de Comunidades de &hellip; <\/p>\n<p class=\"link-more\"><a href=\"https:\/\/somosdelprieto.com\/index.php\/2024\/07\/30\/resolucion-provisional-de-la-convocatoria-de-ayudas-de-libros-de-texto-y-comedor-escolar-curso-2024-2025\/\" class=\"more-link\">Continuar leyendo<span class=\"screen-reader-text\"> \u00abResoluci\u00f3n Provisional\u00a0de la convocatoria de\u00a0ayudas de libros de texto y comedor escolar curso\u00a02024\/2025.\u00bb<\/span><\/a><\/p>\n","protected":false},"author":4,"featured_media":19165,"comment_status":"closed","ping_status":"closed","sticky":false,"template":"","format":"standard","meta":{"footnotes":""},"categories":[268,1],"tags":[180],"class_list":["post-19162","post","type-post","status-publish","format-standard","has-post-thumbnail","hentry","category-gratuidad","category-noticias","tag-gratuidad"],"_links":{"self":[{"href":"https:\/\/somosdelprieto.com\/index.php\/wp-json\/wp\/v2\/posts\/19162","targetHints":{"allow":["GET"]}}],"collection":[{"href":"https:\/\/somosdelprieto.com\/index.php\/wp-json\/wp\/v2\/posts"}],"about":[{"href":"https:\/\/somosdelprieto.com\/index.php\/wp-json\/wp\/v2\/types\/post"}],"author":[{"embeddable":true,"href":"https:\/\/somosdelprieto.com\/index.php\/wp-json\/wp\/v2\/users\/4"}],"replies":[{"embeddable":true,"href":"https:\/\/somosdelprieto.com\/index.php\/wp-json\/wp\/v2\/comments?post=19162"}],"version-history":[{"count":1,"href":"https:\/\/somosdelprieto.com\/index.php\/wp-json\/wp\/v2\/posts\/19162\/revisions"}],"predecessor-version":[{"id":19166,"href":"https:\/\/somosdelprieto.com\/index.php\/wp-json\/wp\/v2\/posts\/19162\/revisions\/19166"}],"wp:featuredmedia":[{"embeddable":true,"href":"https:\/\/somosdelprieto.com\/index.php\/wp-json\/wp\/v2\/media\/19165"}],"wp:attachment":[{"href":"https:\/\/somosdelprieto.com\/index.php\/wp-json\/wp\/v2\/media?parent=19162"}],"wp:term":[{"taxonomy":"category","embeddable":true,"href":"https:\/\/somosdelprieto.com\/index.php\/wp-json\/wp\/v2\/categories?post=19162"},{"taxonomy":"post_tag","embeddable":true,"href":"https:\/\/somosdelprieto.com\/index.php\/wp-json\/wp\/v2\/tags?post=19162"}],"curies":[{"name":"wp","href":"https:\/\/api.w.org\/{rel}","templated":true}]}}