{"id":19156,"date":"2024-06-28T11:16:53","date_gmt":"2024-06-28T09:16:53","guid":{"rendered":"https:\/\/somosdelprieto.com\/?p=19156"},"modified":"2024-06-28T11:16:54","modified_gmt":"2024-06-28T09:16:54","slug":"comunicado-el-alumnado-de-1o-eso-abandona-en-el-curso-2024-2025-el-proyecto-centro-digital-y-utilizara-libros","status":"publish","type":"post","link":"https:\/\/somosdelprieto.com\/index.php\/2024\/06\/28\/comunicado-el-alumnado-de-1o-eso-abandona-en-el-curso-2024-2025-el-proyecto-centro-digital-y-utilizara-libros\/","title":{"rendered":"COMUNICADO: EL ALUMNADO DE 1\u00ba ESO ABANDONA EN EL CURSO 2024-2025 EL PROYECTO CENTRO DIGITAL Y UTILIZAR\u00c1 LIBROS"},"content":{"rendered":"\n<p>Acabamos de informar a la CCP y vamos a comunicar oficialmente a la Consejer\u00eda de Educaci\u00f3n nuestra intenci\u00f3n\u00a0de NO incorporar a 1\u00ba de ESO al proyecto de centro digital para el curso 2024-2025<strong>. Por lo tanto, habr\u00e1 libros en 1\u00ba ESO y las familias se podr\u00e1n acoger al banco de libros. <\/strong><\/p>\n\n\n\n<p>Por lo tanto, instamos a las familias a que acepten las condiciones del banco de libros y a que hagan la entrega de los libros en sus colegios (o abonen la compensaci\u00f3n correspondiente).<\/p>\n\n\n\n<p>Pr\u00f3ximamente informaremos de c\u00f3mo queda la situaci\u00f3n en 2\u00ba, 3\u00ba y 4\u00ba ESO.<\/p>\n","protected":false},"excerpt":{"rendered":"<p>Acabamos de informar a la CCP y vamos a comunicar oficialmente a la Consejer\u00eda de Educaci\u00f3n nuestra intenci\u00f3n\u00a0de NO incorporar a 1\u00ba de ESO al proyecto de centro digital para el curso 2024-2025. Por lo tanto, habr\u00e1 libros en 1\u00ba ESO y las familias se podr\u00e1n acoger al banco de libros. Por lo tanto, instamos &hellip; <\/p>\n<p class=\"link-more\"><a href=\"https:\/\/somosdelprieto.com\/index.php\/2024\/06\/28\/comunicado-el-alumnado-de-1o-eso-abandona-en-el-curso-2024-2025-el-proyecto-centro-digital-y-utilizara-libros\/\" class=\"more-link\">Continuar leyendo<span class=\"screen-reader-text\"> \u00abCOMUNICADO: EL ALUMNADO DE 1\u00ba ESO ABANDONA EN EL CURSO 2024-2025 EL PROYECTO CENTRO DIGITAL Y UTILIZAR\u00c1 LIBROS\u00bb<\/span><\/a><\/p>\n","protected":false},"author":4,"featured_media":13478,"comment_status":"closed","ping_status":"closed","sticky":false,"template":"","format":"standard","meta":{"footnotes":""},"categories":[380,121,1],"tags":[381],"class_list":["post-19156","post","type-post","status-publish","format-standard","has-post-thumbnail","hentry","category-banco-de-libros","category-carmenta","category-noticias","tag-banco-de-libros"],"_links":{"self":[{"href":"https:\/\/somosdelprieto.com\/index.php\/wp-json\/wp\/v2\/posts\/19156","targetHints":{"allow":["GET"]}}],"collection":[{"href":"https:\/\/somosdelprieto.com\/index.php\/wp-json\/wp\/v2\/posts"}],"about":[{"href":"https:\/\/somosdelprieto.com\/index.php\/wp-json\/wp\/v2\/types\/post"}],"author":[{"embeddable":true,"href":"https:\/\/somosdelprieto.com\/index.php\/wp-json\/wp\/v2\/users\/4"}],"replies":[{"embeddable":true,"href":"https:\/\/somosdelprieto.com\/index.php\/wp-json\/wp\/v2\/comments?post=19156"}],"version-history":[{"count":1,"href":"https:\/\/somosdelprieto.com\/index.php\/wp-json\/wp\/v2\/posts\/19156\/revisions"}],"predecessor-version":[{"id":19157,"href":"https:\/\/somosdelprieto.com\/index.php\/wp-json\/wp\/v2\/posts\/19156\/revisions\/19157"}],"wp:featuredmedia":[{"embeddable":true,"href":"https:\/\/somosdelprieto.com\/index.php\/wp-json\/wp\/v2\/media\/13478"}],"wp:attachment":[{"href":"https:\/\/somosdelprieto.com\/index.php\/wp-json\/wp\/v2\/media?parent=19156"}],"wp:term":[{"taxonomy":"category","embeddable":true,"href":"https:\/\/somosdelprieto.com\/index.php\/wp-json\/wp\/v2\/categories?post=19156"},{"taxonomy":"post_tag","embeddable":true,"href":"https:\/\/somosdelprieto.com\/index.php\/wp-json\/wp\/v2\/tags?post=19156"}],"curies":[{"name":"wp","href":"https:\/\/api.w.org\/{rel}","templated":true}]}}