{"id":19140,"date":"2024-06-26T12:54:27","date_gmt":"2024-06-26T10:54:27","guid":{"rendered":"https:\/\/somosdelprieto.com\/?p=19140"},"modified":"2024-06-26T12:54:28","modified_gmt":"2024-06-26T10:54:28","slug":"estancias-formativas-del-profesorado-en-empresas-centros-de-fp-y-centros-de-excelencia","status":"publish","type":"post","link":"https:\/\/somosdelprieto.com\/index.php\/2024\/06\/26\/estancias-formativas-del-profesorado-en-empresas-centros-de-fp-y-centros-de-excelencia\/","title":{"rendered":"ESTANCIAS FORMATIVAS del profesorado en empresas, centros de FP y centros de excelencia."},"content":{"rendered":"\n<p>La Consejer\u00eda de Educaci\u00f3n, Cultura y Deportes ha convocado la realizaci\u00f3n de <strong>estancias formativas destinadas al profesorado de formaci\u00f3n profesional<\/strong> en <strong>empresas, centros de FP y centros de excelencia.<\/strong><\/p>\n\n\n\n<p>Las finalidades de esta convocatoria son varias, pero b\u00e1sicamente todas giran en torno a reforzar la colaboraci\u00f3n entre los distintos centros de Formaci\u00f3n Profesional, centros de excelencia y las empresas (EN TERRITORIO ESPA\u00d1OL).\u00a0<\/p>\n\n\n\n<p>El periodo de realizaci\u00f3n de las estancias ser\u00e1 desde la resoluci\u00f3n de la concesi\u00f3n <strong>hasta el 15 de diciembre de 2024<\/strong>. Nunca durante el mes de agosto.<\/p>\n\n\n\n<p>Esta convocatoria est\u00e1 destinada al profesorado en activo con atribuci\u00f3n docente en las ense\u00f1anzas de Formaci\u00f3n Profesional que en el momento de realizar la estancia formativa se encuentren impartiendo docencia en ciclos formativos de Formaci\u00f3n Profesional o cursos de especializaci\u00f3n de Formaci\u00f3n Profesional.<\/p>\n\n\n\n<p>Consulta todos los detalles de la convocatoria aqu\u00ed:<\/p>\n\n\n\n<p><a href=\"https:\/\/www.educa.jccm.es\/fr\/formaprofp\/estancias-formativas-profesorado-empresas-centros-fp-centro\">https:\/\/www.educa.jccm.es\/fr\/formaprofp\/estancias-formativas-profesorado-empresas-centros-fp-centro<\/a><\/p>\n\n\n\n<figure class=\"wp-block-image size-full is-style-default\"><img loading=\"lazy\" decoding=\"async\" width=\"972\" height=\"142\" src=\"https:\/\/somosdelprieto.com\/wp-content\/uploads\/2024\/06\/imagen.png\" alt=\"\" class=\"wp-image-19141\" srcset=\"https:\/\/somosdelprieto.com\/wp-content\/uploads\/2024\/06\/imagen.png 972w, https:\/\/somosdelprieto.com\/wp-content\/uploads\/2024\/06\/imagen-300x44.png 300w, https:\/\/somosdelprieto.com\/wp-content\/uploads\/2024\/06\/imagen-768x112.png 768w\" sizes=\"auto, (max-width: 767px) 89vw, (max-width: 1000px) 54vw, (max-width: 1071px) 543px, 580px\" \/><\/figure>\n","protected":false},"excerpt":{"rendered":"<p>La Consejer\u00eda de Educaci\u00f3n, Cultura y Deportes ha convocado la realizaci\u00f3n de estancias formativas destinadas al profesorado de formaci\u00f3n profesional en empresas, centros de FP y centros de excelencia. Las finalidades de esta convocatoria son varias, pero b\u00e1sicamente todas giran en torno a reforzar la colaboraci\u00f3n entre los distintos centros de Formaci\u00f3n Profesional, centros de &hellip; <\/p>\n<p class=\"link-more\"><a href=\"https:\/\/somosdelprieto.com\/index.php\/2024\/06\/26\/estancias-formativas-del-profesorado-en-empresas-centros-de-fp-y-centros-de-excelencia\/\" class=\"more-link\">Continuar leyendo<span class=\"screen-reader-text\"> \u00abESTANCIAS FORMATIVAS del profesorado en empresas, centros de FP y centros de excelencia.\u00bb<\/span><\/a><\/p>\n","protected":false},"author":64,"featured_media":19142,"comment_status":"closed","ping_status":"closed","sticky":false,"template":"","format":"standard","meta":{"footnotes":""},"categories":[1],"tags":[],"class_list":["post-19140","post","type-post","status-publish","format-standard","has-post-thumbnail","hentry","category-noticias"],"_links":{"self":[{"href":"https:\/\/somosdelprieto.com\/index.php\/wp-json\/wp\/v2\/posts\/19140","targetHints":{"allow":["GET"]}}],"collection":[{"href":"https:\/\/somosdelprieto.com\/index.php\/wp-json\/wp\/v2\/posts"}],"about":[{"href":"https:\/\/somosdelprieto.com\/index.php\/wp-json\/wp\/v2\/types\/post"}],"author":[{"embeddable":true,"href":"https:\/\/somosdelprieto.com\/index.php\/wp-json\/wp\/v2\/users\/64"}],"replies":[{"embeddable":true,"href":"https:\/\/somosdelprieto.com\/index.php\/wp-json\/wp\/v2\/comments?post=19140"}],"version-history":[{"count":1,"href":"https:\/\/somosdelprieto.com\/index.php\/wp-json\/wp\/v2\/posts\/19140\/revisions"}],"predecessor-version":[{"id":19143,"href":"https:\/\/somosdelprieto.com\/index.php\/wp-json\/wp\/v2\/posts\/19140\/revisions\/19143"}],"wp:featuredmedia":[{"embeddable":true,"href":"https:\/\/somosdelprieto.com\/index.php\/wp-json\/wp\/v2\/media\/19142"}],"wp:attachment":[{"href":"https:\/\/somosdelprieto.com\/index.php\/wp-json\/wp\/v2\/media?parent=19140"}],"wp:term":[{"taxonomy":"category","embeddable":true,"href":"https:\/\/somosdelprieto.com\/index.php\/wp-json\/wp\/v2\/categories?post=19140"},{"taxonomy":"post_tag","embeddable":true,"href":"https:\/\/somosdelprieto.com\/index.php\/wp-json\/wp\/v2\/tags?post=19140"}],"curies":[{"name":"wp","href":"https:\/\/api.w.org\/{rel}","templated":true}]}}