{"id":18913,"date":"2024-06-19T23:03:41","date_gmt":"2024-06-19T21:03:41","guid":{"rendered":"https:\/\/somosdelprieto.com\/?p=18913"},"modified":"2024-06-19T23:03:41","modified_gmt":"2024-06-19T21:03:41","slug":"excursion-fin-de-curso-del-alumnado-del-programa-especifico-de-jardineria","status":"publish","type":"post","link":"https:\/\/somosdelprieto.com\/index.php\/2024\/06\/19\/excursion-fin-de-curso-del-alumnado-del-programa-especifico-de-jardineria\/","title":{"rendered":"EXCURSI\u00d3N FIN DE CURSO DEL ALUMNADO DEL PROGRAMA ESPEC\u00cdFICO DE JARDINER\u00cdA"},"content":{"rendered":"\n<p>El martes d\u00eda 18 celebramos la excursi\u00f3n de fin de curso con nuestro grupo de alumnos del Programa Espec\u00edfico de Formaci\u00f3n Profesional de Jardiner\u00eda. La actividad se desarroll\u00f3 en las Lagunas de Ruidera, concretamente en el complejo Entrelagos. Pasamos un d\u00eda de convivencia estupendo, disfrutando de actividades acu\u00e1ticas, juegos, etc. Sin duda un d\u00eda para repetir y recordar.<\/p>\n\n\n\n<figure class=\"wp-block-image size-large\"><img loading=\"lazy\" decoding=\"async\" width=\"1024\" height=\"576\" src=\"https:\/\/somosdelprieto.com\/wp-content\/uploads\/2024\/06\/IMG-20240618-WA0004-1024x576.jpg\" alt=\"\" class=\"wp-image-18915\" srcset=\"https:\/\/somosdelprieto.com\/wp-content\/uploads\/2024\/06\/IMG-20240618-WA0004-1024x576.jpg 1024w, https:\/\/somosdelprieto.com\/wp-content\/uploads\/2024\/06\/IMG-20240618-WA0004-300x169.jpg 300w, https:\/\/somosdelprieto.com\/wp-content\/uploads\/2024\/06\/IMG-20240618-WA0004-768x432.jpg 768w, https:\/\/somosdelprieto.com\/wp-content\/uploads\/2024\/06\/IMG-20240618-WA0004-1536x864.jpg 1536w, https:\/\/somosdelprieto.com\/wp-content\/uploads\/2024\/06\/IMG-20240618-WA0004.jpg 1599w\" sizes=\"auto, (max-width: 767px) 89vw, (max-width: 1000px) 54vw, (max-width: 1071px) 543px, 580px\" \/><\/figure>\n\n\n\n<figure class=\"wp-block-image size-large\"><img loading=\"lazy\" decoding=\"async\" width=\"1024\" height=\"768\" src=\"https:\/\/somosdelprieto.com\/wp-content\/uploads\/2024\/06\/IMG-20240618-WA0002-1024x768.jpg\" alt=\"\" class=\"wp-image-18916\" srcset=\"https:\/\/somosdelprieto.com\/wp-content\/uploads\/2024\/06\/IMG-20240618-WA0002-1024x768.jpg 1024w, https:\/\/somosdelprieto.com\/wp-content\/uploads\/2024\/06\/IMG-20240618-WA0002-300x225.jpg 300w, https:\/\/somosdelprieto.com\/wp-content\/uploads\/2024\/06\/IMG-20240618-WA0002-768x576.jpg 768w, https:\/\/somosdelprieto.com\/wp-content\/uploads\/2024\/06\/IMG-20240618-WA0002-1536x1152.jpg 1536w, https:\/\/somosdelprieto.com\/wp-content\/uploads\/2024\/06\/IMG-20240618-WA0002.jpg 2048w\" sizes=\"auto, (max-width: 767px) 89vw, (max-width: 1000px) 54vw, (max-width: 1071px) 543px, 580px\" \/><\/figure>\n\n\n\n<figure class=\"wp-block-image size-large\"><img loading=\"lazy\" decoding=\"async\" width=\"1024\" height=\"576\" src=\"https:\/\/somosdelprieto.com\/wp-content\/uploads\/2024\/06\/IMG-20240618-WA0009-1024x576.jpg\" alt=\"\" class=\"wp-image-18917\" srcset=\"https:\/\/somosdelprieto.com\/wp-content\/uploads\/2024\/06\/IMG-20240618-WA0009-1024x576.jpg 1024w, https:\/\/somosdelprieto.com\/wp-content\/uploads\/2024\/06\/IMG-20240618-WA0009-300x169.jpg 300w, https:\/\/somosdelprieto.com\/wp-content\/uploads\/2024\/06\/IMG-20240618-WA0009-768x432.jpg 768w, https:\/\/somosdelprieto.com\/wp-content\/uploads\/2024\/06\/IMG-20240618-WA0009-1536x864.jpg 1536w, https:\/\/somosdelprieto.com\/wp-content\/uploads\/2024\/06\/IMG-20240618-WA0009.jpg 1599w\" sizes=\"auto, (max-width: 767px) 89vw, (max-width: 1000px) 54vw, (max-width: 1071px) 543px, 580px\" \/><\/figure>\n\n\n\n<figure class=\"wp-block-image size-large\"><img loading=\"lazy\" decoding=\"async\" width=\"576\" height=\"1024\" src=\"https:\/\/somosdelprieto.com\/wp-content\/uploads\/2024\/06\/IMG-20240618-WA0003-576x1024.jpg\" alt=\"\" class=\"wp-image-18918\" srcset=\"https:\/\/somosdelprieto.com\/wp-content\/uploads\/2024\/06\/IMG-20240618-WA0003-576x1024.jpg 576w, https:\/\/somosdelprieto.com\/wp-content\/uploads\/2024\/06\/IMG-20240618-WA0003-169x300.jpg 169w, https:\/\/somosdelprieto.com\/wp-content\/uploads\/2024\/06\/IMG-20240618-WA0003-768x1366.jpg 768w, https:\/\/somosdelprieto.com\/wp-content\/uploads\/2024\/06\/IMG-20240618-WA0003-864x1536.jpg 864w, https:\/\/somosdelprieto.com\/wp-content\/uploads\/2024\/06\/IMG-20240618-WA0003.jpg 899w\" sizes=\"auto, (max-width: 576px) 100vw, 576px\" \/><\/figure>\n\n\n\n<figure class=\"wp-block-image size-large\"><img loading=\"lazy\" decoding=\"async\" width=\"1024\" height=\"768\" src=\"https:\/\/somosdelprieto.com\/wp-content\/uploads\/2024\/06\/IMG-20240618-WA0014-1024x768.jpg\" alt=\"\" class=\"wp-image-18919\" srcset=\"https:\/\/somosdelprieto.com\/wp-content\/uploads\/2024\/06\/IMG-20240618-WA0014-1024x768.jpg 1024w, https:\/\/somosdelprieto.com\/wp-content\/uploads\/2024\/06\/IMG-20240618-WA0014-300x225.jpg 300w, https:\/\/somosdelprieto.com\/wp-content\/uploads\/2024\/06\/IMG-20240618-WA0014-768x576.jpg 768w, https:\/\/somosdelprieto.com\/wp-content\/uploads\/2024\/06\/IMG-20240618-WA0014-1536x1152.jpg 1536w, https:\/\/somosdelprieto.com\/wp-content\/uploads\/2024\/06\/IMG-20240618-WA0014.jpg 2048w\" sizes=\"auto, (max-width: 767px) 89vw, (max-width: 1000px) 54vw, (max-width: 1071px) 543px, 580px\" \/><\/figure>\n\n\n\n<figure class=\"wp-block-image size-large\"><img loading=\"lazy\" decoding=\"async\" width=\"1024\" height=\"576\" src=\"https:\/\/somosdelprieto.com\/wp-content\/uploads\/2024\/06\/IMG-20240618-WA0012-1024x576.jpg\" alt=\"\" class=\"wp-image-18920\" srcset=\"https:\/\/somosdelprieto.com\/wp-content\/uploads\/2024\/06\/IMG-20240618-WA0012-1024x576.jpg 1024w, https:\/\/somosdelprieto.com\/wp-content\/uploads\/2024\/06\/IMG-20240618-WA0012-300x169.jpg 300w, https:\/\/somosdelprieto.com\/wp-content\/uploads\/2024\/06\/IMG-20240618-WA0012-768x432.jpg 768w, https:\/\/somosdelprieto.com\/wp-content\/uploads\/2024\/06\/IMG-20240618-WA0012-1536x864.jpg 1536w, https:\/\/somosdelprieto.com\/wp-content\/uploads\/2024\/06\/IMG-20240618-WA0012.jpg 1599w\" sizes=\"auto, (max-width: 767px) 89vw, (max-width: 1000px) 54vw, (max-width: 1071px) 543px, 580px\" \/><\/figure>\n\n\n\n<figure class=\"wp-block-image size-large\"><img loading=\"lazy\" decoding=\"async\" width=\"1024\" height=\"768\" src=\"https:\/\/somosdelprieto.com\/wp-content\/uploads\/2024\/06\/IMG-20240618-WA0015-1024x768.jpg\" alt=\"\" class=\"wp-image-18921\" srcset=\"https:\/\/somosdelprieto.com\/wp-content\/uploads\/2024\/06\/IMG-20240618-WA0015-1024x768.jpg 1024w, https:\/\/somosdelprieto.com\/wp-content\/uploads\/2024\/06\/IMG-20240618-WA0015-300x225.jpg 300w, https:\/\/somosdelprieto.com\/wp-content\/uploads\/2024\/06\/IMG-20240618-WA0015-768x576.jpg 768w, https:\/\/somosdelprieto.com\/wp-content\/uploads\/2024\/06\/IMG-20240618-WA0015-1536x1152.jpg 1536w, https:\/\/somosdelprieto.com\/wp-content\/uploads\/2024\/06\/IMG-20240618-WA0015.jpg 2048w\" sizes=\"auto, (max-width: 767px) 89vw, (max-width: 1000px) 54vw, (max-width: 1071px) 543px, 580px\" \/><\/figure>\n","protected":false},"excerpt":{"rendered":"<p>El martes d\u00eda 18 celebramos la excursi\u00f3n de fin de curso con nuestro grupo de alumnos del Programa Espec\u00edfico de Formaci\u00f3n Profesional de Jardiner\u00eda. La actividad se desarroll\u00f3 en las Lagunas de Ruidera, concretamente en el complejo Entrelagos. Pasamos un d\u00eda de convivencia estupendo, disfrutando de actividades acu\u00e1ticas, juegos, etc. Sin duda un d\u00eda para &hellip; <\/p>\n<p class=\"link-more\"><a href=\"https:\/\/somosdelprieto.com\/index.php\/2024\/06\/19\/excursion-fin-de-curso-del-alumnado-del-programa-especifico-de-jardineria\/\" class=\"more-link\">Continuar leyendo<span class=\"screen-reader-text\"> \u00abEXCURSI\u00d3N FIN DE CURSO DEL ALUMNADO DEL PROGRAMA ESPEC\u00cdFICO DE JARDINER\u00cdA\u00bb<\/span><\/a><\/p>\n","protected":false},"author":17,"featured_media":18914,"comment_status":"closed","ping_status":"closed","sticky":false,"template":"","format":"standard","meta":{"footnotes":""},"categories":[22,1],"tags":[156,378,377,301,115,329],"class_list":["post-18913","post","type-post","status-publish","format-standard","has-post-thumbnail","hentry","category-agraria","category-noticias","tag-agraria","tag-excursion-fin-de-curso","tag-fin-de-curso","tag-jardineria","tag-noticias","tag-programa-especifico-jardineria"],"_links":{"self":[{"href":"https:\/\/somosdelprieto.com\/index.php\/wp-json\/wp\/v2\/posts\/18913","targetHints":{"allow":["GET"]}}],"collection":[{"href":"https:\/\/somosdelprieto.com\/index.php\/wp-json\/wp\/v2\/posts"}],"about":[{"href":"https:\/\/somosdelprieto.com\/index.php\/wp-json\/wp\/v2\/types\/post"}],"author":[{"embeddable":true,"href":"https:\/\/somosdelprieto.com\/index.php\/wp-json\/wp\/v2\/users\/17"}],"replies":[{"embeddable":true,"href":"https:\/\/somosdelprieto.com\/index.php\/wp-json\/wp\/v2\/comments?post=18913"}],"version-history":[{"count":1,"href":"https:\/\/somosdelprieto.com\/index.php\/wp-json\/wp\/v2\/posts\/18913\/revisions"}],"predecessor-version":[{"id":18922,"href":"https:\/\/somosdelprieto.com\/index.php\/wp-json\/wp\/v2\/posts\/18913\/revisions\/18922"}],"wp:featuredmedia":[{"embeddable":true,"href":"https:\/\/somosdelprieto.com\/index.php\/wp-json\/wp\/v2\/media\/18914"}],"wp:attachment":[{"href":"https:\/\/somosdelprieto.com\/index.php\/wp-json\/wp\/v2\/media?parent=18913"}],"wp:term":[{"taxonomy":"category","embeddable":true,"href":"https:\/\/somosdelprieto.com\/index.php\/wp-json\/wp\/v2\/categories?post=18913"},{"taxonomy":"post_tag","embeddable":true,"href":"https:\/\/somosdelprieto.com\/index.php\/wp-json\/wp\/v2\/tags?post=18913"}],"curies":[{"name":"wp","href":"https:\/\/api.w.org\/{rel}","templated":true}]}}