{"id":1880,"date":"2020-11-07T11:39:36","date_gmt":"2020-11-07T10:39:36","guid":{"rendered":"https:\/\/somosdelprieto.com\/?p=1880"},"modified":"2020-11-28T14:09:22","modified_gmt":"2020-11-28T13:09:22","slug":"elecciones-al-consejo-escolar-2020","status":"publish","type":"post","link":"https:\/\/somosdelprieto.com\/index.php\/2020\/11\/07\/elecciones-al-consejo-escolar-2020\/","title":{"rendered":"ELECCIONES AL CONSEJO ESCOLAR 2020"},"content":{"rendered":"\n<p>Este mes de diciembre se celebran las elecciones al Consejo Escolar del IES Gregorio Prieto en las que hay que elegir a:<\/p>\n\n\n\n<ul class=\"wp-block-list\"><li>4 profesores\/as<\/li><li>1 padre\/madre\/tutor<\/li><li>3 alumnos\/alumnas<\/li><li>1 representante del personal de Administraci\u00f3n y Servicios.<\/li><\/ul>\n\n\n\n<!--more-->\n\n\n\n<p>Como sab\u00e9is, el Consejo Escolar es el \u00f3rgano de representaci\u00f3n de todos los sectores que forman parte de la Comunidad Educativa.<\/p>\n\n\n\n<p>A modo de recordatorio queremos informaros de algunas de las funciones m\u00e1s importantes de este \u00f3rgano de gobierno en los Institutos de Ense\u00f1anza Secundaria:<\/p>\n\n\n\n<ul class=\"wp-block-list\"><li>Eval\u00faa los proyectos y las normas del centro.<\/li><li>Eval\u00faa la programaci\u00f3n general anual del centro.<\/li><li>Conoce&nbsp; las candidaturas a la direcci\u00f3n y los proyectos de direcci\u00f3n presentados por los candidatos.<\/li><li>Participa en la selecci\u00f3n del director del centro.<\/li><li>Conoce la resoluci\u00f3n de conflictos disciplinarios y vela por que se atengan a la normativa vigente.<\/li><li>Propone&nbsp; medidas e iniciativas que favorezcan la convivencia en el centro, la igualdad entre hombres y mujeres, la igualdad de trato y la no discriminaci\u00f3n<\/li><li>&nbsp;Analiza y valora&nbsp; el funcionamiento general del centro.<\/li><\/ul>\n\n\n\n<p>Adem\u00e1s, es conveniente saber que el Consejo Escolar se re\u00fane como m\u00ednimo una vez al trimestre, adem\u00e1s de al principio de curso y al final de curso.<\/p>\n\n\n\n<p>Hasta el 12 de noviembre estar\u00e1 disponible en la Secretar\u00eda del centro y en el tabl\u00f3n de anuncios de EDUCAMOSCLM (M\u00d3DULO SEGUIMIENTO EDUCATIVO), el censo electoral en el que podr\u00e1n comprobar sus datos y corregirlos si es necesario.<\/p>\n\n\n\n<p>Si quer\u00e9is presentar vuestra candidatura, \u00e9sta es la informaci\u00f3n que deb\u00e9is conocer:<\/p>\n\n\n\n<p><strong>PER\u00cdODO DE PRESENTACI\u00d3N DE CANDIDATURAS: <\/strong>DEL 7 AL 19 DE NOVIEMBRE<\/p>\n\n\n\n<p><strong>MODO DE PRESENTACI\u00d3N: <\/strong>MEDIANTE SOLICITUD (EN ESTE <a href=\"https:\/\/drive.google.com\/drive\/folders\/15zCPr6-t4ZJIKR0W2wrQYjfsQs2E0oJw?usp=sharing\" target=\"_blank\" rel=\"noreferrer noopener\">ENLACE <\/a>OS LA POD\u00c9IS DESCARGAR) ENVIADA AL CORREO OFICIAL DEL CENTRO (13003336.ies@edu.jccm.es) Y DIRIGIDA A LA JUNTA ELECTORAL, MANIFESTANDO SU VOLUNTAD DE SER CANDIDATO\/A<\/p>\n\n\n\n<p><strong>JORNADA DE VOTACI\u00d3N: <\/strong>2 DE DICIEMBRE (EN HORARIO DE 9:00 A 15:00 HORAS).<\/p>\n\n\n\n<p>Os animamos a participar en este importante \u00f3rgano colegiado de gobierno de nuestro centro<\/p>\n","protected":false},"excerpt":{"rendered":"<p>Este mes de diciembre se celebran las elecciones al Consejo Escolar del IES Gregorio Prieto en las que hay que elegir a: 4 profesores\/as 1 padre\/madre\/tutor 3 alumnos\/alumnas 1 representante del personal de Administraci\u00f3n y Servicios.<\/p>\n","protected":false},"author":4,"featured_media":2172,"comment_status":"closed","ping_status":"closed","sticky":false,"template":"","format":"standard","meta":{"footnotes":""},"categories":[1],"tags":[],"class_list":["post-1880","post","type-post","status-publish","format-standard","has-post-thumbnail","hentry","category-noticias"],"_links":{"self":[{"href":"https:\/\/somosdelprieto.com\/index.php\/wp-json\/wp\/v2\/posts\/1880","targetHints":{"allow":["GET"]}}],"collection":[{"href":"https:\/\/somosdelprieto.com\/index.php\/wp-json\/wp\/v2\/posts"}],"about":[{"href":"https:\/\/somosdelprieto.com\/index.php\/wp-json\/wp\/v2\/types\/post"}],"author":[{"embeddable":true,"href":"https:\/\/somosdelprieto.com\/index.php\/wp-json\/wp\/v2\/users\/4"}],"replies":[{"embeddable":true,"href":"https:\/\/somosdelprieto.com\/index.php\/wp-json\/wp\/v2\/comments?post=1880"}],"version-history":[{"count":3,"href":"https:\/\/somosdelprieto.com\/index.php\/wp-json\/wp\/v2\/posts\/1880\/revisions"}],"predecessor-version":[{"id":2173,"href":"https:\/\/somosdelprieto.com\/index.php\/wp-json\/wp\/v2\/posts\/1880\/revisions\/2173"}],"wp:featuredmedia":[{"embeddable":true,"href":"https:\/\/somosdelprieto.com\/index.php\/wp-json\/wp\/v2\/media\/2172"}],"wp:attachment":[{"href":"https:\/\/somosdelprieto.com\/index.php\/wp-json\/wp\/v2\/media?parent=1880"}],"wp:term":[{"taxonomy":"category","embeddable":true,"href":"https:\/\/somosdelprieto.com\/index.php\/wp-json\/wp\/v2\/categories?post=1880"},{"taxonomy":"post_tag","embeddable":true,"href":"https:\/\/somosdelprieto.com\/index.php\/wp-json\/wp\/v2\/tags?post=1880"}],"curies":[{"name":"wp","href":"https:\/\/api.w.org\/{rel}","templated":true}]}}