{"id":18649,"date":"2024-06-05T14:18:29","date_gmt":"2024-06-05T12:18:29","guid":{"rendered":"https:\/\/somosdelprieto.com\/?p=18649"},"modified":"2024-06-05T14:19:43","modified_gmt":"2024-06-05T12:19:43","slug":"ya-se-puede-solicitar-la-admision-a-los-ciclos-formativos-de-grado-basico-medio-o-superior","status":"publish","type":"post","link":"https:\/\/somosdelprieto.com\/index.php\/2024\/06\/05\/ya-se-puede-solicitar-la-admision-a-los-ciclos-formativos-de-grado-basico-medio-o-superior\/","title":{"rendered":"YA SE PUEDE SOLICITAR LA ADMISI\u00d3N A LOS CICLOS FORMATIVOS DE GRADO B\u00c1SICO, MEDIO O SUPERIOR"},"content":{"rendered":"\n<p>A partir de, ma\u00f1ana, 6 de junio de 2024 y hasta el pr\u00f3ximo 27 de junio, ambos incluidos.<\/p>\n\n\n\n<p>Las solicitudes de admisi\u00f3n deben realizarse a trav\u00e9s de la plataforma de <a href=\"https:\/\/educamosclm.castillalamancha.es\/\" data-type=\"link\" data-id=\"https:\/\/educamosclm.castillalamancha.es\/\">EducamosCLM<\/a>.<\/p>\n\n\n\n<p>Para m\u00e1s informaci\u00f3n:<\/p>\n\n\n\n<figure class=\"wp-block-embed is-type-wp-embed is-provider-ies-gregorio-prieto wp-block-embed-ies-gregorio-prieto\"><div class=\"wp-block-embed__wrapper\">\n<blockquote class=\"wp-embedded-content\" data-secret=\"NF4KmW6srQ\"><a href=\"https:\/\/somosdelprieto.com\/index.php\/secretaria\/formacion-profesional-basica\/\">CICLOS FORMATIVOS DE GRADO B\u00c1SICO<\/a><\/blockquote><iframe loading=\"lazy\" class=\"wp-embedded-content\" sandbox=\"allow-scripts\" security=\"restricted\" style=\"position: absolute; visibility: hidden;\" title=\"\u00abCICLOS FORMATIVOS DE GRADO B\u00c1SICO\u00bb \u2014 IES Gregorio Prieto\" src=\"https:\/\/somosdelprieto.com\/index.php\/secretaria\/formacion-profesional-basica\/embed\/#?secret=3bqggl9ifK#?secret=NF4KmW6srQ\" data-secret=\"NF4KmW6srQ\" width=\"525\" height=\"296\" frameborder=\"0\" marginwidth=\"0\" marginheight=\"0\" scrolling=\"no\"><\/iframe>\n<\/div><\/figure>\n\n\n\n<figure class=\"wp-block-embed is-type-wp-embed is-provider-ies-gregorio-prieto wp-block-embed-ies-gregorio-prieto\"><div class=\"wp-block-embed__wrapper\">\n<blockquote class=\"wp-embedded-content\" data-secret=\"osSzTkyeoY\"><a href=\"https:\/\/somosdelprieto.com\/index.php\/secretaria\/ciclo-formativo-grado-medio\/\">Ciclos Formativos Grado Medio<\/a><\/blockquote><iframe loading=\"lazy\" class=\"wp-embedded-content\" sandbox=\"allow-scripts\" security=\"restricted\" style=\"position: absolute; visibility: hidden;\" title=\"\u00abCiclos Formativos Grado Medio\u00bb \u2014 IES Gregorio Prieto\" src=\"https:\/\/somosdelprieto.com\/index.php\/secretaria\/ciclo-formativo-grado-medio\/embed\/#?secret=laS3XTMPQP#?secret=osSzTkyeoY\" data-secret=\"osSzTkyeoY\" width=\"525\" height=\"296\" frameborder=\"0\" marginwidth=\"0\" marginheight=\"0\" scrolling=\"no\"><\/iframe>\n<\/div><\/figure>\n\n\n\n<figure class=\"wp-block-embed is-type-wp-embed is-provider-ies-gregorio-prieto wp-block-embed-ies-gregorio-prieto\"><div class=\"wp-block-embed__wrapper\">\n<blockquote class=\"wp-embedded-content\" data-secret=\"z1Jf8bFyu1\"><a href=\"https:\/\/somosdelprieto.com\/index.php\/secretaria\/ciclo-formativo-grado-superior\/\">Ciclos Formativos Grado Superior<\/a><\/blockquote><iframe loading=\"lazy\" class=\"wp-embedded-content\" sandbox=\"allow-scripts\" security=\"restricted\" style=\"position: absolute; visibility: hidden;\" title=\"\u00abCiclos Formativos Grado Superior\u00bb \u2014 IES Gregorio Prieto\" src=\"https:\/\/somosdelprieto.com\/index.php\/secretaria\/ciclo-formativo-grado-superior\/embed\/#?secret=kAMrLg9H5I#?secret=z1Jf8bFyu1\" data-secret=\"z1Jf8bFyu1\" width=\"525\" height=\"296\" frameborder=\"0\" marginwidth=\"0\" marginheight=\"0\" scrolling=\"no\"><\/iframe>\n<\/div><\/figure>\n","protected":false},"excerpt":{"rendered":"<p>A partir de, ma\u00f1ana, 6 de junio de 2024 y hasta el pr\u00f3ximo 27 de junio, ambos incluidos. Las solicitudes de admisi\u00f3n deben realizarse a trav\u00e9s de la plataforma de EducamosCLM. Para m\u00e1s informaci\u00f3n:<\/p>\n","protected":false},"author":53,"featured_media":18650,"comment_status":"closed","ping_status":"closed","sticky":false,"template":"","format":"standard","meta":{"footnotes":""},"categories":[320,1,47],"tags":[212,311,355,123,354],"class_list":["post-18649","post","type-post","status-publish","format-standard","has-post-thumbnail","hentry","category-admision-2","category-noticias","category-secretaria","tag-admision","tag-ciclos","tag-grado-basico","tag-grado-medio","tag-grado-superior"],"_links":{"self":[{"href":"https:\/\/somosdelprieto.com\/index.php\/wp-json\/wp\/v2\/posts\/18649","targetHints":{"allow":["GET"]}}],"collection":[{"href":"https:\/\/somosdelprieto.com\/index.php\/wp-json\/wp\/v2\/posts"}],"about":[{"href":"https:\/\/somosdelprieto.com\/index.php\/wp-json\/wp\/v2\/types\/post"}],"author":[{"embeddable":true,"href":"https:\/\/somosdelprieto.com\/index.php\/wp-json\/wp\/v2\/users\/53"}],"replies":[{"embeddable":true,"href":"https:\/\/somosdelprieto.com\/index.php\/wp-json\/wp\/v2\/comments?post=18649"}],"version-history":[{"count":2,"href":"https:\/\/somosdelprieto.com\/index.php\/wp-json\/wp\/v2\/posts\/18649\/revisions"}],"predecessor-version":[{"id":18652,"href":"https:\/\/somosdelprieto.com\/index.php\/wp-json\/wp\/v2\/posts\/18649\/revisions\/18652"}],"wp:featuredmedia":[{"embeddable":true,"href":"https:\/\/somosdelprieto.com\/index.php\/wp-json\/wp\/v2\/media\/18650"}],"wp:attachment":[{"href":"https:\/\/somosdelprieto.com\/index.php\/wp-json\/wp\/v2\/media?parent=18649"}],"wp:term":[{"taxonomy":"category","embeddable":true,"href":"https:\/\/somosdelprieto.com\/index.php\/wp-json\/wp\/v2\/categories?post=18649"},{"taxonomy":"post_tag","embeddable":true,"href":"https:\/\/somosdelprieto.com\/index.php\/wp-json\/wp\/v2\/tags?post=18649"}],"curies":[{"name":"wp","href":"https:\/\/api.w.org\/{rel}","templated":true}]}}