{"id":18589,"date":"2024-05-28T12:44:17","date_gmt":"2024-05-28T10:44:17","guid":{"rendered":"https:\/\/somosdelprieto.com\/?p=18589"},"modified":"2024-05-28T12:47:16","modified_gmt":"2024-05-28T10:47:16","slug":"calendario-examenes-junio-2023-24","status":"publish","type":"post","link":"https:\/\/somosdelprieto.com\/index.php\/2024\/05\/28\/calendario-examenes-junio-2023-24\/","title":{"rendered":"CALENDARIO EX\u00c1MENES JUNIO 2023-24"},"content":{"rendered":"\n<p>Pasamos a daros toda la informaci\u00f3n sobre el calendario de ex\u00e1menes para Bachillerato, Grado B\u00e1sico, Grado Medio y Grado Superior de Ciclos Formativos en el siguiente <a href=\"https:\/\/drive.google.com\/file\/d\/1p66ljSaXI7qjwTwvmd8aPI9b0SCmrD2_\/view?usp=drive_link\" data-type=\"link\" data-id=\"https:\/\/drive.google.com\/file\/d\/1p66ljSaXI7qjwTwvmd8aPI9b0SCmrD2_\/view?usp=drive_link\">ENLACE<\/a>.<\/p>\n","protected":false},"excerpt":{"rendered":"<p>Pasamos a daros toda la informaci\u00f3n sobre el calendario de ex\u00e1menes para Bachillerato, Grado B\u00e1sico, Grado Medio y Grado Superior de Ciclos Formativos en el siguiente ENLACE.<\/p>\n","protected":false},"author":5,"featured_media":0,"comment_status":"closed","ping_status":"closed","sticky":false,"template":"","format":"standard","meta":{"footnotes":""},"categories":[1],"tags":[],"class_list":["post-18589","post","type-post","status-publish","format-standard","hentry","category-noticias"],"_links":{"self":[{"href":"https:\/\/somosdelprieto.com\/index.php\/wp-json\/wp\/v2\/posts\/18589","targetHints":{"allow":["GET"]}}],"collection":[{"href":"https:\/\/somosdelprieto.com\/index.php\/wp-json\/wp\/v2\/posts"}],"about":[{"href":"https:\/\/somosdelprieto.com\/index.php\/wp-json\/wp\/v2\/types\/post"}],"author":[{"embeddable":true,"href":"https:\/\/somosdelprieto.com\/index.php\/wp-json\/wp\/v2\/users\/5"}],"replies":[{"embeddable":true,"href":"https:\/\/somosdelprieto.com\/index.php\/wp-json\/wp\/v2\/comments?post=18589"}],"version-history":[{"count":2,"href":"https:\/\/somosdelprieto.com\/index.php\/wp-json\/wp\/v2\/posts\/18589\/revisions"}],"predecessor-version":[{"id":18592,"href":"https:\/\/somosdelprieto.com\/index.php\/wp-json\/wp\/v2\/posts\/18589\/revisions\/18592"}],"wp:attachment":[{"href":"https:\/\/somosdelprieto.com\/index.php\/wp-json\/wp\/v2\/media?parent=18589"}],"wp:term":[{"taxonomy":"category","embeddable":true,"href":"https:\/\/somosdelprieto.com\/index.php\/wp-json\/wp\/v2\/categories?post=18589"},{"taxonomy":"post_tag","embeddable":true,"href":"https:\/\/somosdelprieto.com\/index.php\/wp-json\/wp\/v2\/tags?post=18589"}],"curies":[{"name":"wp","href":"https:\/\/api.w.org\/{rel}","templated":true}]}}