{"id":18515,"date":"2024-05-24T00:25:23","date_gmt":"2024-05-23T22:25:23","guid":{"rendered":"https:\/\/somosdelprieto.com\/?p=18515"},"modified":"2024-05-24T14:11:04","modified_gmt":"2024-05-24T12:11:04","slug":"huerto-escolar-en-el-colegio-jesus-baeza","status":"publish","type":"post","link":"https:\/\/somosdelprieto.com\/index.php\/2024\/05\/24\/huerto-escolar-en-el-colegio-jesus-baeza\/","title":{"rendered":"HUERTO ESCOLAR EN EL COLEGIO JES\u00daS BAEZA"},"content":{"rendered":"\n<p>El pasado lunes 20 de mayo, nuestro alumnado del Programa Espec\u00edfico de FP de Jardiner\u00eda, realizaron una actividad con los ni\u00f1os de las clases de 4 a\u00f1os del Colegio Jes\u00fas Baeza, en esta ocasi\u00f3n nuestros alumnos ejercieron como monitores ense\u00f1ando a los escolares a sembrar semillas y a trasplantar plantones en macetas para decorar el interior del colegio.<\/p>\n\n\n\n<figure class=\"wp-block-image size-large\"><img loading=\"lazy\" decoding=\"async\" width=\"1024\" height=\"768\" src=\"https:\/\/somosdelprieto.com\/wp-content\/uploads\/2024\/05\/20240520_130912-1024x768.jpg\" alt=\"\" class=\"wp-image-18516\" srcset=\"https:\/\/somosdelprieto.com\/wp-content\/uploads\/2024\/05\/20240520_130912-1024x768.jpg 1024w, https:\/\/somosdelprieto.com\/wp-content\/uploads\/2024\/05\/20240520_130912-300x225.jpg 300w, https:\/\/somosdelprieto.com\/wp-content\/uploads\/2024\/05\/20240520_130912-768x576.jpg 768w, https:\/\/somosdelprieto.com\/wp-content\/uploads\/2024\/05\/20240520_130912-1536x1152.jpg 1536w, https:\/\/somosdelprieto.com\/wp-content\/uploads\/2024\/05\/20240520_130912-2048x1536.jpg 2048w\" sizes=\"auto, (max-width: 767px) 89vw, (max-width: 1000px) 54vw, (max-width: 1071px) 543px, 580px\" \/><\/figure>\n\n\n\n<p>Esta actividad se encuadra dentro del proyecto de colaboraci\u00f3n \u00abHuertos escolares\u00bb, que se est\u00e1 llevando a cabo desde hace varios a\u00f1os, entre el alumnado de Programa Espec\u00edfico de FP de Jardiner\u00eda, y los colegios Jes\u00fas Baeza y Lu\u00eds Palacios. <\/p>\n\n\n\n<figure class=\"wp-block-image size-large\"><img loading=\"lazy\" decoding=\"async\" width=\"1024\" height=\"768\" src=\"https:\/\/somosdelprieto.com\/wp-content\/uploads\/2024\/05\/20240520_130159-1024x768.jpg\" alt=\"\" class=\"wp-image-18517\" srcset=\"https:\/\/somosdelprieto.com\/wp-content\/uploads\/2024\/05\/20240520_130159-1024x768.jpg 1024w, https:\/\/somosdelprieto.com\/wp-content\/uploads\/2024\/05\/20240520_130159-300x225.jpg 300w, https:\/\/somosdelprieto.com\/wp-content\/uploads\/2024\/05\/20240520_130159-768x576.jpg 768w, https:\/\/somosdelprieto.com\/wp-content\/uploads\/2024\/05\/20240520_130159-1536x1152.jpg 1536w, https:\/\/somosdelprieto.com\/wp-content\/uploads\/2024\/05\/20240520_130159-2048x1536.jpg 2048w\" sizes=\"auto, (max-width: 767px) 89vw, (max-width: 1000px) 54vw, (max-width: 1071px) 543px, 580px\" \/><\/figure>\n\n\n\n<p>Mediante estas actividades de colaboraci\u00f3n se favorece la estimulaci\u00f3n de las capacidades de nuestro alumnado para transmitir los conocimientos adquiridos en nuestro centro, as\u00ed como la interacci\u00f3n con ni\u00f1os y se consigue que los escolares tengan una visi\u00f3n normalizada y respeto hacia las personas con discapacidad, adem\u00e1s se nota que se lo pasan muy bien trabajando juntos.<\/p>\n\n\n\n<figure class=\"wp-block-image size-large\"><img loading=\"lazy\" decoding=\"async\" width=\"1024\" height=\"768\" src=\"https:\/\/somosdelprieto.com\/wp-content\/uploads\/2024\/05\/20240520_124334-1024x768.jpg\" alt=\"\" class=\"wp-image-18518\" srcset=\"https:\/\/somosdelprieto.com\/wp-content\/uploads\/2024\/05\/20240520_124334-1024x768.jpg 1024w, https:\/\/somosdelprieto.com\/wp-content\/uploads\/2024\/05\/20240520_124334-300x225.jpg 300w, https:\/\/somosdelprieto.com\/wp-content\/uploads\/2024\/05\/20240520_124334-768x576.jpg 768w, https:\/\/somosdelprieto.com\/wp-content\/uploads\/2024\/05\/20240520_124334-1536x1152.jpg 1536w, https:\/\/somosdelprieto.com\/wp-content\/uploads\/2024\/05\/20240520_124334-2048x1536.jpg 2048w\" sizes=\"auto, (max-width: 767px) 89vw, (max-width: 1000px) 54vw, (max-width: 1071px) 543px, 580px\" \/><\/figure>\n\n\n\n<figure class=\"wp-block-image size-large\"><img loading=\"lazy\" decoding=\"async\" width=\"1024\" height=\"768\" src=\"https:\/\/somosdelprieto.com\/wp-content\/uploads\/2024\/05\/20240520_131119-1024x768.jpg\" alt=\"\" class=\"wp-image-18519\" srcset=\"https:\/\/somosdelprieto.com\/wp-content\/uploads\/2024\/05\/20240520_131119-1024x768.jpg 1024w, https:\/\/somosdelprieto.com\/wp-content\/uploads\/2024\/05\/20240520_131119-300x225.jpg 300w, https:\/\/somosdelprieto.com\/wp-content\/uploads\/2024\/05\/20240520_131119-768x576.jpg 768w, https:\/\/somosdelprieto.com\/wp-content\/uploads\/2024\/05\/20240520_131119-1536x1152.jpg 1536w, https:\/\/somosdelprieto.com\/wp-content\/uploads\/2024\/05\/20240520_131119-2048x1536.jpg 2048w\" sizes=\"auto, (max-width: 767px) 89vw, (max-width: 1000px) 54vw, (max-width: 1071px) 543px, 580px\" \/><\/figure>\n","protected":false},"excerpt":{"rendered":"<p>El pasado lunes 20 de mayo, nuestro alumnado del Programa Espec\u00edfico de FP de Jardiner\u00eda, realizaron una actividad con los ni\u00f1os de las clases de 4 a\u00f1os del Colegio Jes\u00fas Baeza, en esta ocasi\u00f3n nuestros alumnos ejercieron como monitores ense\u00f1ando a los escolares a sembrar semillas y a trasplantar plantones en macetas para decorar el &hellip; <\/p>\n<p class=\"link-more\"><a href=\"https:\/\/somosdelprieto.com\/index.php\/2024\/05\/24\/huerto-escolar-en-el-colegio-jesus-baeza\/\" class=\"more-link\">Continuar leyendo<span class=\"screen-reader-text\"> \u00abHUERTO ESCOLAR EN EL COLEGIO JES\u00daS BAEZA\u00bb<\/span><\/a><\/p>\n","protected":false},"author":17,"featured_media":18519,"comment_status":"closed","ping_status":"closed","sticky":false,"template":"","format":"standard","meta":{"footnotes":""},"categories":[1],"tags":[156,366,367,369,368,301,115],"class_list":["post-18515","post","type-post","status-publish","format-standard","has-post-thumbnail","hentry","category-noticias","tag-agraria","tag-colegios","tag-huertos-escolares","tag-inclusion-2","tag-integracion-2","tag-jardineria","tag-noticias"],"_links":{"self":[{"href":"https:\/\/somosdelprieto.com\/index.php\/wp-json\/wp\/v2\/posts\/18515","targetHints":{"allow":["GET"]}}],"collection":[{"href":"https:\/\/somosdelprieto.com\/index.php\/wp-json\/wp\/v2\/posts"}],"about":[{"href":"https:\/\/somosdelprieto.com\/index.php\/wp-json\/wp\/v2\/types\/post"}],"author":[{"embeddable":true,"href":"https:\/\/somosdelprieto.com\/index.php\/wp-json\/wp\/v2\/users\/17"}],"replies":[{"embeddable":true,"href":"https:\/\/somosdelprieto.com\/index.php\/wp-json\/wp\/v2\/comments?post=18515"}],"version-history":[{"count":2,"href":"https:\/\/somosdelprieto.com\/index.php\/wp-json\/wp\/v2\/posts\/18515\/revisions"}],"predecessor-version":[{"id":18522,"href":"https:\/\/somosdelprieto.com\/index.php\/wp-json\/wp\/v2\/posts\/18515\/revisions\/18522"}],"wp:featuredmedia":[{"embeddable":true,"href":"https:\/\/somosdelprieto.com\/index.php\/wp-json\/wp\/v2\/media\/18519"}],"wp:attachment":[{"href":"https:\/\/somosdelprieto.com\/index.php\/wp-json\/wp\/v2\/media?parent=18515"}],"wp:term":[{"taxonomy":"category","embeddable":true,"href":"https:\/\/somosdelprieto.com\/index.php\/wp-json\/wp\/v2\/categories?post=18515"},{"taxonomy":"post_tag","embeddable":true,"href":"https:\/\/somosdelprieto.com\/index.php\/wp-json\/wp\/v2\/tags?post=18515"}],"curies":[{"name":"wp","href":"https:\/\/api.w.org\/{rel}","templated":true}]}}