{"id":1847,"date":"2020-10-30T20:49:57","date_gmt":"2020-10-30T19:49:57","guid":{"rendered":"https:\/\/somosdelprieto.com\/?p=1847"},"modified":"2020-12-09T09:58:49","modified_gmt":"2020-12-09T08:58:49","slug":"el-alumno-del-ies-gregorio-prieto-de-valdepenas-luka-gutierrez-gallego-seleccionado-por-el-proyecto-estalmat","status":"publish","type":"post","link":"https:\/\/somosdelprieto.com\/index.php\/2020\/10\/30\/el-alumno-del-ies-gregorio-prieto-de-valdepenas-luka-gutierrez-gallego-seleccionado-por-el-proyecto-estalmat\/","title":{"rendered":"El alumno del IES Gregorio Prieto, de Valdepe\u00f1as, Luka Guti\u00e9rrez Gallego, seleccionado por el Proyecto ESTALMAT"},"content":{"rendered":"\n<p>La iniciativa pretende estimular el talento matem\u00e1tico, detect\u00e1ndolo en una edad temprana y poniendo en contacto a los j\u00f3venes con aspectos de las matem\u00e1ticas habitualmente desconocidos para ellos<\/p>\n\n\n\n<p>M\u00e1s informaci\u00f3n en <a href=\"https:\/\/www.lanzadigital.com\/provincia\/valdepenas\/el-alumno-del-ies-gregorio-prieto-de-valdepenas-luka-gutierrez-gallego-seleccionado-por-el-proyecto-estalmat\/\" target=\"_blank\" rel=\"noreferrer noopener\">LANZA DIGITAL<\/a><\/p>\n","protected":false},"excerpt":{"rendered":"<p>La iniciativa pretende estimular el talento matem\u00e1tico, detect\u00e1ndolo en una edad temprana y poniendo en contacto a los j\u00f3venes con aspectos de las matem\u00e1ticas habitualmente desconocidos para ellos M\u00e1s informaci\u00f3n en LANZA DIGITAL<\/p>\n","protected":false},"author":4,"featured_media":1848,"comment_status":"closed","ping_status":"closed","sticky":false,"template":"","format":"standard","meta":{"footnotes":""},"categories":[1],"tags":[],"class_list":["post-1847","post","type-post","status-publish","format-standard","has-post-thumbnail","hentry","category-noticias"],"_links":{"self":[{"href":"https:\/\/somosdelprieto.com\/index.php\/wp-json\/wp\/v2\/posts\/1847","targetHints":{"allow":["GET"]}}],"collection":[{"href":"https:\/\/somosdelprieto.com\/index.php\/wp-json\/wp\/v2\/posts"}],"about":[{"href":"https:\/\/somosdelprieto.com\/index.php\/wp-json\/wp\/v2\/types\/post"}],"author":[{"embeddable":true,"href":"https:\/\/somosdelprieto.com\/index.php\/wp-json\/wp\/v2\/users\/4"}],"replies":[{"embeddable":true,"href":"https:\/\/somosdelprieto.com\/index.php\/wp-json\/wp\/v2\/comments?post=1847"}],"version-history":[{"count":3,"href":"https:\/\/somosdelprieto.com\/index.php\/wp-json\/wp\/v2\/posts\/1847\/revisions"}],"predecessor-version":[{"id":2174,"href":"https:\/\/somosdelprieto.com\/index.php\/wp-json\/wp\/v2\/posts\/1847\/revisions\/2174"}],"wp:featuredmedia":[{"embeddable":true,"href":"https:\/\/somosdelprieto.com\/index.php\/wp-json\/wp\/v2\/media\/1848"}],"wp:attachment":[{"href":"https:\/\/somosdelprieto.com\/index.php\/wp-json\/wp\/v2\/media?parent=1847"}],"wp:term":[{"taxonomy":"category","embeddable":true,"href":"https:\/\/somosdelprieto.com\/index.php\/wp-json\/wp\/v2\/categories?post=1847"},{"taxonomy":"post_tag","embeddable":true,"href":"https:\/\/somosdelprieto.com\/index.php\/wp-json\/wp\/v2\/tags?post=1847"}],"curies":[{"name":"wp","href":"https:\/\/api.w.org\/{rel}","templated":true}]}}