{"id":18332,"date":"2024-05-10T13:08:59","date_gmt":"2024-05-10T11:08:59","guid":{"rendered":"https:\/\/somosdelprieto.com\/?p=18332"},"modified":"2024-05-10T13:28:09","modified_gmt":"2024-05-10T11:28:09","slug":"publicadas-las-propuestas-de-resoluciones-provisionales-de-las-ayudas-individuales-al-transporte-para-el-curso-2023-2024","status":"publish","type":"post","link":"https:\/\/somosdelprieto.com\/index.php\/2024\/05\/10\/publicadas-las-propuestas-de-resoluciones-provisionales-de-las-ayudas-individuales-al-transporte-para-el-curso-2023-2024\/","title":{"rendered":"Publicadas las Propuestas de resoluciones provisionales de las ayudas individuales al transporte para el curso 2023\/2024."},"content":{"rendered":"\n<p>El viernes 3 de mayo de 2024 se han publicado en el tabl\u00f3n de anuncios de la sede electr\u00f3nica de la JCCM las resoluciones provisionales, relativas a la concesi\u00f3n y denegaci\u00f3n de ayudas individuales de transporte para alumnos matriculados en centros docentes p\u00fablicos no universitarios de Castilla-La Mancha, para el curso 2023-2024, que pueden verse en el siguiente enlace;\u00a0<a href=\"https:\/\/www.jccm.es\/servicios\/tablon-de-anuncios\/26709\" target=\"_blank\" rel=\"noreferrer noopener\">https:\/\/www.jccm.es\/servicios\/tablon-de-anuncios\/26709<\/a>, asimismo podr\u00e1 consultar el resultado de las mismas a trav\u00e9s del seguimiento individualizado en la plataforma de Educamos.<\/p>\n\n\n\n<p><strong>Para m\u00e1s informaci\u00f3n<\/strong>: <a href=\"https:\/\/www.educa.jccm.es\/alumnado\/es\/servicios-educativos\/transporte-escolar\/ayudas-individuales-transporte-escolar-2023-2024\" target=\"_blank\" rel=\"noreferrer noopener\">https:\/\/www.educa.jccm.es\/alumnado\/es\/servicios-educativos\/transporte-escolar\/ayudas-individuales-transporte-escolar-2023-2024<\/a><\/p>\n","protected":false},"excerpt":{"rendered":"<p>El viernes 3 de mayo de 2024 se han publicado en el tabl\u00f3n de anuncios de la sede electr\u00f3nica de la JCCM las resoluciones provisionales, relativas a la concesi\u00f3n y denegaci\u00f3n de ayudas individuales de transporte para alumnos matriculados en centros docentes p\u00fablicos no universitarios de Castilla-La Mancha, para el curso 2023-2024, que pueden verse &hellip; <\/p>\n<p class=\"link-more\"><a href=\"https:\/\/somosdelprieto.com\/index.php\/2024\/05\/10\/publicadas-las-propuestas-de-resoluciones-provisionales-de-las-ayudas-individuales-al-transporte-para-el-curso-2023-2024\/\" class=\"more-link\">Continuar leyendo<span class=\"screen-reader-text\"> \u00abPublicadas las Propuestas de resoluciones provisionales de las ayudas individuales al transporte para el curso 2023\/2024.\u00bb<\/span><\/a><\/p>\n","protected":false},"author":53,"featured_media":18335,"comment_status":"closed","ping_status":"closed","sticky":false,"template":"","format":"standard","meta":{"footnotes":""},"categories":[182,1,47],"tags":[269,351],"class_list":["post-18332","post","type-post","status-publish","format-standard","has-post-thumbnail","hentry","category-ayudas-becas","category-noticias","category-secretaria","tag-ayudas","tag-transporte"],"_links":{"self":[{"href":"https:\/\/somosdelprieto.com\/index.php\/wp-json\/wp\/v2\/posts\/18332","targetHints":{"allow":["GET"]}}],"collection":[{"href":"https:\/\/somosdelprieto.com\/index.php\/wp-json\/wp\/v2\/posts"}],"about":[{"href":"https:\/\/somosdelprieto.com\/index.php\/wp-json\/wp\/v2\/types\/post"}],"author":[{"embeddable":true,"href":"https:\/\/somosdelprieto.com\/index.php\/wp-json\/wp\/v2\/users\/53"}],"replies":[{"embeddable":true,"href":"https:\/\/somosdelprieto.com\/index.php\/wp-json\/wp\/v2\/comments?post=18332"}],"version-history":[{"count":1,"href":"https:\/\/somosdelprieto.com\/index.php\/wp-json\/wp\/v2\/posts\/18332\/revisions"}],"predecessor-version":[{"id":18334,"href":"https:\/\/somosdelprieto.com\/index.php\/wp-json\/wp\/v2\/posts\/18332\/revisions\/18334"}],"wp:featuredmedia":[{"embeddable":true,"href":"https:\/\/somosdelprieto.com\/index.php\/wp-json\/wp\/v2\/media\/18335"}],"wp:attachment":[{"href":"https:\/\/somosdelprieto.com\/index.php\/wp-json\/wp\/v2\/media?parent=18332"}],"wp:term":[{"taxonomy":"category","embeddable":true,"href":"https:\/\/somosdelprieto.com\/index.php\/wp-json\/wp\/v2\/categories?post=18332"},{"taxonomy":"post_tag","embeddable":true,"href":"https:\/\/somosdelprieto.com\/index.php\/wp-json\/wp\/v2\/tags?post=18332"}],"curies":[{"name":"wp","href":"https:\/\/api.w.org\/{rel}","templated":true}]}}