{"id":18314,"date":"2024-05-06T06:37:28","date_gmt":"2024-05-06T04:37:28","guid":{"rendered":"https:\/\/somosdelprieto.com\/?p=18314"},"modified":"2024-05-06T06:37:29","modified_gmt":"2024-05-06T04:37:29","slug":"licitacion-cafeteria-curso-2024-2025","status":"publish","type":"post","link":"https:\/\/somosdelprieto.com\/index.php\/2024\/05\/06\/licitacion-cafeteria-curso-2024-2025\/","title":{"rendered":"LICITACI\u00d3N CAFETER\u00cdA CURSO 2024-2025"},"content":{"rendered":"\n<p>Por la presente se informa de que queda abierta la contrataci\u00f3n menor para la prestaci\u00f3n del servicio de cafeter\u00eda en el IES GREGORIO PRIETO de VALDEPE\u00d1AS (Ciudad Real) para el Curso Escolar 2024- 2025.<br><\/p>\n\n\n\n<p>Se pone a disposici\u00f3n de los interesados la siguiente documentaci\u00f3n en archivos adjuntos:<\/p>\n\n\n\n<ul class=\"wp-block-list\">\n<li>Pliego de prescripciones t\u00e9cnicas.<\/li>\n\n\n\n<li>Descripci\u00f3n del local (Anexo I)*<\/li>\n\n\n\n<li>Art\u00edculos y precios m\u00e1ximos (Anexo II)<\/li>\n\n\n\n<li>Propuesta Econ\u00f3mica (Anexo III)* (a rellenar por el solicitante).<\/li>\n\n\n\n<li>Propuesta de mejoras (Anexo IV)* (a rellenar por el solicitante).<\/li>\n\n\n\n<li>Declaraci\u00f3n Responsable (Anexo V)* (a rellenar despu\u00e9s de la adjudicaci\u00f3n).<br><\/li>\n<\/ul>\n\n\n\n<p>*Todos los anexos se encuentran al final de esta p\u00e1gina.<br><\/p>\n\n\n\n<p>La licitaci\u00f3n se establecer\u00e1 con una cuant\u00eda de 3000 \u20ac (IVA incluido). La empresa adjudicataria del contrato deber\u00e1 abonar esta cantidad con car\u00e1cter anual y podr\u00e1 hacerlo en tres cuotas de 1000 euros cada una antes de terminar los trimestres 1\u00ba, 2\u00ba y 3\u00ba del curso en la cuenta del centro docente, para cubrir los gastos de funcionamiento de la cafeter\u00eda, que ser\u00e1n atendidos con cargo al presupuesto del Centro (agua, gas, electricidad, conservaci\u00f3n\u2026).<\/p>\n\n\n\n<p><br>El plazo de presentaci\u00f3n de ofertas comenzar\u00e1 el 7 de mayo de 2024 y concluir\u00e1 el 20 de mayo de 2024 a las 14:00 horas.<\/p>\n\n\n\n<p>La selecci\u00f3n del adjudicatario se realizar\u00e1 por el \u00d3rgano de Contrataci\u00f3n. La comunicaci\u00f3n de la citada selecci\u00f3n se comunicar\u00e1 al adjudicatario el d\u00eda 22 de mayo de 2024. Tambi\u00e9n se publicar\u00e1 en el Tabl\u00f3n de Anuncios y en la p\u00e1gina web del centro.<\/p>\n\n\n\n<ul class=\"wp-block-list\">\n<li>La oferta ha de presentarse en sobre cerrado a la direcci\u00f3n del centro (I.E.S. Gregorio Prieto, Avda. de los Estudiantes S\/N, 13300 Valdepe\u00f1as, Ciudad Real) y ha de incluir:\n<ul class=\"wp-block-list\">\n<li>Fotocopia del Documento Nacional de Identidad.<\/li>\n\n\n\n<li>Propuesta econ\u00f3mica (Anexo III).<\/li>\n\n\n\n<li>Propuesta de Mejoras (Anexo IV).<\/li>\n\n\n\n<li>Toda aquella documentaci\u00f3n complementaria que considere necesaria para este procedimiento administrativo.<\/li>\n<\/ul>\n<\/li>\n<\/ul>\n\n\n\n<p><\/p>\n\n\n\n<p>Una vez seleccionado el adjudicatario\/a se le requerir\u00e1:<\/p>\n\n\n\n<p><\/p>\n\n\n\n<ul class=\"wp-block-list\">\n<li>Declaraci\u00f3n Responsable (Anexo V).<\/li>\n\n\n\n<li>Suscripci\u00f3n de una p\u00f3liza de responsabilidad civil por un importe m\u00ednimo de 150.000,00 euros para cubrir posibles eventualidades que puedan surgir durante el periodo de ejecuci\u00f3n del contrato, y deber\u00e1 entregar original o copia autenticada de la p\u00f3liza de seguro a la direcci\u00f3n del centro.<\/li>\n\n\n\n<li>El adjudicatario deber\u00e1 inscribir o comunicar los cambios de titularidad del establecimiento de hosteler\u00eda en el Censo auton\u00f3mico de establecimientos de comidas preparadas, que se gestiona desde las Direcciones Provinciales de Sanidad.<\/li>\n\n\n\n<li>La regularizaci\u00f3n en el censo auton\u00f3mico de establecimientos de comidas preparadas exige la presentaci\u00f3n de una COMUNICACI\u00d3N PREVIA (C\u00f3digo SIACI SIV3). En dicho documento el responsable deber\u00e1 declarar que cumple con una serie de requisitos de funcionamiento que ser\u00e1n comprobados a posteriori mediante visita de inspecci\u00f3n.<\/li>\n\n\n\n<li>Todo el personal que preste servicio en la cafeter\u00eda deber\u00e1 presentar, previamente al inicio del servicio, certificados negativos del Registro Central de Delincuentes Sexuales tal y como se establecen en la Ley Org\u00e1nica 1\/1996, de Protecci\u00f3n Jur\u00eddica del Menor, modificada por la Ley 26\/2015 de 28 de julio, de modificaciones del sistema de protecci\u00f3n a la infancia y a la adolescencia. \u00abReal Decreto 1110\/2015 de 11 de diciembre, por el que se regula el Registro Central de Delincuentes Sexuales\u00bb, y la Ley 45\/2015, de voluntariado.<\/li>\n\n\n\n<li>Una vez aportada toda la documentaci\u00f3n solicitada y tras ser verificada por parte de la direcci\u00f3n del centro, se le requerir\u00e1 al adjudicatario para que firme el contrato y el Pliego de Prescripciones T\u00e9cnicas.<\/li>\n\n\n\n<li>La duraci\u00f3n del contrato ser\u00e1 desde el 01\/07\/2024 hasta el 30\/06\/2025, ambos inclusive.<\/li>\n\n\n\n<li>El incumplimiento de alguna de las condiciones de la presente licitaci\u00f3n invalidar\u00e1 la oferta presentada.<\/li>\n<\/ul>\n\n\n\n<p>ENLACE A LA DOCUMENTACI\u00d3N:<\/p>\n\n\n\n<p><a href=\"https:\/\/drive.google.com\/drive\/folders\/1IJd1wQCTPnVRvjpmFJQ8nilLhg1E9UVr?usp=sharing\">https:\/\/drive.google.com\/drive\/folders\/1IJd1wQCTPnVRvjpmFJQ8nilLhg1E9UVr?usp=sharing<\/a><\/p>\n","protected":false},"excerpt":{"rendered":"<p>Por la presente se informa de que queda abierta la contrataci\u00f3n menor para la prestaci\u00f3n del servicio de cafeter\u00eda en el IES GREGORIO PRIETO de VALDEPE\u00d1AS (Ciudad Real) para el Curso Escolar 2024- 2025. Se pone a disposici\u00f3n de los interesados la siguiente documentaci\u00f3n en archivos adjuntos: *Todos los anexos se encuentran al final de &hellip; <\/p>\n<p class=\"link-more\"><a href=\"https:\/\/somosdelprieto.com\/index.php\/2024\/05\/06\/licitacion-cafeteria-curso-2024-2025\/\" class=\"more-link\">Continuar leyendo<span class=\"screen-reader-text\"> \u00abLICITACI\u00d3N CAFETER\u00cdA CURSO 2024-2025\u00bb<\/span><\/a><\/p>\n","protected":false},"author":4,"featured_media":18317,"comment_status":"closed","ping_status":"closed","sticky":false,"template":"","format":"standard","meta":{"footnotes":""},"categories":[361,1],"tags":[360],"class_list":["post-18314","post","type-post","status-publish","format-standard","has-post-thumbnail","hentry","category-cafeteria","category-noticias","tag-cafeteria"],"_links":{"self":[{"href":"https:\/\/somosdelprieto.com\/index.php\/wp-json\/wp\/v2\/posts\/18314","targetHints":{"allow":["GET"]}}],"collection":[{"href":"https:\/\/somosdelprieto.com\/index.php\/wp-json\/wp\/v2\/posts"}],"about":[{"href":"https:\/\/somosdelprieto.com\/index.php\/wp-json\/wp\/v2\/types\/post"}],"author":[{"embeddable":true,"href":"https:\/\/somosdelprieto.com\/index.php\/wp-json\/wp\/v2\/users\/4"}],"replies":[{"embeddable":true,"href":"https:\/\/somosdelprieto.com\/index.php\/wp-json\/wp\/v2\/comments?post=18314"}],"version-history":[{"count":1,"href":"https:\/\/somosdelprieto.com\/index.php\/wp-json\/wp\/v2\/posts\/18314\/revisions"}],"predecessor-version":[{"id":18316,"href":"https:\/\/somosdelprieto.com\/index.php\/wp-json\/wp\/v2\/posts\/18314\/revisions\/18316"}],"wp:featuredmedia":[{"embeddable":true,"href":"https:\/\/somosdelprieto.com\/index.php\/wp-json\/wp\/v2\/media\/18317"}],"wp:attachment":[{"href":"https:\/\/somosdelprieto.com\/index.php\/wp-json\/wp\/v2\/media?parent=18314"}],"wp:term":[{"taxonomy":"category","embeddable":true,"href":"https:\/\/somosdelprieto.com\/index.php\/wp-json\/wp\/v2\/categories?post=18314"},{"taxonomy":"post_tag","embeddable":true,"href":"https:\/\/somosdelprieto.com\/index.php\/wp-json\/wp\/v2\/tags?post=18314"}],"curies":[{"name":"wp","href":"https:\/\/api.w.org\/{rel}","templated":true}]}}