{"id":18260,"date":"2024-05-03T18:01:00","date_gmt":"2024-05-03T16:01:00","guid":{"rendered":"https:\/\/somosdelprieto.com\/?p=18260"},"modified":"2024-05-03T18:01:01","modified_gmt":"2024-05-03T16:01:01","slug":"jornada-de-puertas-abiertas","status":"publish","type":"post","link":"https:\/\/somosdelprieto.com\/index.php\/2024\/05\/03\/jornada-de-puertas-abiertas\/","title":{"rendered":"JORNADA DE PUERTAS ABIERTAS"},"content":{"rendered":"\n<p>El pasado s\u00e1bado, 29 de enero, nuestro aula de emprendimiento fue uno de los escenarios elegidos para que padres y madres de Valdepe\u00f1as visitaran y pudieran conocer las actividades que aqu\u00ed realizamos.<\/p>\n\n\n\n<p>La Jornada de Puertas abiertas es, sin duda, uno de los mejores escaparates para ense\u00f1ar y explicar c\u00f3mo trabajamos por y para nuestro alumnado.<\/p>\n\n\n\n<p>Aqu\u00ed os dejamos alguna foto del evento.<\/p>\n\n\n\n<figure class=\"wp-block-image size-large\"><img loading=\"lazy\" decoding=\"async\" width=\"1024\" height=\"768\" src=\"https:\/\/somosdelprieto.com\/wp-content\/uploads\/2024\/05\/1714733656248-1-1024x768.jpg\" alt=\"\" class=\"wp-image-18261\" srcset=\"https:\/\/somosdelprieto.com\/wp-content\/uploads\/2024\/05\/1714733656248-1-1024x768.jpg 1024w, https:\/\/somosdelprieto.com\/wp-content\/uploads\/2024\/05\/1714733656248-1-300x225.jpg 300w, https:\/\/somosdelprieto.com\/wp-content\/uploads\/2024\/05\/1714733656248-1-768x576.jpg 768w, https:\/\/somosdelprieto.com\/wp-content\/uploads\/2024\/05\/1714733656248-1-1536x1152.jpg 1536w, https:\/\/somosdelprieto.com\/wp-content\/uploads\/2024\/05\/1714733656248-1-2048x1536.jpg 2048w\" sizes=\"auto, (max-width: 767px) 89vw, (max-width: 1000px) 54vw, (max-width: 1071px) 543px, 580px\" \/><\/figure>\n\n\n\n<figure class=\"wp-block-gallery has-nested-images columns-default is-cropped wp-block-gallery-1 is-layout-flex wp-block-gallery-is-layout-flex\">\n<figure class=\"wp-block-image size-large\"><img loading=\"lazy\" decoding=\"async\" width=\"1024\" height=\"768\" data-id=\"18263\" src=\"https:\/\/somosdelprieto.com\/wp-content\/uploads\/2024\/05\/1714733656301-1-1024x768.jpg\" alt=\"\" class=\"wp-image-18263\" srcset=\"https:\/\/somosdelprieto.com\/wp-content\/uploads\/2024\/05\/1714733656301-1-1024x768.jpg 1024w, https:\/\/somosdelprieto.com\/wp-content\/uploads\/2024\/05\/1714733656301-1-300x225.jpg 300w, https:\/\/somosdelprieto.com\/wp-content\/uploads\/2024\/05\/1714733656301-1-768x576.jpg 768w, https:\/\/somosdelprieto.com\/wp-content\/uploads\/2024\/05\/1714733656301-1-1536x1152.jpg 1536w, https:\/\/somosdelprieto.com\/wp-content\/uploads\/2024\/05\/1714733656301-1-2048x1536.jpg 2048w\" sizes=\"auto, (max-width: 767px) 89vw, (max-width: 1000px) 54vw, (max-width: 1071px) 543px, 580px\" \/><\/figure>\n\n\n\n<figure class=\"wp-block-image size-large\"><img loading=\"lazy\" decoding=\"async\" width=\"1024\" height=\"768\" data-id=\"18265\" src=\"https:\/\/somosdelprieto.com\/wp-content\/uploads\/2024\/05\/1714733656365-1-1024x768.jpg\" alt=\"\" class=\"wp-image-18265\" srcset=\"https:\/\/somosdelprieto.com\/wp-content\/uploads\/2024\/05\/1714733656365-1-1024x768.jpg 1024w, https:\/\/somosdelprieto.com\/wp-content\/uploads\/2024\/05\/1714733656365-1-300x225.jpg 300w, https:\/\/somosdelprieto.com\/wp-content\/uploads\/2024\/05\/1714733656365-1-768x576.jpg 768w, https:\/\/somosdelprieto.com\/wp-content\/uploads\/2024\/05\/1714733656365-1-1536x1152.jpg 1536w, https:\/\/somosdelprieto.com\/wp-content\/uploads\/2024\/05\/1714733656365-1-2048x1536.jpg 2048w\" sizes=\"auto, (max-width: 767px) 89vw, (max-width: 1000px) 54vw, (max-width: 1071px) 543px, 580px\" \/><\/figure>\n\n\n\n<figure class=\"wp-block-image size-large\"><img loading=\"lazy\" decoding=\"async\" width=\"1024\" height=\"472\" data-id=\"18262\" src=\"https:\/\/somosdelprieto.com\/wp-content\/uploads\/2024\/05\/1714733656396-1-1024x472.jpg\" alt=\"\" class=\"wp-image-18262\" srcset=\"https:\/\/somosdelprieto.com\/wp-content\/uploads\/2024\/05\/1714733656396-1-1024x472.jpg 1024w, https:\/\/somosdelprieto.com\/wp-content\/uploads\/2024\/05\/1714733656396-1-300x138.jpg 300w, https:\/\/somosdelprieto.com\/wp-content\/uploads\/2024\/05\/1714733656396-1-768x354.jpg 768w, https:\/\/somosdelprieto.com\/wp-content\/uploads\/2024\/05\/1714733656396-1-1536x708.jpg 1536w, https:\/\/somosdelprieto.com\/wp-content\/uploads\/2024\/05\/1714733656396-1.jpg 1600w\" sizes=\"auto, (max-width: 767px) 89vw, (max-width: 1000px) 54vw, (max-width: 1071px) 543px, 580px\" \/><\/figure>\n<\/figure>\n","protected":false},"excerpt":{"rendered":"<p>El pasado s\u00e1bado, 29 de enero, nuestro aula de emprendimiento fue uno de los escenarios elegidos para que padres y madres de Valdepe\u00f1as visitaran y pudieran conocer las actividades que aqu\u00ed realizamos. La Jornada de Puertas abiertas es, sin duda, uno de los mejores escaparates para ense\u00f1ar y explicar c\u00f3mo trabajamos por y para nuestro &hellip; <\/p>\n<p class=\"link-more\"><a href=\"https:\/\/somosdelprieto.com\/index.php\/2024\/05\/03\/jornada-de-puertas-abiertas\/\" class=\"more-link\">Continuar leyendo<span class=\"screen-reader-text\"> \u00abJORNADA DE PUERTAS ABIERTAS\u00bb<\/span><\/a><\/p>\n","protected":false},"author":30,"featured_media":0,"comment_status":"closed","ping_status":"closed","sticky":false,"template":"","format":"standard","meta":{"footnotes":""},"categories":[1],"tags":[],"class_list":["post-18260","post","type-post","status-publish","format-standard","hentry","category-noticias"],"_links":{"self":[{"href":"https:\/\/somosdelprieto.com\/index.php\/wp-json\/wp\/v2\/posts\/18260","targetHints":{"allow":["GET"]}}],"collection":[{"href":"https:\/\/somosdelprieto.com\/index.php\/wp-json\/wp\/v2\/posts"}],"about":[{"href":"https:\/\/somosdelprieto.com\/index.php\/wp-json\/wp\/v2\/types\/post"}],"author":[{"embeddable":true,"href":"https:\/\/somosdelprieto.com\/index.php\/wp-json\/wp\/v2\/users\/30"}],"replies":[{"embeddable":true,"href":"https:\/\/somosdelprieto.com\/index.php\/wp-json\/wp\/v2\/comments?post=18260"}],"version-history":[{"count":1,"href":"https:\/\/somosdelprieto.com\/index.php\/wp-json\/wp\/v2\/posts\/18260\/revisions"}],"predecessor-version":[{"id":18266,"href":"https:\/\/somosdelprieto.com\/index.php\/wp-json\/wp\/v2\/posts\/18260\/revisions\/18266"}],"wp:attachment":[{"href":"https:\/\/somosdelprieto.com\/index.php\/wp-json\/wp\/v2\/media?parent=18260"}],"wp:term":[{"taxonomy":"category","embeddable":true,"href":"https:\/\/somosdelprieto.com\/index.php\/wp-json\/wp\/v2\/categories?post=18260"},{"taxonomy":"post_tag","embeddable":true,"href":"https:\/\/somosdelprieto.com\/index.php\/wp-json\/wp\/v2\/tags?post=18260"}],"curies":[{"name":"wp","href":"https:\/\/api.w.org\/{rel}","templated":true}]}}