{"id":1820,"date":"2020-10-14T17:48:28","date_gmt":"2020-10-14T15:48:28","guid":{"rendered":"https:\/\/somosdelprieto.com\/?p=1820"},"modified":"2020-10-14T17:49:42","modified_gmt":"2020-10-14T15:49:42","slug":"matriculacion-del-curso-preparatorio-para-las-pruebas-de-acceso-a-ciclos-formativos-de-grado-superior-en-el-curso-2020-2021","status":"publish","type":"post","link":"https:\/\/somosdelprieto.com\/index.php\/2020\/10\/14\/matriculacion-del-curso-preparatorio-para-las-pruebas-de-acceso-a-ciclos-formativos-de-grado-superior-en-el-curso-2020-2021\/","title":{"rendered":"MATRICULACI\u00d3N DEL CURSO PREPARATORIO PARA LAS PRUEBAS DE ACCESO A CICLOS FORMATIVOS DE GRADO SUPERIOR EN EL CURSO 2020\/2021"},"content":{"rendered":"\n<figure class=\"wp-block-image size-large is-resized\"><img loading=\"lazy\" decoding=\"async\" src=\"https:\/\/somosdelprieto.com\/wp-content\/uploads\/2020\/07\/logo-IESGP-FP.png\" alt=\"\" class=\"wp-image-1575\" width=\"107\" height=\"107\" srcset=\"https:\/\/somosdelprieto.com\/wp-content\/uploads\/2020\/07\/logo-IESGP-FP.png 500w, https:\/\/somosdelprieto.com\/wp-content\/uploads\/2020\/07\/logo-IESGP-FP-300x300.png 300w, https:\/\/somosdelprieto.com\/wp-content\/uploads\/2020\/07\/logo-IESGP-FP-150x150.png 150w, https:\/\/somosdelprieto.com\/wp-content\/uploads\/2020\/07\/logo-IESGP-FP-100x100.png 100w\" sizes=\"auto, (max-width: 107px) 100vw, 107px\" \/><\/figure>\n\n\n\n<p>Las personas que hayan obtenido un puesto escolar vacante deber\u00e1n formalizar su matr\u00edcula completa en el centro asignado en la parte com\u00fan hasta el d\u00eda 20 de octubre de 2020, seg\u00fan el siguiente modelo:<\/p>\n\n\n\n<p><a href=\"https:\/\/drive.google.com\/file\/d\/126MtJ5YgU5UtWBcDTCLICa3st1mqKNf_\/view?usp=sharing\" target=\"_blank\" rel=\"noreferrer noopener\">MODELO DE MATR\u00cdCULA<\/a><\/p>\n\n\n\n<p>Si el centro asignado en la parte com\u00fan es el IES Gregorio Prieto podr\u00e1n dirigir el modelo debidamente cumplimentado al correo oficial: 13003336.ies@edu.jccm.es<\/p>\n\n\n\n<!--more-->\n\n\n\n<p>Los alumnos que cumplan con las condiciones para solicitar la exenci\u00f3n de alguna de las partes y no la hayan solicitado podr\u00e1n hacerlo al cumplimentar el impreso de matr\u00edcula. <\/p>\n\n\n\n<p>La no formalizaci\u00f3n de la matr\u00edcula en plazo se entender\u00e1 como renuncia a la misma, ofreci\u00e9ndose la vacante a la reserva que por turno corresponda.<\/p>\n","protected":false},"excerpt":{"rendered":"<p>Las personas que hayan obtenido un puesto escolar vacante deber\u00e1n formalizar su matr\u00edcula completa en el centro asignado en la parte com\u00fan hasta el d\u00eda 20 de octubre de 2020, seg\u00fan el siguiente modelo: MODELO DE MATR\u00cdCULA Si el centro asignado en la parte com\u00fan es el IES Gregorio Prieto podr\u00e1n dirigir el modelo debidamente &hellip; <\/p>\n<p class=\"link-more\"><a href=\"https:\/\/somosdelprieto.com\/index.php\/2020\/10\/14\/matriculacion-del-curso-preparatorio-para-las-pruebas-de-acceso-a-ciclos-formativos-de-grado-superior-en-el-curso-2020-2021\/\" class=\"more-link\">Continuar leyendo<span class=\"screen-reader-text\"> \u00abMATRICULACI\u00d3N DEL CURSO PREPARATORIO PARA LAS PRUEBAS DE ACCESO A CICLOS FORMATIVOS DE GRADO SUPERIOR EN EL CURSO 2020\/2021\u00bb<\/span><\/a><\/p>\n","protected":false},"author":4,"featured_media":0,"comment_status":"closed","ping_status":"closed","sticky":false,"template":"","format":"standard","meta":{"footnotes":""},"categories":[47],"tags":[],"class_list":["post-1820","post","type-post","status-publish","format-standard","hentry","category-secretaria"],"_links":{"self":[{"href":"https:\/\/somosdelprieto.com\/index.php\/wp-json\/wp\/v2\/posts\/1820","targetHints":{"allow":["GET"]}}],"collection":[{"href":"https:\/\/somosdelprieto.com\/index.php\/wp-json\/wp\/v2\/posts"}],"about":[{"href":"https:\/\/somosdelprieto.com\/index.php\/wp-json\/wp\/v2\/types\/post"}],"author":[{"embeddable":true,"href":"https:\/\/somosdelprieto.com\/index.php\/wp-json\/wp\/v2\/users\/4"}],"replies":[{"embeddable":true,"href":"https:\/\/somosdelprieto.com\/index.php\/wp-json\/wp\/v2\/comments?post=1820"}],"version-history":[{"count":3,"href":"https:\/\/somosdelprieto.com\/index.php\/wp-json\/wp\/v2\/posts\/1820\/revisions"}],"predecessor-version":[{"id":1823,"href":"https:\/\/somosdelprieto.com\/index.php\/wp-json\/wp\/v2\/posts\/1820\/revisions\/1823"}],"wp:attachment":[{"href":"https:\/\/somosdelprieto.com\/index.php\/wp-json\/wp\/v2\/media?parent=1820"}],"wp:term":[{"taxonomy":"category","embeddable":true,"href":"https:\/\/somosdelprieto.com\/index.php\/wp-json\/wp\/v2\/categories?post=1820"},{"taxonomy":"post_tag","embeddable":true,"href":"https:\/\/somosdelprieto.com\/index.php\/wp-json\/wp\/v2\/tags?post=1820"}],"curies":[{"name":"wp","href":"https:\/\/api.w.org\/{rel}","templated":true}]}}