{"id":17673,"date":"2024-04-19T12:22:10","date_gmt":"2024-04-19T10:22:10","guid":{"rendered":"https:\/\/somosdelprieto.com\/?p=17673"},"modified":"2024-05-03T11:09:58","modified_gmt":"2024-05-03T09:09:58","slug":"programa-titula-s-cofinanciado-por-la-union-europea","status":"publish","type":"post","link":"https:\/\/somosdelprieto.com\/index.php\/2024\/04\/19\/programa-titula-s-cofinanciado-por-la-union-europea\/","title":{"rendered":"PROGRAMA TITULA-S COFINANCIADO POR EL FONDO SOCIAL EUROPEO+ (FSE+)"},"content":{"rendered":"\n<p>En este curso acad\u00e9mico, estamos desarrollando el Programa TITULA-S que est\u00e1 integrado en el VI Plan de \u00c9xito Educativo y Prevenci\u00f3n del Abandono Escolar Temprano, y que est\u00e1 dirigido al alumnado de 1\u00ba y 2\u00ba de ESO. Este programa est\u00e1 cofinanciado por el Fondo Social Europeo+ (FSE+)<\/p>\n\n\n\n<p><\/p>\n\n\n\n<p><\/p>\n\n\n\n<figure class=\"wp-block-image size-large\"><img loading=\"lazy\" decoding=\"async\" width=\"1024\" height=\"724\" src=\"https:\/\/somosdelprieto.com\/wp-content\/uploads\/2024\/04\/Modelo-cartel-1024x724.png\" alt=\"\" class=\"wp-image-17674\" srcset=\"https:\/\/somosdelprieto.com\/wp-content\/uploads\/2024\/04\/Modelo-cartel-1024x724.png 1024w, https:\/\/somosdelprieto.com\/wp-content\/uploads\/2024\/04\/Modelo-cartel-300x212.png 300w, https:\/\/somosdelprieto.com\/wp-content\/uploads\/2024\/04\/Modelo-cartel-768x543.png 768w, https:\/\/somosdelprieto.com\/wp-content\/uploads\/2024\/04\/Modelo-cartel-1536x1086.png 1536w, https:\/\/somosdelprieto.com\/wp-content\/uploads\/2024\/04\/Modelo-cartel-2048x1448.png 2048w\" sizes=\"auto, (max-width: 767px) 89vw, (max-width: 1000px) 54vw, (max-width: 1071px) 543px, 580px\" \/><\/figure>\n\n\n\n<p><\/p>\n\n\n\n<p><\/p>\n","protected":false},"excerpt":{"rendered":"<p>En este curso acad\u00e9mico, estamos desarrollando el Programa TITULA-S que est\u00e1 integrado en el VI Plan de \u00c9xito Educativo y Prevenci\u00f3n del Abandono Escolar Temprano, y que est\u00e1 dirigido al alumnado de 1\u00ba y 2\u00ba de ESO. Este programa est\u00e1 cofinanciado por el Fondo Social Europeo+ (FSE+)<\/p>\n","protected":false},"author":4,"featured_media":17674,"comment_status":"closed","ping_status":"closed","sticky":false,"template":"","format":"standard","meta":{"footnotes":""},"categories":[129,1],"tags":[359,358],"class_list":["post-17673","post","type-post","status-publish","format-standard","has-post-thumbnail","hentry","category-fondo-social-europeo","category-noticias","tag-titula-s","tag-union-europea"],"_links":{"self":[{"href":"https:\/\/somosdelprieto.com\/index.php\/wp-json\/wp\/v2\/posts\/17673","targetHints":{"allow":["GET"]}}],"collection":[{"href":"https:\/\/somosdelprieto.com\/index.php\/wp-json\/wp\/v2\/posts"}],"about":[{"href":"https:\/\/somosdelprieto.com\/index.php\/wp-json\/wp\/v2\/types\/post"}],"author":[{"embeddable":true,"href":"https:\/\/somosdelprieto.com\/index.php\/wp-json\/wp\/v2\/users\/4"}],"replies":[{"embeddable":true,"href":"https:\/\/somosdelprieto.com\/index.php\/wp-json\/wp\/v2\/comments?post=17673"}],"version-history":[{"count":2,"href":"https:\/\/somosdelprieto.com\/index.php\/wp-json\/wp\/v2\/posts\/17673\/revisions"}],"predecessor-version":[{"id":18229,"href":"https:\/\/somosdelprieto.com\/index.php\/wp-json\/wp\/v2\/posts\/17673\/revisions\/18229"}],"wp:featuredmedia":[{"embeddable":true,"href":"https:\/\/somosdelprieto.com\/index.php\/wp-json\/wp\/v2\/media\/17674"}],"wp:attachment":[{"href":"https:\/\/somosdelprieto.com\/index.php\/wp-json\/wp\/v2\/media?parent=17673"}],"wp:term":[{"taxonomy":"category","embeddable":true,"href":"https:\/\/somosdelprieto.com\/index.php\/wp-json\/wp\/v2\/categories?post=17673"},{"taxonomy":"post_tag","embeddable":true,"href":"https:\/\/somosdelprieto.com\/index.php\/wp-json\/wp\/v2\/tags?post=17673"}],"curies":[{"name":"wp","href":"https:\/\/api.w.org\/{rel}","templated":true}]}}