{"id":17646,"date":"2024-04-17T11:59:31","date_gmt":"2024-04-17T09:59:31","guid":{"rendered":"https:\/\/somosdelprieto.com\/?p=17646"},"modified":"2024-04-17T11:59:32","modified_gmt":"2024-04-17T09:59:32","slug":"curso-erasmus-en-berlin","status":"publish","type":"post","link":"https:\/\/somosdelprieto.com\/index.php\/2024\/04\/17\/curso-erasmus-en-berlin\/","title":{"rendered":"CURSO ERASMUS+ EN BERL\u00cdN"},"content":{"rendered":"\n<p>Erasmus+ nos ha brindado de nuevo la posibilidad de realizar una movilidad de formaci\u00f3n sobre la lengua alemana en Berl\u00edn. Hemos viajado del 7 al 13 de abril y hemos realizado un curso intensivo de 5 d\u00edas en el centro de aprendizaje de la lengua alemana GLS. Ten\u00edamos dos profesores distintos: Jerem\u00edas y Andreas que presentaban todos los d\u00edas clases muy fluidas, interactivas y din\u00e1micas. Nos ha gustado mucho la gran variedad de ejercicios que presentaban porque permit\u00edan avanzar r\u00e1pidamente en las distintas habilidades ling\u00fc\u00edsticas. Ejercicios orales con alumnos de nacionalidades muy diversas, como EEUU, Australia, Suiza o Francia y Espa\u00f1a se realizaban en todos los periodos lectivos. Todas las clases se llevaron a cabo exclusivamente en alem\u00e1n. Tambi\u00e9n hac\u00edamos actividades del libro de texto para reforzar la gram\u00e1tica y el vocabulario tanto en clase como posteriormente en forma de deberes. Hemos aprendido cultura e historia de la UE explicada en alem\u00e1n, lo cual consideramos que ha sido un gran reto. Tambi\u00e9n realiz\u00e1bamos redacciones para consolidar el aprendizaje de la lengua escrita y hemos practicado la lectura y la escucha durante toda nuestra estancia en GLS.<\/p>\n\n\n\n<div class=\"wp-block-columns is-layout-flex wp-container-core-columns-is-layout-9d6595d7 wp-block-columns-is-layout-flex\">\n<div class=\"wp-block-column is-vertically-aligned-center is-layout-flow wp-block-column-is-layout-flow\" style=\"flex-basis:100%\"><div class=\"wp-block-image\">\n<figure class=\"aligncenter size-full\"><img loading=\"lazy\" decoding=\"async\" width=\"333\" height=\"601\" src=\"https:\/\/somosdelprieto.com\/wp-content\/uploads\/2024\/04\/Captura-de-pantalla-2024-04-17-a-las-11.48.38.png\" alt=\"\" class=\"wp-image-17649\" srcset=\"https:\/\/somosdelprieto.com\/wp-content\/uploads\/2024\/04\/Captura-de-pantalla-2024-04-17-a-las-11.48.38.png 333w, https:\/\/somosdelprieto.com\/wp-content\/uploads\/2024\/04\/Captura-de-pantalla-2024-04-17-a-las-11.48.38-166x300.png 166w\" sizes=\"auto, (max-width: 333px) 100vw, 333px\" \/><\/figure>\n<\/div><\/div>\n<\/div>\n\n\n\n<div class=\"wp-block-columns is-layout-flex wp-container-core-columns-is-layout-9d6595d7 wp-block-columns-is-layout-flex\">\n<div class=\"wp-block-column is-layout-flow wp-block-column-is-layout-flow\" style=\"flex-basis:100%\">\n<p>El tiempo atmosf\u00e9rico nos ha acompa\u00f1ado igualmente durante nuestra andadura para aprender el idioma e imbuirnos de la vida cultural y paisaj\u00edstica de Berl\u00edn. Hemos visitado el famoso Tiergarten Park, el Neues Museum en busca del impresionante busto de Nefertiti y el antiguo aeropuerto Tempelhof\u00a0 entre otros lugares de la ciudad y sin por supuesto olvidar la impresionante Puerta de Brandemburgo.<\/p>\n\n\n<div class=\"wp-block-image\">\n<figure class=\"aligncenter size-full\"><img loading=\"lazy\" decoding=\"async\" width=\"240\" height=\"539\" src=\"https:\/\/somosdelprieto.com\/wp-content\/uploads\/2024\/04\/Captura-de-pantalla-2024-04-17-a-las-11.48.52-1.png\" alt=\"\" class=\"wp-image-17651\" srcset=\"https:\/\/somosdelprieto.com\/wp-content\/uploads\/2024\/04\/Captura-de-pantalla-2024-04-17-a-las-11.48.52-1.png 240w, https:\/\/somosdelprieto.com\/wp-content\/uploads\/2024\/04\/Captura-de-pantalla-2024-04-17-a-las-11.48.52-1-134x300.png 134w\" sizes=\"auto, (max-width: 240px) 100vw, 240px\" \/><\/figure>\n<\/div><\/div>\n<\/div>\n\n\n\n<p>Ha sido una muy buena oportunidad para nosotras de ahondar en el aprendizaje y el estudio del alem\u00e1n al tiempo que visit\u00e1bamos lugares emblem\u00e1ticos hist\u00f3ricamente y rincones interesantes de una tan importante ciudad como Berl\u00edn. El ambiente ha sido en todo momento muy relajante y tranquilo propiciando el estudio pues Berl\u00edn transmite sensaci\u00f3n de seguridad y harmon\u00eda.<\/p>\n\n\n\n<p>Agradecemos a Erasmus+ y a su equipo en el IES Gregorio Prieto el haber tenido esta oportunidad para estudiar este idioma que tanto nos gusta.<\/p>\n\n\n<div class=\"wp-block-image\">\n<figure class=\"aligncenter size-full\"><img loading=\"lazy\" decoding=\"async\" width=\"296\" height=\"536\" src=\"https:\/\/somosdelprieto.com\/wp-content\/uploads\/2024\/04\/Captura-de-pantalla-2024-04-17-a-las-11.54.46.png\" alt=\"\" class=\"wp-image-17652\" srcset=\"https:\/\/somosdelprieto.com\/wp-content\/uploads\/2024\/04\/Captura-de-pantalla-2024-04-17-a-las-11.54.46.png 296w, https:\/\/somosdelprieto.com\/wp-content\/uploads\/2024\/04\/Captura-de-pantalla-2024-04-17-a-las-11.54.46-166x300.png 166w\" sizes=\"auto, (max-width: 296px) 100vw, 296px\" \/><\/figure>\n<\/div>\n\n<div class=\"wp-block-image\">\n<figure class=\"aligncenter size-full\"><img loading=\"lazy\" decoding=\"async\" width=\"305\" height=\"409\" src=\"https:\/\/somosdelprieto.com\/wp-content\/uploads\/2024\/04\/Captura-de-pantalla-2024-04-17-a-las-11.54.56.png\" alt=\"\" class=\"wp-image-17653\" srcset=\"https:\/\/somosdelprieto.com\/wp-content\/uploads\/2024\/04\/Captura-de-pantalla-2024-04-17-a-las-11.54.56.png 305w, https:\/\/somosdelprieto.com\/wp-content\/uploads\/2024\/04\/Captura-de-pantalla-2024-04-17-a-las-11.54.56-224x300.png 224w\" sizes=\"auto, (max-width: 305px) 100vw, 305px\" \/><\/figure>\n<\/div>","protected":false},"excerpt":{"rendered":"<p>Erasmus+ nos ha brindado de nuevo la posibilidad de realizar una movilidad de formaci\u00f3n sobre la lengua alemana en Berl\u00edn. Hemos viajado del 7 al 13 de abril y hemos realizado un curso intensivo de 5 d\u00edas en el centro de aprendizaje de la lengua alemana GLS. Ten\u00edamos dos profesores distintos: Jerem\u00edas y Andreas que &hellip; <\/p>\n<p class=\"link-more\"><a href=\"https:\/\/somosdelprieto.com\/index.php\/2024\/04\/17\/curso-erasmus-en-berlin\/\" class=\"more-link\">Continuar leyendo<span class=\"screen-reader-text\"> \u00abCURSO ERASMUS+ EN BERL\u00cdN\u00bb<\/span><\/a><\/p>\n","protected":false},"author":36,"featured_media":17654,"comment_status":"closed","ping_status":"closed","sticky":false,"template":"","format":"standard","meta":{"footnotes":""},"categories":[4,106,1],"tags":[],"class_list":["post-17646","post","type-post","status-publish","format-standard","has-post-thumbnail","hentry","category-erasmus","category-formacion","category-noticias"],"_links":{"self":[{"href":"https:\/\/somosdelprieto.com\/index.php\/wp-json\/wp\/v2\/posts\/17646","targetHints":{"allow":["GET"]}}],"collection":[{"href":"https:\/\/somosdelprieto.com\/index.php\/wp-json\/wp\/v2\/posts"}],"about":[{"href":"https:\/\/somosdelprieto.com\/index.php\/wp-json\/wp\/v2\/types\/post"}],"author":[{"embeddable":true,"href":"https:\/\/somosdelprieto.com\/index.php\/wp-json\/wp\/v2\/users\/36"}],"replies":[{"embeddable":true,"href":"https:\/\/somosdelprieto.com\/index.php\/wp-json\/wp\/v2\/comments?post=17646"}],"version-history":[{"count":1,"href":"https:\/\/somosdelprieto.com\/index.php\/wp-json\/wp\/v2\/posts\/17646\/revisions"}],"predecessor-version":[{"id":17655,"href":"https:\/\/somosdelprieto.com\/index.php\/wp-json\/wp\/v2\/posts\/17646\/revisions\/17655"}],"wp:featuredmedia":[{"embeddable":true,"href":"https:\/\/somosdelprieto.com\/index.php\/wp-json\/wp\/v2\/media\/17654"}],"wp:attachment":[{"href":"https:\/\/somosdelprieto.com\/index.php\/wp-json\/wp\/v2\/media?parent=17646"}],"wp:term":[{"taxonomy":"category","embeddable":true,"href":"https:\/\/somosdelprieto.com\/index.php\/wp-json\/wp\/v2\/categories?post=17646"},{"taxonomy":"post_tag","embeddable":true,"href":"https:\/\/somosdelprieto.com\/index.php\/wp-json\/wp\/v2\/tags?post=17646"}],"curies":[{"name":"wp","href":"https:\/\/api.w.org\/{rel}","templated":true}]}}