{"id":17516,"date":"2024-03-30T11:37:20","date_gmt":"2024-03-30T10:37:20","guid":{"rendered":"https:\/\/somosdelprieto.com\/?p=17516"},"modified":"2024-03-30T11:37:21","modified_gmt":"2024-03-30T10:37:21","slug":"1a-reunion-del-proyecto-de-movilidad-sostenible","status":"publish","type":"post","link":"https:\/\/somosdelprieto.com\/index.php\/2024\/03\/30\/1a-reunion-del-proyecto-de-movilidad-sostenible\/","title":{"rendered":"1\u00aa Reuni\u00f3n del Proyecto de movilidad sostenible"},"content":{"rendered":"\n<p>Visita al Instituto de Electroqu\u00edmica de la Universidad de Alicante<\/p>\n\n\n\n<p>El jueves 7 de Marzo de 20234, se ha realizado la primera reuni\u00f3n para la organizaci\u00f3n del proyecto de movilidad sostenible con la participaci\u00f3n de cinco centros educativos:<\/p>\n\n\n\n<figure class=\"wp-block-image size-large\"><img loading=\"lazy\" decoding=\"async\" width=\"1024\" height=\"457\" src=\"https:\/\/somosdelprieto.com\/wp-content\/uploads\/2024\/03\/m5-1024x457.jpg\" alt=\"\" class=\"wp-image-17517\" srcset=\"https:\/\/somosdelprieto.com\/wp-content\/uploads\/2024\/03\/m5-1024x457.jpg 1024w, https:\/\/somosdelprieto.com\/wp-content\/uploads\/2024\/03\/m5-300x134.jpg 300w, https:\/\/somosdelprieto.com\/wp-content\/uploads\/2024\/03\/m5-768x343.jpg 768w, https:\/\/somosdelprieto.com\/wp-content\/uploads\/2024\/03\/m5.jpg 1041w\" sizes=\"auto, (max-width: 767px) 89vw, (max-width: 1000px) 54vw, (max-width: 1071px) 543px, 580px\" \/><\/figure>\n\n\n\n<p> <br>En este caso, el CIPFP Canastell de Santa Vicent del Raspeig de Alicante, hicieron de anfitriones, organizando visitas de trabajo a su centro educativo, a la facultad de ciencias de la universidad de Alicante y al instituto de electroqu\u00edmica de la universidad de Alicante, donde todos los integrantes del proyecto, entre los que se encontraban nuestros compa\u00f1eros Miguel Mu\u00f1oz Perea y Jos\u00e9 Mar\u00eda D\u00edaz Cano, intercambiaron informaci\u00f3n y una interesante conferencia sobre el uso del hidr\u00f3geno en las pilas de combustible\u2026.. ahora toca esperar a la siguiente reuni\u00f3n que organizar\u00e1 nuestro centro en la que se seguir\u00e1 perfilando este interesante proyecto\u2026. seguiremos informando.<\/p>\n\n\n\n<figure class=\"wp-block-image size-full\"><img loading=\"lazy\" decoding=\"async\" width=\"767\" height=\"390\" src=\"https:\/\/somosdelprieto.com\/wp-content\/uploads\/2024\/03\/m1.jpg\" alt=\"\" class=\"wp-image-17518\" srcset=\"https:\/\/somosdelprieto.com\/wp-content\/uploads\/2024\/03\/m1.jpg 767w, https:\/\/somosdelprieto.com\/wp-content\/uploads\/2024\/03\/m1-300x153.jpg 300w\" sizes=\"auto, (max-width: 767px) 89vw, (max-width: 1000px) 54vw, (max-width: 1071px) 543px, 580px\" \/><\/figure>\n\n\n\n<figure class=\"wp-block-image size-full\"><img loading=\"lazy\" decoding=\"async\" width=\"997\" height=\"349\" src=\"https:\/\/somosdelprieto.com\/wp-content\/uploads\/2024\/03\/m7.jpg\" alt=\"\" class=\"wp-image-17521\" srcset=\"https:\/\/somosdelprieto.com\/wp-content\/uploads\/2024\/03\/m7.jpg 997w, https:\/\/somosdelprieto.com\/wp-content\/uploads\/2024\/03\/m7-300x105.jpg 300w, https:\/\/somosdelprieto.com\/wp-content\/uploads\/2024\/03\/m7-768x269.jpg 768w\" sizes=\"auto, (max-width: 767px) 89vw, (max-width: 1000px) 54vw, (max-width: 1071px) 543px, 580px\" \/><\/figure>\n\n\n\n<figure class=\"wp-block-image size-full\"><img loading=\"lazy\" decoding=\"async\" width=\"670\" height=\"403\" src=\"https:\/\/somosdelprieto.com\/wp-content\/uploads\/2024\/03\/m4.jpg\" alt=\"\" class=\"wp-image-17519\" srcset=\"https:\/\/somosdelprieto.com\/wp-content\/uploads\/2024\/03\/m4.jpg 670w, https:\/\/somosdelprieto.com\/wp-content\/uploads\/2024\/03\/m4-300x180.jpg 300w\" sizes=\"auto, (max-width: 670px) 100vw, 670px\" \/><\/figure>\n\n\n\n<figure class=\"wp-block-image size-full is-resized\"><img loading=\"lazy\" decoding=\"async\" width=\"594\" height=\"501\" src=\"https:\/\/somosdelprieto.com\/wp-content\/uploads\/2024\/03\/m2.jpg\" alt=\"\" class=\"wp-image-17520\" style=\"width:674px;height:auto\" srcset=\"https:\/\/somosdelprieto.com\/wp-content\/uploads\/2024\/03\/m2.jpg 594w, https:\/\/somosdelprieto.com\/wp-content\/uploads\/2024\/03\/m2-300x253.jpg 300w\" sizes=\"auto, (max-width: 594px) 100vw, 594px\" \/><\/figure>\n","protected":false},"excerpt":{"rendered":"<p>Visita al Instituto de Electroqu\u00edmica de la Universidad de Alicante El jueves 7 de Marzo de 20234, se ha realizado la primera reuni\u00f3n para la organizaci\u00f3n del proyecto de movilidad sostenible con la participaci\u00f3n de cinco centros educativos: En este caso, el CIPFP Canastell de Santa Vicent del Raspeig de Alicante, hicieron de anfitriones, organizando &hellip; <\/p>\n<p class=\"link-more\"><a href=\"https:\/\/somosdelprieto.com\/index.php\/2024\/03\/30\/1a-reunion-del-proyecto-de-movilidad-sostenible\/\" class=\"more-link\">Continuar leyendo<span class=\"screen-reader-text\"> \u00ab1\u00aa Reuni\u00f3n del Proyecto de movilidad sostenible\u00bb<\/span><\/a><\/p>\n","protected":false},"author":51,"featured_media":17518,"comment_status":"closed","ping_status":"closed","sticky":false,"template":"","format":"standard","meta":{"footnotes":""},"categories":[1,43],"tags":[],"class_list":["post-17516","post","type-post","status-publish","format-standard","has-post-thumbnail","hentry","category-noticias","category-transporte-y-mantenimiento-de-vehiculos"],"_links":{"self":[{"href":"https:\/\/somosdelprieto.com\/index.php\/wp-json\/wp\/v2\/posts\/17516","targetHints":{"allow":["GET"]}}],"collection":[{"href":"https:\/\/somosdelprieto.com\/index.php\/wp-json\/wp\/v2\/posts"}],"about":[{"href":"https:\/\/somosdelprieto.com\/index.php\/wp-json\/wp\/v2\/types\/post"}],"author":[{"embeddable":true,"href":"https:\/\/somosdelprieto.com\/index.php\/wp-json\/wp\/v2\/users\/51"}],"replies":[{"embeddable":true,"href":"https:\/\/somosdelprieto.com\/index.php\/wp-json\/wp\/v2\/comments?post=17516"}],"version-history":[{"count":2,"href":"https:\/\/somosdelprieto.com\/index.php\/wp-json\/wp\/v2\/posts\/17516\/revisions"}],"predecessor-version":[{"id":17523,"href":"https:\/\/somosdelprieto.com\/index.php\/wp-json\/wp\/v2\/posts\/17516\/revisions\/17523"}],"wp:featuredmedia":[{"embeddable":true,"href":"https:\/\/somosdelprieto.com\/index.php\/wp-json\/wp\/v2\/media\/17518"}],"wp:attachment":[{"href":"https:\/\/somosdelprieto.com\/index.php\/wp-json\/wp\/v2\/media?parent=17516"}],"wp:term":[{"taxonomy":"category","embeddable":true,"href":"https:\/\/somosdelprieto.com\/index.php\/wp-json\/wp\/v2\/categories?post=17516"},{"taxonomy":"post_tag","embeddable":true,"href":"https:\/\/somosdelprieto.com\/index.php\/wp-json\/wp\/v2\/tags?post=17516"}],"curies":[{"name":"wp","href":"https:\/\/api.w.org\/{rel}","templated":true}]}}