{"id":17445,"date":"2024-03-20T12:28:50","date_gmt":"2024-03-20T11:28:50","guid":{"rendered":"https:\/\/somosdelprieto.com\/?p=17445"},"modified":"2024-03-20T12:35:37","modified_gmt":"2024-03-20T11:35:37","slug":"reunion-informativa-con-familias-becas-residencias-evau-24-25","status":"publish","type":"post","link":"https:\/\/somosdelprieto.com\/index.php\/2024\/03\/20\/reunion-informativa-con-familias-becas-residencias-evau-24-25\/","title":{"rendered":"REUNI\u00d3N INFORMATIVA CON FAMILIAS BECAS RESIDENCIAS, EvAU 24\/25"},"content":{"rendered":"\n<p>El pasado jueves 14 de marzo se celebr\u00f3 una reuni\u00f3n con las familias del alumnado de 2\u00ba BACHILLERATO para informar de todo lo relativo a BECAS,  RESIDENCIAS, EvAU, ADMISI\u00d3N UNIVERSIDAD&#8230;<\/p>\n\n\n\n<p>Os dejamos el video de la grabaci\u00f3n de la reuni\u00f3n y el documento PDF con la informaci\u00f3n recopilada por Orientaci\u00f3n y Jefatura de Estudios del IES Gregorio Prieto.<\/p>\n\n\n\n<figure class=\"wp-block-embed is-type-video is-provider-youtube wp-block-embed-youtube wp-embed-aspect-16-9 wp-has-aspect-ratio\"><div class=\"wp-block-embed__wrapper\">\n<iframe loading=\"lazy\" title=\"REUNI\u00d3N INFORMATIVA EVAU 2024 FAMILIAS Grabaci\u00f3n de la reuni\u00f3n\" width=\"525\" height=\"295\" src=\"https:\/\/www.youtube.com\/embed\/00-aHie1SG8?feature=oembed\" frameborder=\"0\" allow=\"accelerometer; autoplay; clipboard-write; encrypted-media; gyroscope; picture-in-picture; web-share\" referrerpolicy=\"strict-origin-when-cross-origin\" allowfullscreen><\/iframe>\n<\/div><\/figure>\n\n\n\n<p><a href=\"https:\/\/drive.google.com\/file\/d\/1Fjk69KFIQEdFVhEirWkPboaWbuN2chyG\/view?usp=sharing\" data-type=\"link\" data-id=\"https:\/\/drive.google.com\/file\/d\/1Fjk69KFIQEdFVhEirWkPboaWbuN2chyG\/view?usp=sharing\">DOCUMENTO ORIENTACIONES BECAS, RESIDENCIAS, EVAU&#8230;<\/a><\/p>\n","protected":false},"excerpt":{"rendered":"<p>El pasado jueves 14 de marzo se celebr\u00f3 una reuni\u00f3n con las familias del alumnado de 2\u00ba BACHILLERATO para informar de todo lo relativo a BECAS, RESIDENCIAS, EvAU, ADMISI\u00d3N UNIVERSIDAD&#8230; Os dejamos el video de la grabaci\u00f3n de la reuni\u00f3n y el documento PDF con la informaci\u00f3n recopilada por Orientaci\u00f3n y Jefatura de Estudios del &hellip; <\/p>\n<p class=\"link-more\"><a href=\"https:\/\/somosdelprieto.com\/index.php\/2024\/03\/20\/reunion-informativa-con-familias-becas-residencias-evau-24-25\/\" class=\"more-link\">Continuar leyendo<span class=\"screen-reader-text\"> \u00abREUNI\u00d3N INFORMATIVA CON FAMILIAS BECAS RESIDENCIAS, EvAU 24\/25\u00bb<\/span><\/a><\/p>\n","protected":false},"author":11,"featured_media":2255,"comment_status":"closed","ping_status":"closed","sticky":false,"template":"","format":"standard","meta":{"footnotes":""},"categories":[1],"tags":[238,356,270,357],"class_list":["post-17445","post","type-post","status-publish","format-standard","has-post-thumbnail","hentry","category-noticias","tag-becas","tag-ebau","tag-evau","tag-residencias"],"_links":{"self":[{"href":"https:\/\/somosdelprieto.com\/index.php\/wp-json\/wp\/v2\/posts\/17445","targetHints":{"allow":["GET"]}}],"collection":[{"href":"https:\/\/somosdelprieto.com\/index.php\/wp-json\/wp\/v2\/posts"}],"about":[{"href":"https:\/\/somosdelprieto.com\/index.php\/wp-json\/wp\/v2\/types\/post"}],"author":[{"embeddable":true,"href":"https:\/\/somosdelprieto.com\/index.php\/wp-json\/wp\/v2\/users\/11"}],"replies":[{"embeddable":true,"href":"https:\/\/somosdelprieto.com\/index.php\/wp-json\/wp\/v2\/comments?post=17445"}],"version-history":[{"count":1,"href":"https:\/\/somosdelprieto.com\/index.php\/wp-json\/wp\/v2\/posts\/17445\/revisions"}],"predecessor-version":[{"id":17446,"href":"https:\/\/somosdelprieto.com\/index.php\/wp-json\/wp\/v2\/posts\/17445\/revisions\/17446"}],"wp:featuredmedia":[{"embeddable":true,"href":"https:\/\/somosdelprieto.com\/index.php\/wp-json\/wp\/v2\/media\/2255"}],"wp:attachment":[{"href":"https:\/\/somosdelprieto.com\/index.php\/wp-json\/wp\/v2\/media?parent=17445"}],"wp:term":[{"taxonomy":"category","embeddable":true,"href":"https:\/\/somosdelprieto.com\/index.php\/wp-json\/wp\/v2\/categories?post=17445"},{"taxonomy":"post_tag","embeddable":true,"href":"https:\/\/somosdelprieto.com\/index.php\/wp-json\/wp\/v2\/tags?post=17445"}],"curies":[{"name":"wp","href":"https:\/\/api.w.org\/{rel}","templated":true}]}}