{"id":17342,"date":"2024-03-04T18:54:59","date_gmt":"2024-03-04T17:54:59","guid":{"rendered":"https:\/\/somosdelprieto.com\/?p=17342"},"modified":"2024-03-04T18:54:59","modified_gmt":"2024-03-04T17:54:59","slug":"convivencia-erasmus-con-instituto-verde-horizonte-macao-portugal-y-nuestros-alumnos-de-2o-de-gm-de-mantenimiento-de-vehiculos","status":"publish","type":"post","link":"https:\/\/somosdelprieto.com\/index.php\/2024\/03\/04\/convivencia-erasmus-con-instituto-verde-horizonte-macao-portugal-y-nuestros-alumnos-de-2o-de-gm-de-mantenimiento-de-vehiculos\/","title":{"rendered":"Convivencia Erasmus con instituto Verde Horizonte \u2013 Ma\u00e7\u00e3o (Portugal) , y nuestros alumnos de 2\u00ba de GM de Mantenimiento de Veh\u00edculos."},"content":{"rendered":"\n<p><strong>Lunes 19 de febrero de 2024<\/strong><\/p>\n\n\n\n<p>Se realiz\u00f3 la visita a las instalaciones de Iveco en Madrid (Antigua Iveco-Pegaso). Este fue lugar de encuentro con nuestros compa\u00f1eros portugueses, con los cuales hemos ido realizando las actividades que m\u00e1s adelante iremos resumiendo.<\/p>\n\n\n\n<p>Como dec\u00edamos, en Iveco nos recibieron con un peque\u00f1o desayuno y a continuaci\u00f3n nos hablaron sobre la historia de la empresa y de las posibilidades de trabajo futuro en la misma. Seguidamente nos ofrecieron una visita guiada a parte de sus instalaciones, con la que pudimos comprobar c\u00f3mo trabajan en una de las cadenas de montaje.<\/p>\n\n\n<div class=\"wp-block-image\">\n<figure class=\"aligncenter size-full\"><img loading=\"lazy\" decoding=\"async\" width=\"555\" height=\"256\" src=\"https:\/\/somosdelprieto.com\/wp-content\/uploads\/2024\/03\/image.png\" alt=\"\" class=\"wp-image-17343\" srcset=\"https:\/\/somosdelprieto.com\/wp-content\/uploads\/2024\/03\/image.png 555w, https:\/\/somosdelprieto.com\/wp-content\/uploads\/2024\/03\/image-300x138.png 300w\" sizes=\"auto, (max-width: 555px) 100vw, 555px\" \/><\/figure>\n<\/div>\n\n\n<p>Posteriormente, despu\u00e9s de la comida, visitamos el museo de la moto de marcas espa\u00f1olas. (Motos Made in Spain) Gracias al gu\u00eda que nos asignaron, pudimos disfrutar y aprender mucho de las diferentes motos, marcas curiosidades, an\u00e9cdotas, etc de la fant\u00e1stica colecci\u00f3n de la que disponen (Alcal\u00e1 de Henares), todas marcas espa\u00f1olas.<\/p>\n\n\n<div class=\"wp-block-image\">\n<figure class=\"aligncenter size-full\"><img loading=\"lazy\" decoding=\"async\" width=\"604\" height=\"269\" src=\"https:\/\/somosdelprieto.com\/wp-content\/uploads\/2024\/03\/image-1.png\" alt=\"\" class=\"wp-image-17344\" srcset=\"https:\/\/somosdelprieto.com\/wp-content\/uploads\/2024\/03\/image-1.png 604w, https:\/\/somosdelprieto.com\/wp-content\/uploads\/2024\/03\/image-1-300x134.png 300w\" sizes=\"auto, (max-width: 604px) 100vw, 604px\" \/><\/figure>\n<\/div>\n\n\n<p><strong>Martes 20 de febrero de 2024<\/strong><\/p>\n\n\n\n<p>En primer lugar, se les hizo a nuestros compa\u00f1eros portugueses un peque\u00f1o recibimiento en el sal\u00f3n de actos del centro, por parte de nuestro director David y a continuaci\u00f3n aprovechamos para mostrarles las diferentes instalaciones del centro. Al finalizar, cada departamento procedi\u00f3 a desarrollar por separado sus actividades correspondientes.<\/p>\n\n\n<div class=\"wp-block-image\">\n<figure class=\"aligncenter size-full\"><img loading=\"lazy\" decoding=\"async\" width=\"564\" height=\"354\" src=\"https:\/\/somosdelprieto.com\/wp-content\/uploads\/2024\/03\/image-2.png\" alt=\"\" class=\"wp-image-17345\" srcset=\"https:\/\/somosdelprieto.com\/wp-content\/uploads\/2024\/03\/image-2.png 564w, https:\/\/somosdelprieto.com\/wp-content\/uploads\/2024\/03\/image-2-300x188.png 300w\" sizes=\"auto, (max-width: 564px) 100vw, 564px\" \/><\/figure>\n<\/div>\n\n\n<p>En esta ocasi\u00f3n la actividad organizada por parte nuestra, se encuentra desarrollada en el pol\u00edgono industrial de Valdepe\u00f1as. Consiste en la visita a la empresa CNC B\u00e1rcenas, que se dedica a la fabricaci\u00f3n y venta fresadoras CNC, as\u00ed como impresoras 3D industriales. Amablemente nos muestran sus instalaciones, nos hablan sobre su proyecci\u00f3n de mercado, posibilidad de trabajo, etc.<\/p>\n\n\n\n<figure class=\"wp-block-image size-full\"><img loading=\"lazy\" decoding=\"async\" width=\"661\" height=\"461\" src=\"https:\/\/somosdelprieto.com\/wp-content\/uploads\/2024\/03\/image-3.png\" alt=\"\" class=\"wp-image-17346\" srcset=\"https:\/\/somosdelprieto.com\/wp-content\/uploads\/2024\/03\/image-3.png 661w, https:\/\/somosdelprieto.com\/wp-content\/uploads\/2024\/03\/image-3-300x209.png 300w\" sizes=\"auto, (max-width: 661px) 100vw, 661px\" \/><\/figure>\n\n\n\n<p><strong>Mi\u00e9rcoles 21 de febrero de 2024<\/strong><\/p>\n\n\n\n<p>Este d\u00eda se organiz\u00f3 doble de actividades junto a los alumnos de hosteler\u00eda y comercio, siendo en primer lugar la visita al parque natural de las lagunas de Ruidera. All\u00ed hicimos una peque\u00f1a ruta desde Los leones hasta la laguna San Pedro.<\/p>\n\n\n\n<figure class=\"wp-block-image size-full\"><img loading=\"lazy\" decoding=\"async\" width=\"705\" height=\"491\" src=\"https:\/\/somosdelprieto.com\/wp-content\/uploads\/2024\/03\/image-4.png\" alt=\"\" class=\"wp-image-17347\" srcset=\"https:\/\/somosdelprieto.com\/wp-content\/uploads\/2024\/03\/image-4.png 705w, https:\/\/somosdelprieto.com\/wp-content\/uploads\/2024\/03\/image-4-300x209.png 300w\" sizes=\"auto, (max-width: 705px) 100vw, 705px\" \/><\/figure>\n\n\n\n<p>Posteriormente viajamos en autob\u00fas hasta Torrenueva, para conocer las instalaciones del Hotel La Caminera. En esta ocasi\u00f3n los chicos de automoci\u00f3n y compa\u00f1eros portugueses pudimos ver la pista privada de aterrizaje que dispone el hotel, as\u00ed como diversos veh\u00edculos que utilizan en el d\u00eda a d\u00eda, desde un todo terreno santana, hasta un veh\u00edculo el\u00e9ctrico para recorrer el campo de golf que disponen para los clientes. Igualmente nos hicieron una demostraci\u00f3n con el veh\u00edculo de emergencias que requieren para el uso de la pista de aterrizaje.<\/p>\n\n\n<div class=\"wp-block-image\">\n<figure class=\"aligncenter size-full\"><img loading=\"lazy\" decoding=\"async\" width=\"602\" height=\"337\" src=\"https:\/\/somosdelprieto.com\/wp-content\/uploads\/2024\/03\/image-5.png\" alt=\"\" class=\"wp-image-17348\" srcset=\"https:\/\/somosdelprieto.com\/wp-content\/uploads\/2024\/03\/image-5.png 602w, https:\/\/somosdelprieto.com\/wp-content\/uploads\/2024\/03\/image-5-300x168.png 300w\" sizes=\"auto, (max-width: 602px) 100vw, 602px\" \/><\/figure>\n<\/div>\n\n\n<p><strong>Jueves 22 de febrero de 2024<\/strong><\/p>\n\n\n\n<p>En esta ocasi\u00f3n la visita junto a nuestros compa\u00f1eros portugueses fue en el pol\u00edgono industrial de valdepe\u00f1as. Aprovechamos para visitar dos empresas que, aun teniendo cosas en com\u00fan, su mercado es muy diferente.<\/p>\n\n\n\n<p>En primer lugar, tuvimos la oportunidad de recorrer los talleres de la empresa Hermanos Huertas Castellano S.L., dedicada a fabricaci\u00f3n de Porta Moldes y Porta Matrices especiales para la inyecci\u00f3n de pl\u00e1stico, aluminio, magnesio\u2026, cuyo responsable nos hizo una visita magistral por cada zona de trabajo de su empresa.<\/p>\n\n\n<div class=\"wp-block-image\">\n<figure class=\"aligncenter size-full\"><img loading=\"lazy\" decoding=\"async\" width=\"464\" height=\"298\" src=\"https:\/\/somosdelprieto.com\/wp-content\/uploads\/2024\/03\/image-6.png\" alt=\"\" class=\"wp-image-17349\" srcset=\"https:\/\/somosdelprieto.com\/wp-content\/uploads\/2024\/03\/image-6.png 464w, https:\/\/somosdelprieto.com\/wp-content\/uploads\/2024\/03\/image-6-300x193.png 300w\" sizes=\"auto, (max-width: 464px) 100vw, 464px\" \/><\/figure>\n<\/div>\n\n\n<p>Una vez terminada la visita anterior nos dirigimos a otra empresa de la localidad, relativamente nueva, ambiciosa y con un futuro prometedor, llamada Opal Machining SL. Esta empresa est\u00e1 dedicada a la producci\u00f3n de sistemas optomec\u00e1nicos de gran calidad y precisi\u00f3n, adem\u00e1s de a mecanizados de precisi\u00f3n y servicios de asesor\u00eda.<\/p>\n\n\n<div class=\"wp-block-image\">\n<figure class=\"aligncenter size-full\"><img loading=\"lazy\" decoding=\"async\" width=\"470\" height=\"416\" src=\"https:\/\/somosdelprieto.com\/wp-content\/uploads\/2024\/03\/image-7.png\" alt=\"\" class=\"wp-image-17350\" srcset=\"https:\/\/somosdelprieto.com\/wp-content\/uploads\/2024\/03\/image-7.png 470w, https:\/\/somosdelprieto.com\/wp-content\/uploads\/2024\/03\/image-7-300x266.png 300w\" sizes=\"auto, (max-width: 470px) 100vw, 470px\" \/><\/figure>\n<\/div>\n\n\n<p>Tanto en las empresas visitadas ese d\u00eda como en d\u00edas anteriores, debemos de agradecerles que nos abrieran sus puertas para poder conocerlas y ver qu\u00e9 posibilidades de empleo tienen nuestros alumnos, en un futuro ya no muy lejano.<\/p>\n\n\n\n<p><strong>Viernes 23 de febrero de 2024<\/strong><\/p>\n\n\n\n<p>Esta jornada se aprovech\u00f3 para compartir con nuestros ya amigos portugueses, diferentes actividades virtuales. Para ello se propuso la ejecuci\u00f3n de diversos ejercicios de soldadura mediante m\u00e1quina virtual (m\u00e1quina de electrodo y Tig), adem\u00e1s de b\u00fasqueda de aver\u00edas en sistemas el\u00e9ctricos auxiliares del motor utilizando el emulador electude.<\/p>\n\n\n<div class=\"wp-block-image\">\n<figure class=\"aligncenter size-full\"><img loading=\"lazy\" decoding=\"async\" width=\"410\" height=\"559\" src=\"https:\/\/somosdelprieto.com\/wp-content\/uploads\/2024\/03\/image-9.png\" alt=\"\" class=\"wp-image-17354\" srcset=\"https:\/\/somosdelprieto.com\/wp-content\/uploads\/2024\/03\/image-9.png 410w, https:\/\/somosdelprieto.com\/wp-content\/uploads\/2024\/03\/image-9-220x300.png 220w\" sizes=\"auto, (max-width: 410px) 100vw, 410px\" \/><\/figure>\n<\/div>\n\n\n<p>La ma\u00f1ana termin\u00f3 con el acto de despedida a nuestros visitantes, mediante un peque\u00f1o aperitivo en el sal\u00f3n de la almazara y la entrega de acreditaci\u00f3n erasmus a los alumnos portugueses.<\/p>\n\n\n\n<figure class=\"wp-block-image size-full\"><img loading=\"lazy\" decoding=\"async\" width=\"819\" height=\"527\" src=\"https:\/\/somosdelprieto.com\/wp-content\/uploads\/2024\/03\/image-8.png\" alt=\"\" class=\"wp-image-17351\" srcset=\"https:\/\/somosdelprieto.com\/wp-content\/uploads\/2024\/03\/image-8.png 819w, https:\/\/somosdelprieto.com\/wp-content\/uploads\/2024\/03\/image-8-300x193.png 300w, https:\/\/somosdelprieto.com\/wp-content\/uploads\/2024\/03\/image-8-768x494.png 768w\" sizes=\"auto, (max-width: 767px) 89vw, (max-width: 1000px) 54vw, (max-width: 1071px) 543px, 580px\" \/><\/figure>\n\n\n\n<p>Con esta \u00faltima actividad, se daba por finalizada la semana de convivencia con nuestros amigos portugueses.<\/p>\n\n\n\n<p class=\"has-text-align-right\">Tomas Diaz-Malaguilla Santos-Orejon<\/p>\n\n\n\n<p class=\"has-text-align-right\">Javier Sanchez Anegas<\/p>\n","protected":false},"excerpt":{"rendered":"<p>Lunes 19 de febrero de 2024 Se realiz\u00f3 la visita a las instalaciones de Iveco en Madrid (Antigua Iveco-Pegaso). Este fue lugar de encuentro con nuestros compa\u00f1eros portugueses, con los cuales hemos ido realizando las actividades que m\u00e1s adelante iremos resumiendo. Como dec\u00edamos, en Iveco nos recibieron con un peque\u00f1o desayuno y a continuaci\u00f3n nos &hellip; <\/p>\n<p class=\"link-more\"><a href=\"https:\/\/somosdelprieto.com\/index.php\/2024\/03\/04\/convivencia-erasmus-con-instituto-verde-horizonte-macao-portugal-y-nuestros-alumnos-de-2o-de-gm-de-mantenimiento-de-vehiculos\/\" class=\"more-link\">Continuar leyendo<span class=\"screen-reader-text\"> \u00abConvivencia Erasmus con instituto Verde Horizonte \u2013 Ma\u00e7\u00e3o (Portugal) , y nuestros alumnos de 2\u00ba de GM de Mantenimiento de Veh\u00edculos.\u00bb<\/span><\/a><\/p>\n","protected":false},"author":51,"featured_media":17344,"comment_status":"closed","ping_status":"closed","sticky":false,"template":"","format":"standard","meta":{"footnotes":""},"categories":[4,1,43],"tags":[143,56,352,353],"class_list":["post-17342","post","type-post","status-publish","format-standard","has-post-thumbnail","hentry","category-erasmus","category-noticias","category-transporte-y-mantenimiento-de-vehiculos","tag-erasmus","tag-ies-gregorio-prieto","tag-mantenimiento-de-vehiculos-2","tag-valdepenas-2"],"_links":{"self":[{"href":"https:\/\/somosdelprieto.com\/index.php\/wp-json\/wp\/v2\/posts\/17342","targetHints":{"allow":["GET"]}}],"collection":[{"href":"https:\/\/somosdelprieto.com\/index.php\/wp-json\/wp\/v2\/posts"}],"about":[{"href":"https:\/\/somosdelprieto.com\/index.php\/wp-json\/wp\/v2\/types\/post"}],"author":[{"embeddable":true,"href":"https:\/\/somosdelprieto.com\/index.php\/wp-json\/wp\/v2\/users\/51"}],"replies":[{"embeddable":true,"href":"https:\/\/somosdelprieto.com\/index.php\/wp-json\/wp\/v2\/comments?post=17342"}],"version-history":[{"count":4,"href":"https:\/\/somosdelprieto.com\/index.php\/wp-json\/wp\/v2\/posts\/17342\/revisions"}],"predecessor-version":[{"id":17356,"href":"https:\/\/somosdelprieto.com\/index.php\/wp-json\/wp\/v2\/posts\/17342\/revisions\/17356"}],"wp:featuredmedia":[{"embeddable":true,"href":"https:\/\/somosdelprieto.com\/index.php\/wp-json\/wp\/v2\/media\/17344"}],"wp:attachment":[{"href":"https:\/\/somosdelprieto.com\/index.php\/wp-json\/wp\/v2\/media?parent=17342"}],"wp:term":[{"taxonomy":"category","embeddable":true,"href":"https:\/\/somosdelprieto.com\/index.php\/wp-json\/wp\/v2\/categories?post=17342"},{"taxonomy":"post_tag","embeddable":true,"href":"https:\/\/somosdelprieto.com\/index.php\/wp-json\/wp\/v2\/tags?post=17342"}],"curies":[{"name":"wp","href":"https:\/\/api.w.org\/{rel}","templated":true}]}}