{"id":17215,"date":"2024-02-22T11:39:15","date_gmt":"2024-02-22T10:39:15","guid":{"rendered":"https:\/\/somosdelprieto.com\/?p=17215"},"modified":"2024-02-22T11:39:16","modified_gmt":"2024-02-22T10:39:16","slug":"visita-a-la-book-fair-23-24","status":"publish","type":"post","link":"https:\/\/somosdelprieto.com\/index.php\/2024\/02\/22\/visita-a-la-book-fair-23-24\/","title":{"rendered":"Visita a la Book Fair  23-24"},"content":{"rendered":"\n<p>El pasado d\u00eda 19 de febrero nuestro alumnado de 1\u00baESO se puso de nuevo en marcha para compartir espacio y talleres con el alumnado de 5\u00ba y 6\u00ba de primaria del colegio Maestro Juan Alcaide con motivo de la Feria del Libro.<\/p>\n\n\n\n<p>Se prepararon diferentes talleres desde las materias de Ingl\u00e9s, Educaci\u00f3n F\u00edsica y Geograf\u00eda e Historia relacionadas con la importancia de la palabra, la lectura y la escritura, con el objetivo de llevarlas a cabo junto al alumnado de primaria.&nbsp; In English, of course!<\/p>\n\n\n\n<div class=\"wp-block-columns is-layout-flex wp-container-core-columns-is-layout-9d6595d7 wp-block-columns-is-layout-flex\">\n<div class=\"wp-block-column is-layout-flow wp-block-column-is-layout-flow\">\n<figure class=\"wp-block-image size-large\"><img loading=\"lazy\" decoding=\"async\" width=\"1024\" height=\"458\" src=\"https:\/\/somosdelprieto.com\/wp-content\/uploads\/2024\/02\/IMG-20240219-WA0021-1024x458.jpg\" alt=\"\" class=\"wp-image-17217\" srcset=\"https:\/\/somosdelprieto.com\/wp-content\/uploads\/2024\/02\/IMG-20240219-WA0021-1024x458.jpg 1024w, https:\/\/somosdelprieto.com\/wp-content\/uploads\/2024\/02\/IMG-20240219-WA0021-300x134.jpg 300w, https:\/\/somosdelprieto.com\/wp-content\/uploads\/2024\/02\/IMG-20240219-WA0021-768x344.jpg 768w, https:\/\/somosdelprieto.com\/wp-content\/uploads\/2024\/02\/IMG-20240219-WA0021-1536x687.jpg 1536w, https:\/\/somosdelprieto.com\/wp-content\/uploads\/2024\/02\/IMG-20240219-WA0021.jpg 1600w\" sizes=\"auto, (max-width: 767px) 89vw, (max-width: 1000px) 54vw, (max-width: 1071px) 543px, 580px\" \/><\/figure>\n<\/div>\n\n\n\n<div class=\"wp-block-column is-layout-flow wp-block-column-is-layout-flow\">\n<figure class=\"wp-block-image size-large\"><img loading=\"lazy\" decoding=\"async\" width=\"1024\" height=\"458\" src=\"https:\/\/somosdelprieto.com\/wp-content\/uploads\/2024\/02\/IMG-20240219-WA0020-1024x458.jpg\" alt=\"\" class=\"wp-image-17216\" srcset=\"https:\/\/somosdelprieto.com\/wp-content\/uploads\/2024\/02\/IMG-20240219-WA0020-1024x458.jpg 1024w, https:\/\/somosdelprieto.com\/wp-content\/uploads\/2024\/02\/IMG-20240219-WA0020-300x134.jpg 300w, https:\/\/somosdelprieto.com\/wp-content\/uploads\/2024\/02\/IMG-20240219-WA0020-768x344.jpg 768w, https:\/\/somosdelprieto.com\/wp-content\/uploads\/2024\/02\/IMG-20240219-WA0020-1536x687.jpg 1536w, https:\/\/somosdelprieto.com\/wp-content\/uploads\/2024\/02\/IMG-20240219-WA0020.jpg 1600w\" sizes=\"auto, (max-width: 767px) 89vw, (max-width: 1000px) 54vw, (max-width: 1071px) 543px, 580px\" \/><\/figure>\n<\/div>\n<\/div>\n\n\n\n<p>Por citar un ejemplo el departamento de Geograf\u00eda e Historia realiz\u00f3 una actividad-taller denominada <strong><em>Who is the character? <\/em><\/strong>en la que el alumnado, a trav\u00e9s de una pista, ten\u00edan que adivinar el personaje hist\u00f3rico del que se trataba, elegirlo de entre una serie de caricaturas y situarlo en su pa\u00eds correspondiente. Dividimos cada grupo en dos, cronometramos y puntuamos los aciertos. Fue bastante ameno y&nbsp; se lo pasaron genial.<\/p>\n\n\n\n<div class=\"wp-block-columns is-layout-flex wp-container-core-columns-is-layout-9d6595d7 wp-block-columns-is-layout-flex\">\n<div class=\"wp-block-column is-layout-flow wp-block-column-is-layout-flow\">\n<figure class=\"wp-block-image size-large\"><img loading=\"lazy\" decoding=\"async\" width=\"1024\" height=\"767\" src=\"https:\/\/somosdelprieto.com\/wp-content\/uploads\/2024\/02\/IMG-20240220-WA0009-1024x767.jpg\" alt=\"\" class=\"wp-image-17218\" srcset=\"https:\/\/somosdelprieto.com\/wp-content\/uploads\/2024\/02\/IMG-20240220-WA0009-1024x767.jpg 1024w, https:\/\/somosdelprieto.com\/wp-content\/uploads\/2024\/02\/IMG-20240220-WA0009-300x225.jpg 300w, https:\/\/somosdelprieto.com\/wp-content\/uploads\/2024\/02\/IMG-20240220-WA0009-768x575.jpg 768w, https:\/\/somosdelprieto.com\/wp-content\/uploads\/2024\/02\/IMG-20240220-WA0009-1536x1150.jpg 1536w, https:\/\/somosdelprieto.com\/wp-content\/uploads\/2024\/02\/IMG-20240220-WA0009.jpg 2048w\" sizes=\"auto, (max-width: 767px) 89vw, (max-width: 1000px) 54vw, (max-width: 1071px) 543px, 580px\" \/><\/figure>\n<\/div>\n\n\n\n<div class=\"wp-block-column is-layout-flow wp-block-column-is-layout-flow\">\n<figure class=\"wp-block-image size-large\"><img loading=\"lazy\" decoding=\"async\" width=\"1024\" height=\"767\" src=\"https:\/\/somosdelprieto.com\/wp-content\/uploads\/2024\/02\/IMG-20240220-WA0008-1024x767.jpg\" alt=\"\" class=\"wp-image-17219\" srcset=\"https:\/\/somosdelprieto.com\/wp-content\/uploads\/2024\/02\/IMG-20240220-WA0008-1024x767.jpg 1024w, https:\/\/somosdelprieto.com\/wp-content\/uploads\/2024\/02\/IMG-20240220-WA0008-300x225.jpg 300w, https:\/\/somosdelprieto.com\/wp-content\/uploads\/2024\/02\/IMG-20240220-WA0008-768x575.jpg 768w, https:\/\/somosdelprieto.com\/wp-content\/uploads\/2024\/02\/IMG-20240220-WA0008-1536x1150.jpg 1536w, https:\/\/somosdelprieto.com\/wp-content\/uploads\/2024\/02\/IMG-20240220-WA0008.jpg 2048w\" sizes=\"auto, (max-width: 767px) 89vw, (max-width: 1000px) 54vw, (max-width: 1071px) 543px, 580px\" \/><\/figure>\n<\/div>\n<\/div>\n\n\n\n<p>Para finalizar este d\u00eda, nuestro alumnado visit\u00f3 la biblioteca del centro donde se hab\u00edan expuesto una gran variedad de libros en ingl\u00e9s que estaban a la venta. Muchos de nuestros estudiantes se animaron a comprar un ejemplar.&nbsp; Todos ellos se lo pasaron en grande y aprendieron mucho los unos de los otros.&nbsp;<\/p>\n\n\n\n<p>Esta actividad adem\u00e1s se enmarca en el Plan de Transici\u00f3n entre etapas, de la coordinaci\u00f3n de centros British de la localidad, del Plan Escolar Saludable y del Plan de Lectura de nuestro centro.<\/p>\n","protected":false},"excerpt":{"rendered":"<p>El pasado d\u00eda 19 de febrero nuestro alumnado de 1\u00baESO se puso de nuevo en marcha para compartir espacio y talleres con el alumnado de 5\u00ba y 6\u00ba de primaria del colegio Maestro Juan Alcaide con motivo de la Feria del Libro. Se prepararon diferentes talleres desde las materias de Ingl\u00e9s, Educaci\u00f3n F\u00edsica y Geograf\u00eda &hellip; <\/p>\n<p class=\"link-more\"><a href=\"https:\/\/somosdelprieto.com\/index.php\/2024\/02\/22\/visita-a-la-book-fair-23-24\/\" class=\"more-link\">Continuar leyendo<span class=\"screen-reader-text\"> \u00abVisita a la Book Fair  23-24\u00bb<\/span><\/a><\/p>\n","protected":false},"author":45,"featured_media":362,"comment_status":"closed","ping_status":"closed","sticky":false,"template":"","format":"standard","meta":{"footnotes":""},"categories":[6,1],"tags":[125],"class_list":["post-17215","post","type-post","status-publish","format-standard","has-post-thumbnail","hentry","category-british","category-noticias","tag-british"],"_links":{"self":[{"href":"https:\/\/somosdelprieto.com\/index.php\/wp-json\/wp\/v2\/posts\/17215","targetHints":{"allow":["GET"]}}],"collection":[{"href":"https:\/\/somosdelprieto.com\/index.php\/wp-json\/wp\/v2\/posts"}],"about":[{"href":"https:\/\/somosdelprieto.com\/index.php\/wp-json\/wp\/v2\/types\/post"}],"author":[{"embeddable":true,"href":"https:\/\/somosdelprieto.com\/index.php\/wp-json\/wp\/v2\/users\/45"}],"replies":[{"embeddable":true,"href":"https:\/\/somosdelprieto.com\/index.php\/wp-json\/wp\/v2\/comments?post=17215"}],"version-history":[{"count":2,"href":"https:\/\/somosdelprieto.com\/index.php\/wp-json\/wp\/v2\/posts\/17215\/revisions"}],"predecessor-version":[{"id":17221,"href":"https:\/\/somosdelprieto.com\/index.php\/wp-json\/wp\/v2\/posts\/17215\/revisions\/17221"}],"wp:featuredmedia":[{"embeddable":true,"href":"https:\/\/somosdelprieto.com\/index.php\/wp-json\/wp\/v2\/media\/362"}],"wp:attachment":[{"href":"https:\/\/somosdelprieto.com\/index.php\/wp-json\/wp\/v2\/media?parent=17215"}],"wp:term":[{"taxonomy":"category","embeddable":true,"href":"https:\/\/somosdelprieto.com\/index.php\/wp-json\/wp\/v2\/categories?post=17215"},{"taxonomy":"post_tag","embeddable":true,"href":"https:\/\/somosdelprieto.com\/index.php\/wp-json\/wp\/v2\/tags?post=17215"}],"curies":[{"name":"wp","href":"https:\/\/api.w.org\/{rel}","templated":true}]}}