{"id":1721,"date":"2020-09-02T18:54:43","date_gmt":"2020-09-02T16:54:43","guid":{"rendered":"https:\/\/somosdelprieto.com\/?p=1721"},"modified":"2020-11-28T14:13:20","modified_gmt":"2020-11-28T13:13:20","slug":"inicio-de-curso-2020-2021","status":"publish","type":"post","link":"https:\/\/somosdelprieto.com\/index.php\/2020\/09\/02\/inicio-de-curso-2020-2021\/","title":{"rendered":"INICIO DE CURSO 2020-2021"},"content":{"rendered":"\n<p>Queremos informarles de algunos aspectos importantes relativos al comienzo del curso 2020-2021<\/p>\n\n\n\n<!--more-->\n\n\n\n<p><br>Les mostramos el calendario de acogida e inicio de curso de los diferentes niveles educativos:<\/p>\n\n\n\n<div style=\"width: 100%;\"><div style=\"position: relative; padding-bottom: 56.25%; padding-top: 0; height: 0;\"><iframe loading=\"lazy\" frameborder=\"0\" width=\"1200\" height=\"675\" style=\"position: absolute; top: 0; left: 0; width: 100%; height: 100%;\" src=\"https:\/\/view.genial.ly\/5f4fc01d8cdb5b0d8a9b3a28\" type=\"text\/html\" allowscriptaccess=\"always\" allowfullscreen=\"true\" scrolling=\"yes\" allownetworking=\"all\"><\/iframe> <\/div> <\/div>\n\n\n\n<p><br>En los pr\u00f3ximos d\u00edas comenzaremos una campa\u00f1a de comunicaci\u00f3n de nuestro plan de inicio de curso 2020-2021 con todas las medidas de prevenci\u00f3n, higiene y promoci\u00f3n de la salud frente al COVID-19<\/p>\n","protected":false},"excerpt":{"rendered":"<p>Queremos informarles de algunos aspectos importantes relativos al comienzo del curso 2020-2021<\/p>\n","protected":false},"author":4,"featured_media":0,"comment_status":"closed","ping_status":"closed","sticky":false,"template":"","format":"standard","meta":{"footnotes":""},"categories":[1],"tags":[],"class_list":["post-1721","post","type-post","status-publish","format-standard","hentry","category-noticias"],"_links":{"self":[{"href":"https:\/\/somosdelprieto.com\/index.php\/wp-json\/wp\/v2\/posts\/1721","targetHints":{"allow":["GET"]}}],"collection":[{"href":"https:\/\/somosdelprieto.com\/index.php\/wp-json\/wp\/v2\/posts"}],"about":[{"href":"https:\/\/somosdelprieto.com\/index.php\/wp-json\/wp\/v2\/types\/post"}],"author":[{"embeddable":true,"href":"https:\/\/somosdelprieto.com\/index.php\/wp-json\/wp\/v2\/users\/4"}],"replies":[{"embeddable":true,"href":"https:\/\/somosdelprieto.com\/index.php\/wp-json\/wp\/v2\/comments?post=1721"}],"version-history":[{"count":3,"href":"https:\/\/somosdelprieto.com\/index.php\/wp-json\/wp\/v2\/posts\/1721\/revisions"}],"predecessor-version":[{"id":1770,"href":"https:\/\/somosdelprieto.com\/index.php\/wp-json\/wp\/v2\/posts\/1721\/revisions\/1770"}],"wp:attachment":[{"href":"https:\/\/somosdelprieto.com\/index.php\/wp-json\/wp\/v2\/media?parent=1721"}],"wp:term":[{"taxonomy":"category","embeddable":true,"href":"https:\/\/somosdelprieto.com\/index.php\/wp-json\/wp\/v2\/categories?post=1721"},{"taxonomy":"post_tag","embeddable":true,"href":"https:\/\/somosdelprieto.com\/index.php\/wp-json\/wp\/v2\/tags?post=1721"}],"curies":[{"name":"wp","href":"https:\/\/api.w.org\/{rel}","templated":true}]}}