{"id":17132,"date":"2024-02-19T11:26:43","date_gmt":"2024-02-19T10:26:43","guid":{"rendered":"https:\/\/somosdelprieto.com\/?p=17132"},"modified":"2024-02-19T11:30:11","modified_gmt":"2024-02-19T10:30:11","slug":"visita-al-museo-del-prado-y-reina-sofia-en-madrid","status":"publish","type":"post","link":"https:\/\/somosdelprieto.com\/index.php\/2024\/02\/19\/visita-al-museo-del-prado-y-reina-sofia-en-madrid\/","title":{"rendered":"Visita al Museo del Prado y Reina Sof\u00eda en Madrid"},"content":{"rendered":"\n<p class=\"has-text-align-left\">El pasado viernes 16 de febrero, los alumnos de <strong>2\u00ba Bachillerato<\/strong> visitaron la capital con las profesoras de Historia To\u00f1i Cornejo y Delia Garc\u00eda. Despu\u00e9s de recorrer el parque del Retiro y sus construcciones decimon\u00f3nicas pasearon por el Paseo del Prado.<br>Comprobamos que la puerta de Alcal\u00e1 no se ha movido desde los impuestos de nuestros vinos ayudaron a costearla, la fuente de Cibeles y Neptuno siguen compitiendo en belleza y por \u00faltimo el majestuso <strong>Museo del Prado <\/strong>no pudo con el arte y salero de nuestros guias. <br>Muchas gracias a todos los alumnos de Historia del Arte y de Historia de Espa\u00f1a, que expusisteis tan bien las obras mas importantes, dejando con la boca abierta a muchos visitantes.<br>M\u00e1s de 11 kilom\u00e9tros de recorrido y 11 a 15:30 sin parar de aprender y caminar, <strong>ENHORABUENA por vuestra actitud<\/strong>.<br>Y para terminar, intentamos visitar el <strong>Museo Nacional Reina Sof\u00eda <\/strong>en 1 hora, a pesar de no poder ver las obras que buscab\u00e1mos la exposici\u00f3n de nuestros alumnos sobre el Guernica fue ESPECTACULAR, no menos se merece esta obra.<br>Por \u00faltimo agradeceros a todos vuestra compa\u00f1\u00eda y buen rollo.<\/p>\n\n\n\n<figure class=\"wp-block-gallery columns-3 is-cropped wp-block-gallery-1 is-layout-flex wp-block-gallery-is-layout-flex\"><ul class=\"blocks-gallery-grid\"><li class=\"blocks-gallery-item\"><figure><img loading=\"lazy\" decoding=\"async\" width=\"769\" height=\"1024\" src=\"https:\/\/somosdelprieto.com\/wp-content\/uploads\/2024\/02\/img_20240216_113118-769x1024.jpg\" alt=\"\" data-id=\"17136\" data-full-url=\"https:\/\/somosdelprieto.com\/wp-content\/uploads\/2024\/02\/img_20240216_113118-scaled.jpg\" data-link=\"https:\/\/somosdelprieto.com\/?attachment_id=17136\" class=\"wp-image-17136\" srcset=\"https:\/\/somosdelprieto.com\/wp-content\/uploads\/2024\/02\/img_20240216_113118-769x1024.jpg 769w, https:\/\/somosdelprieto.com\/wp-content\/uploads\/2024\/02\/img_20240216_113118-225x300.jpg 225w, https:\/\/somosdelprieto.com\/wp-content\/uploads\/2024\/02\/img_20240216_113118-768x1023.jpg 768w, https:\/\/somosdelprieto.com\/wp-content\/uploads\/2024\/02\/img_20240216_113118-1153x1536.jpg 1153w, https:\/\/somosdelprieto.com\/wp-content\/uploads\/2024\/02\/img_20240216_113118-1538x2048.jpg 1538w, https:\/\/somosdelprieto.com\/wp-content\/uploads\/2024\/02\/img_20240216_113118-scaled.jpg 1922w\" sizes=\"auto, (max-width: 767px) 89vw, (max-width: 1000px) 54vw, (max-width: 1071px) 543px, 580px\" \/><figcaption class=\"blocks-gallery-item__caption\">Cuesta de Moyano, empezamos bien&#8230;<\/figcaption><\/figure><\/li><li class=\"blocks-gallery-item\"><figure><img loading=\"lazy\" decoding=\"async\" width=\"769\" height=\"1024\" src=\"https:\/\/somosdelprieto.com\/wp-content\/uploads\/2024\/02\/img_20240216_113123-769x1024.jpg\" alt=\"\" data-id=\"17137\" data-full-url=\"https:\/\/somosdelprieto.com\/wp-content\/uploads\/2024\/02\/img_20240216_113123-scaled.jpg\" data-link=\"https:\/\/somosdelprieto.com\/?attachment_id=17137\" class=\"wp-image-17137\" srcset=\"https:\/\/somosdelprieto.com\/wp-content\/uploads\/2024\/02\/img_20240216_113123-769x1024.jpg 769w, https:\/\/somosdelprieto.com\/wp-content\/uploads\/2024\/02\/img_20240216_113123-225x300.jpg 225w, https:\/\/somosdelprieto.com\/wp-content\/uploads\/2024\/02\/img_20240216_113123-768x1023.jpg 768w, https:\/\/somosdelprieto.com\/wp-content\/uploads\/2024\/02\/img_20240216_113123-1153x1536.jpg 1153w, https:\/\/somosdelprieto.com\/wp-content\/uploads\/2024\/02\/img_20240216_113123-1538x2048.jpg 1538w, https:\/\/somosdelprieto.com\/wp-content\/uploads\/2024\/02\/img_20240216_113123-scaled.jpg 1922w\" sizes=\"auto, (max-width: 767px) 89vw, (max-width: 1000px) 54vw, (max-width: 1071px) 543px, 580px\" \/><figcaption class=\"blocks-gallery-item__caption\">Cuesta Moyano, ni La Solana<\/figcaption><\/figure><\/li><li class=\"blocks-gallery-item\"><figure><img loading=\"lazy\" decoding=\"async\" width=\"1024\" height=\"769\" src=\"https:\/\/somosdelprieto.com\/wp-content\/uploads\/2024\/02\/img_20240216_114318-1024x769.jpg\" alt=\"\" data-id=\"17138\" data-full-url=\"https:\/\/somosdelprieto.com\/wp-content\/uploads\/2024\/02\/img_20240216_114318-scaled.jpg\" data-link=\"https:\/\/somosdelprieto.com\/?attachment_id=17138\" class=\"wp-image-17138\" srcset=\"https:\/\/somosdelprieto.com\/wp-content\/uploads\/2024\/02\/img_20240216_114318-1024x769.jpg 1024w, https:\/\/somosdelprieto.com\/wp-content\/uploads\/2024\/02\/img_20240216_114318-300x225.jpg 300w, https:\/\/somosdelprieto.com\/wp-content\/uploads\/2024\/02\/img_20240216_114318-768x577.jpg 768w, https:\/\/somosdelprieto.com\/wp-content\/uploads\/2024\/02\/img_20240216_114318-1536x1153.jpg 1536w, https:\/\/somosdelprieto.com\/wp-content\/uploads\/2024\/02\/img_20240216_114318-2048x1538.jpg 2048w\" sizes=\"auto, (max-width: 767px) 89vw, (max-width: 1000px) 54vw, (max-width: 1071px) 543px, 580px\" \/><figcaption class=\"blocks-gallery-item__caption\">Descansito, y comenzamos&#8230;<\/figcaption><\/figure><\/li><li class=\"blocks-gallery-item\"><figure><img loading=\"lazy\" decoding=\"async\" width=\"1024\" height=\"769\" src=\"https:\/\/somosdelprieto.com\/wp-content\/uploads\/2024\/02\/img_20240216_114326-1024x769.jpg\" alt=\"\" data-id=\"17139\" data-full-url=\"https:\/\/somosdelprieto.com\/wp-content\/uploads\/2024\/02\/img_20240216_114326-scaled.jpg\" data-link=\"https:\/\/somosdelprieto.com\/?attachment_id=17139\" class=\"wp-image-17139\" srcset=\"https:\/\/somosdelprieto.com\/wp-content\/uploads\/2024\/02\/img_20240216_114326-1024x769.jpg 1024w, https:\/\/somosdelprieto.com\/wp-content\/uploads\/2024\/02\/img_20240216_114326-300x225.jpg 300w, https:\/\/somosdelprieto.com\/wp-content\/uploads\/2024\/02\/img_20240216_114326-768x577.jpg 768w, https:\/\/somosdelprieto.com\/wp-content\/uploads\/2024\/02\/img_20240216_114326-1536x1153.jpg 1536w, https:\/\/somosdelprieto.com\/wp-content\/uploads\/2024\/02\/img_20240216_114326-2048x1538.jpg 2048w\" sizes=\"auto, (max-width: 767px) 89vw, (max-width: 1000px) 54vw, (max-width: 1071px) 543px, 580px\" \/><figcaption class=\"blocks-gallery-item__caption\">666 El \u00c1ngel Ca\u00eddo<\/figcaption><\/figure><\/li><li class=\"blocks-gallery-item\"><figure><img loading=\"lazy\" decoding=\"async\" width=\"1024\" height=\"769\" src=\"https:\/\/somosdelprieto.com\/wp-content\/uploads\/2024\/02\/IMG_20240216_115316-1024x769.jpg\" alt=\"\" data-id=\"17140\" data-full-url=\"https:\/\/somosdelprieto.com\/wp-content\/uploads\/2024\/02\/IMG_20240216_115316-scaled.jpg\" data-link=\"https:\/\/somosdelprieto.com\/?attachment_id=17140\" class=\"wp-image-17140\" srcset=\"https:\/\/somosdelprieto.com\/wp-content\/uploads\/2024\/02\/IMG_20240216_115316-1024x769.jpg 1024w, https:\/\/somosdelprieto.com\/wp-content\/uploads\/2024\/02\/IMG_20240216_115316-300x225.jpg 300w, https:\/\/somosdelprieto.com\/wp-content\/uploads\/2024\/02\/IMG_20240216_115316-768x577.jpg 768w, https:\/\/somosdelprieto.com\/wp-content\/uploads\/2024\/02\/IMG_20240216_115316-1536x1153.jpg 1536w, https:\/\/somosdelprieto.com\/wp-content\/uploads\/2024\/02\/IMG_20240216_115316-2048x1538.jpg 2048w\" sizes=\"auto, (max-width: 767px) 89vw, (max-width: 1000px) 54vw, (max-width: 1071px) 543px, 580px\" \/><figcaption class=\"blocks-gallery-item__caption\">Diego y Jaime se estrenan, nos explican el Palacio de Cristal<\/figcaption><\/figure><\/li><li class=\"blocks-gallery-item\"><figure><img loading=\"lazy\" decoding=\"async\" width=\"1024\" height=\"769\" src=\"https:\/\/somosdelprieto.com\/wp-content\/uploads\/2024\/02\/IMG-20240216-WA0020-1024x769.jpg\" alt=\"\" data-id=\"17154\" data-full-url=\"https:\/\/somosdelprieto.com\/wp-content\/uploads\/2024\/02\/IMG-20240216-WA0020.jpg\" data-link=\"https:\/\/somosdelprieto.com\/?attachment_id=17154\" class=\"wp-image-17154\" srcset=\"https:\/\/somosdelprieto.com\/wp-content\/uploads\/2024\/02\/IMG-20240216-WA0020-1024x769.jpg 1024w, https:\/\/somosdelprieto.com\/wp-content\/uploads\/2024\/02\/IMG-20240216-WA0020-300x225.jpg 300w, https:\/\/somosdelprieto.com\/wp-content\/uploads\/2024\/02\/IMG-20240216-WA0020-768x576.jpg 768w, https:\/\/somosdelprieto.com\/wp-content\/uploads\/2024\/02\/IMG-20240216-WA0020-1536x1153.jpg 1536w, https:\/\/somosdelprieto.com\/wp-content\/uploads\/2024\/02\/IMG-20240216-WA0020.jpg 1600w\" sizes=\"auto, (max-width: 767px) 89vw, (max-width: 1000px) 54vw, (max-width: 1071px) 543px, 580px\" \/><figcaption class=\"blocks-gallery-item__caption\">Palacio de Cristal, El Retiro<\/figcaption><\/figure><\/li><li class=\"blocks-gallery-item\"><figure><img loading=\"lazy\" decoding=\"async\" width=\"1024\" height=\"769\" src=\"https:\/\/somosdelprieto.com\/wp-content\/uploads\/2024\/02\/IMG_20240216_121658-1024x769.jpg\" alt=\"\" data-id=\"17141\" data-full-url=\"https:\/\/somosdelprieto.com\/wp-content\/uploads\/2024\/02\/IMG_20240216_121658-scaled.jpg\" data-link=\"https:\/\/somosdelprieto.com\/?attachment_id=17141\" class=\"wp-image-17141\" srcset=\"https:\/\/somosdelprieto.com\/wp-content\/uploads\/2024\/02\/IMG_20240216_121658-1024x769.jpg 1024w, https:\/\/somosdelprieto.com\/wp-content\/uploads\/2024\/02\/IMG_20240216_121658-300x225.jpg 300w, https:\/\/somosdelprieto.com\/wp-content\/uploads\/2024\/02\/IMG_20240216_121658-768x577.jpg 768w, https:\/\/somosdelprieto.com\/wp-content\/uploads\/2024\/02\/IMG_20240216_121658-1536x1153.jpg 1536w, https:\/\/somosdelprieto.com\/wp-content\/uploads\/2024\/02\/IMG_20240216_121658-2048x1538.jpg 2048w\" sizes=\"auto, (max-width: 767px) 89vw, (max-width: 1000px) 54vw, (max-width: 1071px) 543px, 580px\" \/><figcaption class=\"blocks-gallery-item__caption\">Estanque del Retiro<\/figcaption><\/figure><\/li><li class=\"blocks-gallery-item\"><figure><img loading=\"lazy\" decoding=\"async\" width=\"1024\" height=\"769\" src=\"https:\/\/somosdelprieto.com\/wp-content\/uploads\/2024\/02\/IMG_20240216_153004-1024x769.jpg\" alt=\"\" data-id=\"17145\" data-full-url=\"https:\/\/somosdelprieto.com\/wp-content\/uploads\/2024\/02\/IMG_20240216_153004-scaled.jpg\" data-link=\"https:\/\/somosdelprieto.com\/?attachment_id=17145\" class=\"wp-image-17145\" srcset=\"https:\/\/somosdelprieto.com\/wp-content\/uploads\/2024\/02\/IMG_20240216_153004-1024x769.jpg 1024w, https:\/\/somosdelprieto.com\/wp-content\/uploads\/2024\/02\/IMG_20240216_153004-300x225.jpg 300w, https:\/\/somosdelprieto.com\/wp-content\/uploads\/2024\/02\/IMG_20240216_153004-768x577.jpg 768w, https:\/\/somosdelprieto.com\/wp-content\/uploads\/2024\/02\/IMG_20240216_153004-1536x1153.jpg 1536w, https:\/\/somosdelprieto.com\/wp-content\/uploads\/2024\/02\/IMG_20240216_153004-2048x1538.jpg 2048w\" sizes=\"auto, (max-width: 767px) 89vw, (max-width: 1000px) 54vw, (max-width: 1071px) 543px, 580px\" \/><figcaption class=\"blocks-gallery-item__caption\">Foto please, para la graduaci\u00f3n<\/figcaption><\/figure><\/li><li class=\"blocks-gallery-item\"><figure><img loading=\"lazy\" decoding=\"async\" width=\"1024\" height=\"769\" src=\"https:\/\/somosdelprieto.com\/wp-content\/uploads\/2024\/02\/IMG-20240216-WA0018-1024x769.jpg\" alt=\"\" data-id=\"17153\" data-full-url=\"https:\/\/somosdelprieto.com\/wp-content\/uploads\/2024\/02\/IMG-20240216-WA0018.jpg\" data-link=\"https:\/\/somosdelprieto.com\/?attachment_id=17153\" class=\"wp-image-17153\" srcset=\"https:\/\/somosdelprieto.com\/wp-content\/uploads\/2024\/02\/IMG-20240216-WA0018-1024x769.jpg 1024w, https:\/\/somosdelprieto.com\/wp-content\/uploads\/2024\/02\/IMG-20240216-WA0018-300x225.jpg 300w, https:\/\/somosdelprieto.com\/wp-content\/uploads\/2024\/02\/IMG-20240216-WA0018-768x576.jpg 768w, https:\/\/somosdelprieto.com\/wp-content\/uploads\/2024\/02\/IMG-20240216-WA0018-1536x1153.jpg 1536w, https:\/\/somosdelprieto.com\/wp-content\/uploads\/2024\/02\/IMG-20240216-WA0018.jpg 1600w\" sizes=\"auto, (max-width: 767px) 89vw, (max-width: 1000px) 54vw, (max-width: 1071px) 543px, 580px\" \/><figcaption class=\"blocks-gallery-item__caption\">Fuente de Cibeles, Paseo del Prado<\/figcaption><\/figure><\/li><li class=\"blocks-gallery-item\"><figure><img loading=\"lazy\" decoding=\"async\" width=\"1024\" height=\"769\" src=\"https:\/\/somosdelprieto.com\/wp-content\/uploads\/2024\/02\/IMG_20240216_122954-1024x769.jpg\" alt=\"\" data-id=\"17142\" data-full-url=\"https:\/\/somosdelprieto.com\/wp-content\/uploads\/2024\/02\/IMG_20240216_122954-scaled.jpg\" data-link=\"https:\/\/somosdelprieto.com\/?attachment_id=17142\" class=\"wp-image-17142\" srcset=\"https:\/\/somosdelprieto.com\/wp-content\/uploads\/2024\/02\/IMG_20240216_122954-1024x769.jpg 1024w, https:\/\/somosdelprieto.com\/wp-content\/uploads\/2024\/02\/IMG_20240216_122954-300x225.jpg 300w, https:\/\/somosdelprieto.com\/wp-content\/uploads\/2024\/02\/IMG_20240216_122954-768x577.jpg 768w, https:\/\/somosdelprieto.com\/wp-content\/uploads\/2024\/02\/IMG_20240216_122954-1536x1153.jpg 1536w, https:\/\/somosdelprieto.com\/wp-content\/uploads\/2024\/02\/IMG_20240216_122954-2048x1538.jpg 2048w\" sizes=\"auto, (max-width: 767px) 89vw, (max-width: 1000px) 54vw, (max-width: 1071px) 543px, 580px\" \/><figcaption class=\"blocks-gallery-item__caption\">Puerta de Alcal\u00e1, un trocito de Valdepe\u00f1as<\/figcaption><\/figure><\/li><li class=\"blocks-gallery-item\"><figure><img loading=\"lazy\" decoding=\"async\" width=\"1024\" height=\"769\" src=\"https:\/\/somosdelprieto.com\/wp-content\/uploads\/2024\/02\/IMG_20240216_152550-1024x769.jpg\" alt=\"\" data-id=\"17143\" data-full-url=\"https:\/\/somosdelprieto.com\/wp-content\/uploads\/2024\/02\/IMG_20240216_152550-scaled.jpg\" data-link=\"https:\/\/somosdelprieto.com\/?attachment_id=17143\" class=\"wp-image-17143\" srcset=\"https:\/\/somosdelprieto.com\/wp-content\/uploads\/2024\/02\/IMG_20240216_152550-1024x769.jpg 1024w, https:\/\/somosdelprieto.com\/wp-content\/uploads\/2024\/02\/IMG_20240216_152550-300x225.jpg 300w, https:\/\/somosdelprieto.com\/wp-content\/uploads\/2024\/02\/IMG_20240216_152550-768x577.jpg 768w, https:\/\/somosdelprieto.com\/wp-content\/uploads\/2024\/02\/IMG_20240216_152550-1536x1153.jpg 1536w, https:\/\/somosdelprieto.com\/wp-content\/uploads\/2024\/02\/IMG_20240216_152550-2048x1538.jpg 2048w\" sizes=\"auto, (max-width: 767px) 89vw, (max-width: 1000px) 54vw, (max-width: 1071px) 543px, 580px\" \/><figcaption class=\"blocks-gallery-item__caption\">Descanso, para todo hay tiempo<\/figcaption><\/figure><\/li><li class=\"blocks-gallery-item\"><figure><img loading=\"lazy\" decoding=\"async\" width=\"1024\" height=\"769\" src=\"https:\/\/somosdelprieto.com\/wp-content\/uploads\/2024\/02\/IMG_20240216_152950-1024x769.jpg\" alt=\"\" data-id=\"17144\" data-full-url=\"https:\/\/somosdelprieto.com\/wp-content\/uploads\/2024\/02\/IMG_20240216_152950-scaled.jpg\" data-link=\"https:\/\/somosdelprieto.com\/?attachment_id=17144\" class=\"wp-image-17144\" srcset=\"https:\/\/somosdelprieto.com\/wp-content\/uploads\/2024\/02\/IMG_20240216_152950-1024x769.jpg 1024w, https:\/\/somosdelprieto.com\/wp-content\/uploads\/2024\/02\/IMG_20240216_152950-300x225.jpg 300w, https:\/\/somosdelprieto.com\/wp-content\/uploads\/2024\/02\/IMG_20240216_152950-768x577.jpg 768w, https:\/\/somosdelprieto.com\/wp-content\/uploads\/2024\/02\/IMG_20240216_152950-1536x1153.jpg 1536w, https:\/\/somosdelprieto.com\/wp-content\/uploads\/2024\/02\/IMG_20240216_152950-2048x1538.jpg 2048w\" sizes=\"auto, (max-width: 767px) 89vw, (max-width: 1000px) 54vw, (max-width: 1071px) 543px, 580px\" \/><figcaption class=\"blocks-gallery-item__caption\">Hambre, a la salida del Museo del Prado<\/figcaption><\/figure><\/li><li class=\"blocks-gallery-item\"><figure><img loading=\"lazy\" decoding=\"async\" width=\"1024\" height=\"769\" src=\"https:\/\/somosdelprieto.com\/wp-content\/uploads\/2024\/02\/IMG_20240216_180419-1024x769.jpg\" alt=\"\" data-id=\"17147\" data-full-url=\"https:\/\/somosdelprieto.com\/wp-content\/uploads\/2024\/02\/IMG_20240216_180419-scaled.jpg\" data-link=\"https:\/\/somosdelprieto.com\/?attachment_id=17147\" class=\"wp-image-17147\" srcset=\"https:\/\/somosdelprieto.com\/wp-content\/uploads\/2024\/02\/IMG_20240216_180419-1024x769.jpg 1024w, https:\/\/somosdelprieto.com\/wp-content\/uploads\/2024\/02\/IMG_20240216_180419-300x225.jpg 300w, https:\/\/somosdelprieto.com\/wp-content\/uploads\/2024\/02\/IMG_20240216_180419-768x577.jpg 768w, https:\/\/somosdelprieto.com\/wp-content\/uploads\/2024\/02\/IMG_20240216_180419-1536x1153.jpg 1536w, https:\/\/somosdelprieto.com\/wp-content\/uploads\/2024\/02\/IMG_20240216_180419-2048x1538.jpg 2048w\" sizes=\"auto, (max-width: 767px) 89vw, (max-width: 1000px) 54vw, (max-width: 1071px) 543px, 580px\" \/><figcaption class=\"blocks-gallery-item__caption\">El Guernica de Picasso, Museo Reina Sof\u00eda<\/figcaption><\/figure><\/li><li class=\"blocks-gallery-item\"><figure><img loading=\"lazy\" decoding=\"async\" width=\"1024\" height=\"769\" src=\"https:\/\/somosdelprieto.com\/wp-content\/uploads\/2024\/02\/IMG-20240216-WA0014-1024x769.jpg\" alt=\"\" data-id=\"17151\" data-full-url=\"https:\/\/somosdelprieto.com\/wp-content\/uploads\/2024\/02\/IMG-20240216-WA0014.jpg\" data-link=\"https:\/\/somosdelprieto.com\/?attachment_id=17151\" class=\"wp-image-17151\" srcset=\"https:\/\/somosdelprieto.com\/wp-content\/uploads\/2024\/02\/IMG-20240216-WA0014-1024x769.jpg 1024w, https:\/\/somosdelprieto.com\/wp-content\/uploads\/2024\/02\/IMG-20240216-WA0014-300x225.jpg 300w, https:\/\/somosdelprieto.com\/wp-content\/uploads\/2024\/02\/IMG-20240216-WA0014-768x576.jpg 768w, https:\/\/somosdelprieto.com\/wp-content\/uploads\/2024\/02\/IMG-20240216-WA0014-1536x1153.jpg 1536w, https:\/\/somosdelprieto.com\/wp-content\/uploads\/2024\/02\/IMG-20240216-WA0014.jpg 1600w\" sizes=\"auto, (max-width: 767px) 89vw, (max-width: 1000px) 54vw, (max-width: 1071px) 543px, 580px\" \/><figcaption class=\"blocks-gallery-item__caption\">Judith y Daniel explicando el Guernica, Museo Reina Sof\u00eda<\/figcaption><\/figure><\/li><li class=\"blocks-gallery-item\"><figure><img loading=\"lazy\" decoding=\"async\" width=\"1024\" height=\"769\" src=\"https:\/\/somosdelprieto.com\/wp-content\/uploads\/2024\/02\/IMG-20240216-WA0016-1024x769.jpg\" alt=\"\" data-id=\"17152\" data-full-url=\"https:\/\/somosdelprieto.com\/wp-content\/uploads\/2024\/02\/IMG-20240216-WA0016.jpg\" data-link=\"https:\/\/somosdelprieto.com\/?attachment_id=17152\" class=\"wp-image-17152\" srcset=\"https:\/\/somosdelprieto.com\/wp-content\/uploads\/2024\/02\/IMG-20240216-WA0016-1024x769.jpg 1024w, https:\/\/somosdelprieto.com\/wp-content\/uploads\/2024\/02\/IMG-20240216-WA0016-300x225.jpg 300w, https:\/\/somosdelprieto.com\/wp-content\/uploads\/2024\/02\/IMG-20240216-WA0016-768x576.jpg 768w, https:\/\/somosdelprieto.com\/wp-content\/uploads\/2024\/02\/IMG-20240216-WA0016-1536x1153.jpg 1536w, https:\/\/somosdelprieto.com\/wp-content\/uploads\/2024\/02\/IMG-20240216-WA0016.jpg 1600w\" sizes=\"auto, (max-width: 767px) 89vw, (max-width: 1000px) 54vw, (max-width: 1071px) 543px, 580px\" \/><\/figure><\/li><li class=\"blocks-gallery-item\"><figure><img loading=\"lazy\" decoding=\"async\" width=\"1024\" height=\"769\" src=\"https:\/\/somosdelprieto.com\/wp-content\/uploads\/2024\/02\/IMG_20240216_184858-1024x769.jpg\" alt=\"\" data-id=\"17148\" data-full-url=\"https:\/\/somosdelprieto.com\/wp-content\/uploads\/2024\/02\/IMG_20240216_184858-scaled.jpg\" data-link=\"https:\/\/somosdelprieto.com\/?attachment_id=17148\" class=\"wp-image-17148\" srcset=\"https:\/\/somosdelprieto.com\/wp-content\/uploads\/2024\/02\/IMG_20240216_184858-1024x769.jpg 1024w, https:\/\/somosdelprieto.com\/wp-content\/uploads\/2024\/02\/IMG_20240216_184858-300x225.jpg 300w, https:\/\/somosdelprieto.com\/wp-content\/uploads\/2024\/02\/IMG_20240216_184858-768x577.jpg 768w, https:\/\/somosdelprieto.com\/wp-content\/uploads\/2024\/02\/IMG_20240216_184858-1536x1153.jpg 1536w, https:\/\/somosdelprieto.com\/wp-content\/uploads\/2024\/02\/IMG_20240216_184858-2048x1538.jpg 2048w\" sizes=\"auto, (max-width: 767px) 89vw, (max-width: 1000px) 54vw, (max-width: 1071px) 543px, 580px\" \/><figcaption class=\"blocks-gallery-item__caption\">Atracciones dentro del Museo<\/figcaption><\/figure><\/li><li class=\"blocks-gallery-item\"><figure><img loading=\"lazy\" decoding=\"async\" width=\"1024\" height=\"769\" src=\"https:\/\/somosdelprieto.com\/wp-content\/uploads\/2024\/02\/IMG-20240216-WA0009-1024x769.jpg\" alt=\"\" data-id=\"17149\" data-full-url=\"https:\/\/somosdelprieto.com\/wp-content\/uploads\/2024\/02\/IMG-20240216-WA0009.jpg\" data-link=\"https:\/\/somosdelprieto.com\/?attachment_id=17149\" class=\"wp-image-17149\" srcset=\"https:\/\/somosdelprieto.com\/wp-content\/uploads\/2024\/02\/IMG-20240216-WA0009-1024x769.jpg 1024w, https:\/\/somosdelprieto.com\/wp-content\/uploads\/2024\/02\/IMG-20240216-WA0009-300x225.jpg 300w, https:\/\/somosdelprieto.com\/wp-content\/uploads\/2024\/02\/IMG-20240216-WA0009-768x576.jpg 768w, https:\/\/somosdelprieto.com\/wp-content\/uploads\/2024\/02\/IMG-20240216-WA0009-1536x1153.jpg 1536w, https:\/\/somosdelprieto.com\/wp-content\/uploads\/2024\/02\/IMG-20240216-WA0009.jpg 1600w\" sizes=\"auto, (max-width: 767px) 89vw, (max-width: 1000px) 54vw, (max-width: 1071px) 543px, 580px\" \/><\/figure><\/li><\/ul><\/figure>\n\n\n\n<figure class=\"wp-block-gallery columns-1 is-cropped wp-block-gallery-2 is-layout-flex wp-block-gallery-is-layout-flex\"><ul class=\"blocks-gallery-grid\"><li class=\"blocks-gallery-item\"><figure><img loading=\"lazy\" decoding=\"async\" width=\"769\" height=\"1024\" src=\"https:\/\/somosdelprieto.com\/wp-content\/uploads\/2024\/02\/IMG_20240216_150135-769x1024.jpg\" alt=\"\" data-id=\"17158\" data-full-url=\"https:\/\/somosdelprieto.com\/wp-content\/uploads\/2024\/02\/IMG_20240216_150135-scaled.jpg\" data-link=\"https:\/\/somosdelprieto.com\/?attachment_id=17158\" class=\"wp-image-17158\" srcset=\"https:\/\/somosdelprieto.com\/wp-content\/uploads\/2024\/02\/IMG_20240216_150135-769x1024.jpg 769w, https:\/\/somosdelprieto.com\/wp-content\/uploads\/2024\/02\/IMG_20240216_150135-225x300.jpg 225w, https:\/\/somosdelprieto.com\/wp-content\/uploads\/2024\/02\/IMG_20240216_150135-768x1023.jpg 768w, https:\/\/somosdelprieto.com\/wp-content\/uploads\/2024\/02\/IMG_20240216_150135-1153x1536.jpg 1153w, https:\/\/somosdelprieto.com\/wp-content\/uploads\/2024\/02\/IMG_20240216_150135-1538x2048.jpg 1538w, https:\/\/somosdelprieto.com\/wp-content\/uploads\/2024\/02\/IMG_20240216_150135-scaled.jpg 1922w\" sizes=\"auto, (max-width: 767px) 89vw, (max-width: 1000px) 54vw, (max-width: 1071px) 543px, 580px\" \/><figcaption class=\"blocks-gallery-item__caption\">Foto Montaje, FOTOS NO<\/figcaption><\/figure><\/li><\/ul><\/figure>\n\n\n\n<p><\/p>\n\n\n\n\n\n<p><\/p>\n","protected":false},"excerpt":{"rendered":"<p>El pasado viernes 16 de febrero, los alumnos de 2\u00ba Bachillerato visitaron la capital con las profesoras de Historia To\u00f1i Cornejo y Delia Garc\u00eda. Despu\u00e9s de recorrer el parque del Retiro y sus construcciones decimon\u00f3nicas pasearon por el Paseo del Prado.Comprobamos que la puerta de Alcal\u00e1 no se ha movido desde los impuestos de nuestros &hellip; <\/p>\n<p class=\"link-more\"><a href=\"https:\/\/somosdelprieto.com\/index.php\/2024\/02\/19\/visita-al-museo-del-prado-y-reina-sofia-en-madrid\/\" class=\"more-link\">Continuar leyendo<span class=\"screen-reader-text\"> \u00abVisita al Museo del Prado y Reina Sof\u00eda en Madrid\u00bb<\/span><\/a><\/p>\n","protected":false},"author":32,"featured_media":17141,"comment_status":"closed","ping_status":"closed","sticky":false,"template":"","format":"standard","meta":{"footnotes":""},"categories":[1],"tags":[118],"class_list":["post-17132","post","type-post","status-publish","format-standard","has-post-thumbnail","hentry","category-noticias","tag-geografia-e-historia"],"_links":{"self":[{"href":"https:\/\/somosdelprieto.com\/index.php\/wp-json\/wp\/v2\/posts\/17132","targetHints":{"allow":["GET"]}}],"collection":[{"href":"https:\/\/somosdelprieto.com\/index.php\/wp-json\/wp\/v2\/posts"}],"about":[{"href":"https:\/\/somosdelprieto.com\/index.php\/wp-json\/wp\/v2\/types\/post"}],"author":[{"embeddable":true,"href":"https:\/\/somosdelprieto.com\/index.php\/wp-json\/wp\/v2\/users\/32"}],"replies":[{"embeddable":true,"href":"https:\/\/somosdelprieto.com\/index.php\/wp-json\/wp\/v2\/comments?post=17132"}],"version-history":[{"count":6,"href":"https:\/\/somosdelprieto.com\/index.php\/wp-json\/wp\/v2\/posts\/17132\/revisions"}],"predecessor-version":[{"id":17171,"href":"https:\/\/somosdelprieto.com\/index.php\/wp-json\/wp\/v2\/posts\/17132\/revisions\/17171"}],"wp:featuredmedia":[{"embeddable":true,"href":"https:\/\/somosdelprieto.com\/index.php\/wp-json\/wp\/v2\/media\/17141"}],"wp:attachment":[{"href":"https:\/\/somosdelprieto.com\/index.php\/wp-json\/wp\/v2\/media?parent=17132"}],"wp:term":[{"taxonomy":"category","embeddable":true,"href":"https:\/\/somosdelprieto.com\/index.php\/wp-json\/wp\/v2\/categories?post=17132"},{"taxonomy":"post_tag","embeddable":true,"href":"https:\/\/somosdelprieto.com\/index.php\/wp-json\/wp\/v2\/tags?post=17132"}],"curies":[{"name":"wp","href":"https:\/\/api.w.org\/{rel}","templated":true}]}}