{"id":17037,"date":"2024-01-31T22:31:29","date_gmt":"2024-01-31T21:31:29","guid":{"rendered":"https:\/\/somosdelprieto.com\/?p=17037"},"modified":"2024-01-31T22:31:29","modified_gmt":"2024-01-31T21:31:29","slug":"asistencia-al-partido-de-futbol-sala-entre-el-vina-albali-valdepenas-y-el-cordoba","status":"publish","type":"post","link":"https:\/\/somosdelprieto.com\/index.php\/2024\/01\/31\/asistencia-al-partido-de-futbol-sala-entre-el-vina-albali-valdepenas-y-el-cordoba\/","title":{"rendered":"ASISTENCIA AL PARTIDO DE FUTBOL SALA ENTRE EL VI\u00d1A ALBALI VALDEPE\u00d1AS Y EL C\u00d3RDOBA"},"content":{"rendered":"\n<p>Los alumnos del PE de FP de Jardiner\u00eda y los de FP b\u00e1sica de Servicios comerciales, han asistido al partido de f\u00fatbol sala, entre el Vi\u00f1a Albali Valdepe\u00f1as y el C\u00f3rdoba, que se ha celebrado el 30 de enero en el Pabell\u00f3n Virgen de la Cabeza, de Valdepe\u00f1as.<\/p>\n\n\n\n<p>Agradecemos al gran jugador Alberto Garc\u00eda, que cursa actualmente el Ciclo formativo de grado superior de Gesti\u00f3n de ventas y espacios comerciales, en nuestro instituto y al Club Vi\u00f1a Albali Valdepe\u00f1as, su invitaci\u00f3n a este evento deportivo en el cual nuestro alumnado disfrut\u00f3 del buen partido que ofrecieron ambos equipos.<\/p>\n\n\n\n<figure class=\"wp-block-image size-large\"><img loading=\"lazy\" decoding=\"async\" width=\"1024\" height=\"768\" src=\"https:\/\/somosdelprieto.com\/wp-content\/uploads\/2024\/01\/20240130_204127-1024x768.jpg\" alt=\"\" class=\"wp-image-17040\" srcset=\"https:\/\/somosdelprieto.com\/wp-content\/uploads\/2024\/01\/20240130_204127-1024x768.jpg 1024w, https:\/\/somosdelprieto.com\/wp-content\/uploads\/2024\/01\/20240130_204127-300x225.jpg 300w, https:\/\/somosdelprieto.com\/wp-content\/uploads\/2024\/01\/20240130_204127-768x576.jpg 768w, https:\/\/somosdelprieto.com\/wp-content\/uploads\/2024\/01\/20240130_204127-1536x1152.jpg 1536w, https:\/\/somosdelprieto.com\/wp-content\/uploads\/2024\/01\/20240130_204127-2048x1536.jpg 2048w\" sizes=\"auto, (max-width: 767px) 89vw, (max-width: 1000px) 54vw, (max-width: 1071px) 543px, 580px\" \/><\/figure>\n\n\n\n<figure class=\"wp-block-image size-large\"><img loading=\"lazy\" decoding=\"async\" width=\"1024\" height=\"768\" src=\"https:\/\/somosdelprieto.com\/wp-content\/uploads\/2024\/01\/20240130_204050-1024x768.jpg\" alt=\"\" class=\"wp-image-17041\" srcset=\"https:\/\/somosdelprieto.com\/wp-content\/uploads\/2024\/01\/20240130_204050-1024x768.jpg 1024w, https:\/\/somosdelprieto.com\/wp-content\/uploads\/2024\/01\/20240130_204050-300x225.jpg 300w, https:\/\/somosdelprieto.com\/wp-content\/uploads\/2024\/01\/20240130_204050-768x576.jpg 768w, https:\/\/somosdelprieto.com\/wp-content\/uploads\/2024\/01\/20240130_204050-1536x1152.jpg 1536w, https:\/\/somosdelprieto.com\/wp-content\/uploads\/2024\/01\/20240130_204050-2048x1536.jpg 2048w\" sizes=\"auto, (max-width: 767px) 89vw, (max-width: 1000px) 54vw, (max-width: 1071px) 543px, 580px\" \/><\/figure>\n","protected":false},"excerpt":{"rendered":"<p>Los alumnos del PE de FP de Jardiner\u00eda y los de FP b\u00e1sica de Servicios comerciales, han asistido al partido de f\u00fatbol sala, entre el Vi\u00f1a Albali Valdepe\u00f1as y el C\u00f3rdoba, que se ha celebrado el 30 de enero en el Pabell\u00f3n Virgen de la Cabeza, de Valdepe\u00f1as. Agradecemos al gran jugador Alberto Garc\u00eda, que &hellip; <\/p>\n<p class=\"link-more\"><a href=\"https:\/\/somosdelprieto.com\/index.php\/2024\/01\/31\/asistencia-al-partido-de-futbol-sala-entre-el-vina-albali-valdepenas-y-el-cordoba\/\" class=\"more-link\">Continuar leyendo<span class=\"screen-reader-text\"> \u00abASISTENCIA AL PARTIDO DE FUTBOL SALA ENTRE EL VI\u00d1A ALBALI VALDEPE\u00d1AS Y EL C\u00d3RDOBA\u00bb<\/span><\/a><\/p>\n","protected":false},"author":17,"featured_media":17038,"comment_status":"open","ping_status":"closed","sticky":false,"template":"","format":"standard","meta":{"footnotes":""},"categories":[22,8,1],"tags":[156,258,115],"class_list":["post-17037","post","type-post","status-publish","format-standard","has-post-thumbnail","hentry","category-agraria","category-comercio","category-noticias","tag-agraria","tag-comercio-y-marketing","tag-noticias"],"_links":{"self":[{"href":"https:\/\/somosdelprieto.com\/index.php\/wp-json\/wp\/v2\/posts\/17037","targetHints":{"allow":["GET"]}}],"collection":[{"href":"https:\/\/somosdelprieto.com\/index.php\/wp-json\/wp\/v2\/posts"}],"about":[{"href":"https:\/\/somosdelprieto.com\/index.php\/wp-json\/wp\/v2\/types\/post"}],"author":[{"embeddable":true,"href":"https:\/\/somosdelprieto.com\/index.php\/wp-json\/wp\/v2\/users\/17"}],"replies":[{"embeddable":true,"href":"https:\/\/somosdelprieto.com\/index.php\/wp-json\/wp\/v2\/comments?post=17037"}],"version-history":[{"count":3,"href":"https:\/\/somosdelprieto.com\/index.php\/wp-json\/wp\/v2\/posts\/17037\/revisions"}],"predecessor-version":[{"id":17043,"href":"https:\/\/somosdelprieto.com\/index.php\/wp-json\/wp\/v2\/posts\/17037\/revisions\/17043"}],"wp:featuredmedia":[{"embeddable":true,"href":"https:\/\/somosdelprieto.com\/index.php\/wp-json\/wp\/v2\/media\/17038"}],"wp:attachment":[{"href":"https:\/\/somosdelprieto.com\/index.php\/wp-json\/wp\/v2\/media?parent=17037"}],"wp:term":[{"taxonomy":"category","embeddable":true,"href":"https:\/\/somosdelprieto.com\/index.php\/wp-json\/wp\/v2\/categories?post=17037"},{"taxonomy":"post_tag","embeddable":true,"href":"https:\/\/somosdelprieto.com\/index.php\/wp-json\/wp\/v2\/tags?post=17037"}],"curies":[{"name":"wp","href":"https:\/\/api.w.org\/{rel}","templated":true}]}}