{"id":1679,"date":"2020-08-18T09:18:13","date_gmt":"2020-08-18T07:18:13","guid":{"rendered":"https:\/\/somosdelprieto.com\/?p=1679"},"modified":"2020-11-28T12:12:50","modified_gmt":"2020-11-28T11:12:50","slug":"becas-del-ministerio-de-educacion-y-fp-para-estudiantes-que-cursen-estudios-postobligatorios","status":"publish","type":"post","link":"https:\/\/somosdelprieto.com\/index.php\/2020\/08\/18\/becas-del-ministerio-de-educacion-y-fp-para-estudiantes-que-cursen-estudios-postobligatorios\/","title":{"rendered":"BECAS DEL MINISTERIO DE EDUCACI\u00d3N Y FP PARA ESTUDIANTES QUE CURSEN ESTUDIOS POSTOBLIGATORIOS"},"content":{"rendered":"\n<p>El pasado 8 de agosto se public\u00f3 en el BOE un&nbsp;<a rel=\"noreferrer noopener\" href=\"https:\/\/www.boe.es\/boe\/dias\/2020\/08\/08\/pdfs\/BOE-B-2020-25755.pdf\" target=\"_blank\">extracto de la Resoluci\u00f3n de 31 de julio de 2020 de la Secretar\u00eda deEstado de Educaci\u00f3n, por la que se convocan becas de car\u00e1cter general para el curso acad\u00e9mico 2020-2021, para estudiantes quecursen estudios postobligatorios.<\/a><\/p>\n\n\n\n<!--more-->\n\n\n\n<p><br>El plazo de presentaci\u00f3n de las solicitudes para los estudiantes no universitarios acaba el 1 de octubre de 2020.<\/p>\n\n\n\n<p><br>Desde el IES Gregorio Prieto hemos preparado una gu\u00eda para facilitar el inicio de la solicitud de beca a nuestro alumnado:<\/p>\n\n\n\n<figure class=\"wp-block-image\"><a href=\"https:\/\/drive.google.com\/file\/d\/1f7igOA9rylKj61e85NbLoJz0POWUm1aU\/view?usp=sharing\" target=\"_blank\" rel=\"noreferrer noopener\"><img decoding=\"async\" src=\"https:\/\/sites.google.com\/a\/iesgregorioprieto.com\/web\/noticias\/becasdelministeriodeeducacionyfpparaestudiantesquecursenestudiospostobligatorios\/GU%C3%8DA%20BECA.PNG\" alt=\"https:\/\/drive.google.com\/file\/d\/1f7igOA9rylKj61e85NbLoJz0POWUm1aU\/view?usp=sharing\"\/><\/a><\/figure>\n","protected":false},"excerpt":{"rendered":"<p>El pasado 8 de agosto se public\u00f3 en el BOE un&nbsp;extracto de la Resoluci\u00f3n de 31 de julio de 2020 de la Secretar\u00eda deEstado de Educaci\u00f3n, por la que se convocan becas de car\u00e1cter general para el curso acad\u00e9mico 2020-2021, para estudiantes quecursen estudios postobligatorios.<\/p>\n","protected":false},"author":4,"featured_media":0,"comment_status":"closed","ping_status":"closed","sticky":true,"template":"","format":"standard","meta":{"footnotes":""},"categories":[1,47],"tags":[],"class_list":["post-1679","post","type-post","status-publish","format-standard","hentry","category-noticias","category-secretaria"],"_links":{"self":[{"href":"https:\/\/somosdelprieto.com\/index.php\/wp-json\/wp\/v2\/posts\/1679","targetHints":{"allow":["GET"]}}],"collection":[{"href":"https:\/\/somosdelprieto.com\/index.php\/wp-json\/wp\/v2\/posts"}],"about":[{"href":"https:\/\/somosdelprieto.com\/index.php\/wp-json\/wp\/v2\/types\/post"}],"author":[{"embeddable":true,"href":"https:\/\/somosdelprieto.com\/index.php\/wp-json\/wp\/v2\/users\/4"}],"replies":[{"embeddable":true,"href":"https:\/\/somosdelprieto.com\/index.php\/wp-json\/wp\/v2\/comments?post=1679"}],"version-history":[{"count":3,"href":"https:\/\/somosdelprieto.com\/index.php\/wp-json\/wp\/v2\/posts\/1679\/revisions"}],"predecessor-version":[{"id":2308,"href":"https:\/\/somosdelprieto.com\/index.php\/wp-json\/wp\/v2\/posts\/1679\/revisions\/2308"}],"wp:attachment":[{"href":"https:\/\/somosdelprieto.com\/index.php\/wp-json\/wp\/v2\/media?parent=1679"}],"wp:term":[{"taxonomy":"category","embeddable":true,"href":"https:\/\/somosdelprieto.com\/index.php\/wp-json\/wp\/v2\/categories?post=1679"},{"taxonomy":"post_tag","embeddable":true,"href":"https:\/\/somosdelprieto.com\/index.php\/wp-json\/wp\/v2\/tags?post=1679"}],"curies":[{"name":"wp","href":"https:\/\/api.w.org\/{rel}","templated":true}]}}