{"id":16643,"date":"2023-12-21T11:35:19","date_gmt":"2023-12-21T10:35:19","guid":{"rendered":"https:\/\/somosdelprieto.com\/?p=16643"},"modified":"2023-12-21T11:35:19","modified_gmt":"2023-12-21T10:35:19","slug":"movilidad-erasmus-a-croacia","status":"publish","type":"post","link":"https:\/\/somosdelprieto.com\/index.php\/2023\/12\/21\/movilidad-erasmus-a-croacia\/","title":{"rendered":"MOVILIDAD ERASMUS A CROACIA"},"content":{"rendered":"\n<p>Durante la \u00faltima semana de Noviembre, del 27 de Noviembre al 2 de Diciembre, un grupo de 4 alumnas de nuestro centro realiz\u00f3 una movilidad a Croacia dentro del proyecto \u201cBook Pals\u201d. All\u00ed, compartieron numerosas experiencias muy enriquecedoras con compa\u00f1eros de Italia, Grecia, Alemania, Polonia y Croacia.<\/p>\n\n\n\n<p>Durante la semana de estancia en tierras croatas, todo el alumnado trabaj\u00f3 en diferentes talleres relacionados con el mundo de la narrativa fant\u00e1stica y su representaci\u00f3n. As\u00ed, descubrieron el mundo del KAMISHIBAI, una tradici\u00f3n centenaria proveniente de tierras japonesas. Pudieron asistir a una representaci\u00f3n en directo de una obra, disfrutando de los matices aportados por los profesionales involucrados. Adem\u00e1s, contaron con la presencia de un cuentacuentos, quien les anim\u00f3 a vivir cada una de las historias como propias, tratando de entender la \u201cmoraleja\u201d de cada una.<\/p>\n\n\n\n<p>Pero no s\u00f3lo trabajaron en la tem\u00e1tica de \u201cfairy tales\u201d, tambi\u00e9n hubo tiempo para concienciarse acerca de los problemas relacionados con el cambio clim\u00e1tico, elaborando una miniestaci\u00f3n metereol\u00f3gica. Pudieron conocer Zagreb mediante una visita interactiva; visitar la biblioteca nacional de Croacia y su departamento de restauraci\u00f3n de obras literarias, o conocer el instituto de los anfitriones donde disfrutaron de la fiesta organizada por toda la comunidad educativa.<\/p>\n\n\n\n<p>Tanto el alumnado como el profesorado involucrado en la movilidad pudo disfrutar de una semana del trabajo con compa\u00f1eros de diferentes nacionalidades. Despu\u00e9s de esta movilidad, sin duda alguna, su visi\u00f3n de global de la sociedad se ha enriquecido sobremanera, aparte de haber establecido amistades que perdurar\u00e1n en el tiempo.<\/p>\n\n\n\n<figure class=\"wp-block-gallery columns-3 is-cropped wp-block-gallery-1 is-layout-flex wp-block-gallery-is-layout-flex\"><ul class=\"blocks-gallery-grid\"><li class=\"blocks-gallery-item\"><figure><img loading=\"lazy\" decoding=\"async\" width=\"1024\" height=\"768\" src=\"https:\/\/somosdelprieto.com\/wp-content\/uploads\/2023\/12\/ocho-1024x768.jpg\" alt=\"\" data-id=\"16644\" data-full-url=\"https:\/\/somosdelprieto.com\/wp-content\/uploads\/2023\/12\/ocho.jpg\" data-link=\"https:\/\/somosdelprieto.com\/?attachment_id=16644\" class=\"wp-image-16644\" srcset=\"https:\/\/somosdelprieto.com\/wp-content\/uploads\/2023\/12\/ocho-1024x768.jpg 1024w, https:\/\/somosdelprieto.com\/wp-content\/uploads\/2023\/12\/ocho-300x225.jpg 300w, https:\/\/somosdelprieto.com\/wp-content\/uploads\/2023\/12\/ocho-768x576.jpg 768w, https:\/\/somosdelprieto.com\/wp-content\/uploads\/2023\/12\/ocho.jpg 1298w\" sizes=\"auto, (max-width: 767px) 89vw, (max-width: 1000px) 54vw, (max-width: 1071px) 543px, 580px\" \/><\/figure><\/li><li class=\"blocks-gallery-item\"><figure><img loading=\"lazy\" decoding=\"async\" width=\"1024\" height=\"768\" src=\"https:\/\/somosdelprieto.com\/wp-content\/uploads\/2023\/12\/siete-1024x768.jpg\" alt=\"\" data-id=\"16645\" data-full-url=\"https:\/\/somosdelprieto.com\/wp-content\/uploads\/2023\/12\/siete.jpg\" data-link=\"https:\/\/somosdelprieto.com\/?attachment_id=16645\" class=\"wp-image-16645\" srcset=\"https:\/\/somosdelprieto.com\/wp-content\/uploads\/2023\/12\/siete-1024x768.jpg 1024w, https:\/\/somosdelprieto.com\/wp-content\/uploads\/2023\/12\/siete-300x225.jpg 300w, https:\/\/somosdelprieto.com\/wp-content\/uploads\/2023\/12\/siete-768x576.jpg 768w, https:\/\/somosdelprieto.com\/wp-content\/uploads\/2023\/12\/siete.jpg 1298w\" sizes=\"auto, (max-width: 767px) 89vw, (max-width: 1000px) 54vw, (max-width: 1071px) 543px, 580px\" \/><\/figure><\/li><li class=\"blocks-gallery-item\"><figure><img loading=\"lazy\" decoding=\"async\" width=\"1024\" height=\"768\" src=\"https:\/\/somosdelprieto.com\/wp-content\/uploads\/2023\/12\/seis-1024x768.jpg\" alt=\"\" data-id=\"16646\" data-full-url=\"https:\/\/somosdelprieto.com\/wp-content\/uploads\/2023\/12\/seis.jpg\" data-link=\"https:\/\/somosdelprieto.com\/?attachment_id=16646\" class=\"wp-image-16646\" srcset=\"https:\/\/somosdelprieto.com\/wp-content\/uploads\/2023\/12\/seis-1024x768.jpg 1024w, https:\/\/somosdelprieto.com\/wp-content\/uploads\/2023\/12\/seis-300x225.jpg 300w, https:\/\/somosdelprieto.com\/wp-content\/uploads\/2023\/12\/seis-768x576.jpg 768w, https:\/\/somosdelprieto.com\/wp-content\/uploads\/2023\/12\/seis.jpg 1298w\" sizes=\"auto, (max-width: 767px) 89vw, (max-width: 1000px) 54vw, (max-width: 1071px) 543px, 580px\" \/><\/figure><\/li><li class=\"blocks-gallery-item\"><figure><img loading=\"lazy\" decoding=\"async\" width=\"480\" height=\"360\" src=\"https:\/\/somosdelprieto.com\/wp-content\/uploads\/2023\/12\/cinco.jpg\" alt=\"\" data-id=\"16647\" data-full-url=\"https:\/\/somosdelprieto.com\/wp-content\/uploads\/2023\/12\/cinco.jpg\" data-link=\"https:\/\/somosdelprieto.com\/?attachment_id=16647\" class=\"wp-image-16647\" srcset=\"https:\/\/somosdelprieto.com\/wp-content\/uploads\/2023\/12\/cinco.jpg 480w, https:\/\/somosdelprieto.com\/wp-content\/uploads\/2023\/12\/cinco-300x225.jpg 300w\" sizes=\"auto, (max-width: 480px) 100vw, 480px\" \/><\/figure><\/li><li class=\"blocks-gallery-item\"><figure><img loading=\"lazy\" decoding=\"async\" width=\"480\" height=\"360\" src=\"https:\/\/somosdelprieto.com\/wp-content\/uploads\/2023\/12\/cuatro.jpg\" alt=\"\" data-id=\"16648\" data-full-url=\"https:\/\/somosdelprieto.com\/wp-content\/uploads\/2023\/12\/cuatro.jpg\" data-link=\"https:\/\/somosdelprieto.com\/?attachment_id=16648\" class=\"wp-image-16648\" srcset=\"https:\/\/somosdelprieto.com\/wp-content\/uploads\/2023\/12\/cuatro.jpg 480w, https:\/\/somosdelprieto.com\/wp-content\/uploads\/2023\/12\/cuatro-300x225.jpg 300w\" sizes=\"auto, (max-width: 480px) 100vw, 480px\" \/><\/figure><\/li><li class=\"blocks-gallery-item\"><figure><img loading=\"lazy\" decoding=\"async\" width=\"1024\" height=\"768\" src=\"https:\/\/somosdelprieto.com\/wp-content\/uploads\/2023\/12\/tres-1024x768.jpg\" alt=\"\" data-id=\"16649\" data-full-url=\"https:\/\/somosdelprieto.com\/wp-content\/uploads\/2023\/12\/tres.jpg\" data-link=\"https:\/\/somosdelprieto.com\/?attachment_id=16649\" class=\"wp-image-16649\" srcset=\"https:\/\/somosdelprieto.com\/wp-content\/uploads\/2023\/12\/tres-1024x768.jpg 1024w, https:\/\/somosdelprieto.com\/wp-content\/uploads\/2023\/12\/tres-300x225.jpg 300w, https:\/\/somosdelprieto.com\/wp-content\/uploads\/2023\/12\/tres-768x576.jpg 768w, https:\/\/somosdelprieto.com\/wp-content\/uploads\/2023\/12\/tres.jpg 1298w\" sizes=\"auto, (max-width: 767px) 89vw, (max-width: 1000px) 54vw, (max-width: 1071px) 543px, 580px\" \/><\/figure><\/li><li class=\"blocks-gallery-item\"><figure><img loading=\"lazy\" decoding=\"async\" width=\"1024\" height=\"768\" src=\"https:\/\/somosdelprieto.com\/wp-content\/uploads\/2023\/12\/dos-1024x768.jpg\" alt=\"\" data-id=\"16650\" data-full-url=\"https:\/\/somosdelprieto.com\/wp-content\/uploads\/2023\/12\/dos.jpg\" data-link=\"https:\/\/somosdelprieto.com\/?attachment_id=16650\" class=\"wp-image-16650\" srcset=\"https:\/\/somosdelprieto.com\/wp-content\/uploads\/2023\/12\/dos-1024x768.jpg 1024w, https:\/\/somosdelprieto.com\/wp-content\/uploads\/2023\/12\/dos-300x225.jpg 300w, https:\/\/somosdelprieto.com\/wp-content\/uploads\/2023\/12\/dos-768x576.jpg 768w, https:\/\/somosdelprieto.com\/wp-content\/uploads\/2023\/12\/dos.jpg 1298w\" sizes=\"auto, (max-width: 767px) 89vw, (max-width: 1000px) 54vw, (max-width: 1071px) 543px, 580px\" \/><\/figure><\/li><li class=\"blocks-gallery-item\"><figure><img loading=\"lazy\" decoding=\"async\" width=\"1024\" height=\"768\" src=\"https:\/\/somosdelprieto.com\/wp-content\/uploads\/2023\/12\/Uno-1024x768.jpg\" alt=\"\" data-id=\"16651\" data-full-url=\"https:\/\/somosdelprieto.com\/wp-content\/uploads\/2023\/12\/Uno.jpg\" data-link=\"https:\/\/somosdelprieto.com\/?attachment_id=16651\" class=\"wp-image-16651\" srcset=\"https:\/\/somosdelprieto.com\/wp-content\/uploads\/2023\/12\/Uno-1024x768.jpg 1024w, https:\/\/somosdelprieto.com\/wp-content\/uploads\/2023\/12\/Uno-300x225.jpg 300w, https:\/\/somosdelprieto.com\/wp-content\/uploads\/2023\/12\/Uno-768x576.jpg 768w, https:\/\/somosdelprieto.com\/wp-content\/uploads\/2023\/12\/Uno.jpg 1229w\" sizes=\"auto, (max-width: 767px) 89vw, (max-width: 1000px) 54vw, (max-width: 1071px) 543px, 580px\" \/><\/figure><\/li><\/ul><\/figure>\n","protected":false},"excerpt":{"rendered":"<p>Durante la \u00faltima semana de Noviembre, del 27 de Noviembre al 2 de Diciembre, un grupo de 4 alumnas de nuestro centro realiz\u00f3 una movilidad a Croacia dentro del proyecto \u201cBook Pals\u201d. All\u00ed, compartieron numerosas experiencias muy enriquecedoras con compa\u00f1eros de Italia, Grecia, Alemania, Polonia y Croacia. Durante la semana de estancia en tierras croatas, &hellip; <\/p>\n<p class=\"link-more\"><a href=\"https:\/\/somosdelprieto.com\/index.php\/2023\/12\/21\/movilidad-erasmus-a-croacia\/\" class=\"more-link\">Continuar leyendo<span class=\"screen-reader-text\"> \u00abMOVILIDAD ERASMUS A CROACIA\u00bb<\/span><\/a><\/p>\n","protected":false},"author":4,"featured_media":16652,"comment_status":"closed","ping_status":"closed","sticky":false,"template":"","format":"standard","meta":{"footnotes":""},"categories":[4,1],"tags":[274],"class_list":["post-16643","post","type-post","status-publish","format-standard","has-post-thumbnail","hentry","category-erasmus","category-noticias","tag-erasmusplus"],"_links":{"self":[{"href":"https:\/\/somosdelprieto.com\/index.php\/wp-json\/wp\/v2\/posts\/16643","targetHints":{"allow":["GET"]}}],"collection":[{"href":"https:\/\/somosdelprieto.com\/index.php\/wp-json\/wp\/v2\/posts"}],"about":[{"href":"https:\/\/somosdelprieto.com\/index.php\/wp-json\/wp\/v2\/types\/post"}],"author":[{"embeddable":true,"href":"https:\/\/somosdelprieto.com\/index.php\/wp-json\/wp\/v2\/users\/4"}],"replies":[{"embeddable":true,"href":"https:\/\/somosdelprieto.com\/index.php\/wp-json\/wp\/v2\/comments?post=16643"}],"version-history":[{"count":1,"href":"https:\/\/somosdelprieto.com\/index.php\/wp-json\/wp\/v2\/posts\/16643\/revisions"}],"predecessor-version":[{"id":16653,"href":"https:\/\/somosdelprieto.com\/index.php\/wp-json\/wp\/v2\/posts\/16643\/revisions\/16653"}],"wp:featuredmedia":[{"embeddable":true,"href":"https:\/\/somosdelprieto.com\/index.php\/wp-json\/wp\/v2\/media\/16652"}],"wp:attachment":[{"href":"https:\/\/somosdelprieto.com\/index.php\/wp-json\/wp\/v2\/media?parent=16643"}],"wp:term":[{"taxonomy":"category","embeddable":true,"href":"https:\/\/somosdelprieto.com\/index.php\/wp-json\/wp\/v2\/categories?post=16643"},{"taxonomy":"post_tag","embeddable":true,"href":"https:\/\/somosdelprieto.com\/index.php\/wp-json\/wp\/v2\/tags?post=16643"}],"curies":[{"name":"wp","href":"https:\/\/api.w.org\/{rel}","templated":true}]}}