{"id":16631,"date":"2023-12-18T21:17:58","date_gmt":"2023-12-18T20:17:58","guid":{"rendered":"https:\/\/somosdelprieto.com\/?p=16631"},"modified":"2023-12-18T21:24:55","modified_gmt":"2023-12-18T20:24:55","slug":"el-ies-gregorio-prieto-recibe-su-segundo-sello-de-calidad-steam","status":"publish","type":"post","link":"https:\/\/somosdelprieto.com\/index.php\/2023\/12\/18\/el-ies-gregorio-prieto-recibe-su-segundo-sello-de-calidad-steam\/","title":{"rendered":"El IES Gregorio Prieto recibe su segundo Sello de Calidad STEAM"},"content":{"rendered":"\n<p>Este lunes 18 de diciembre, en un acto celebrado en el campus de la Universidad de Castilla-La Mancha en Toledo y de la mano del Consejero de Educaci\u00f3n, Cultura y Deportes de Castilla La Mancha, Amador Pastor Noheda, nuestro centro ha recibido su segundo Sello de Calidad STEAM.<\/p>\n\n\n\n<figure class=\"wp-block-image size-large\"><img loading=\"lazy\" decoding=\"async\" width=\"1024\" height=\"524\" src=\"https:\/\/somosdelprieto.com\/wp-content\/uploads\/2023\/12\/IMG_0511-1024x524.jpeg\" alt=\"\" class=\"wp-image-16632\" srcset=\"https:\/\/somosdelprieto.com\/wp-content\/uploads\/2023\/12\/IMG_0511-1024x524.jpeg 1024w, https:\/\/somosdelprieto.com\/wp-content\/uploads\/2023\/12\/IMG_0511-300x153.jpeg 300w, https:\/\/somosdelprieto.com\/wp-content\/uploads\/2023\/12\/IMG_0511-768x393.jpeg 768w, https:\/\/somosdelprieto.com\/wp-content\/uploads\/2023\/12\/IMG_0511-1536x785.jpeg 1536w, https:\/\/somosdelprieto.com\/wp-content\/uploads\/2023\/12\/IMG_0511-2048x1047.jpeg 2048w\" sizes=\"auto, (max-width: 767px) 89vw, (max-width: 1000px) 54vw, (max-width: 1071px) 543px, 580px\" \/><\/figure>\n\n\n\n<p>Este galard\u00f3n se ha concedido a nuestro centro como un reconocimiento al trabajo del profesorado en el reto de formar a nuestro alumnado en competencias relacionadas con las ciencias, la tecnolog\u00eda, la ingenier\u00eda,  el arte y las matem\u00e1ticas de forma transversal y colaborativa junto otras \u00e1reas de conocimiento. Una forma de trabajar a trav\u00e9s del Aprendizaje Basado en Proyectos, donde cabe destacar el trabajo interdisciplinar y la docencia compartida entre los distintos departamentos did\u00e1cticos, ya sean de Secundaria o de Formaci\u00f3n Profesional.<\/p>\n\n\n\n<figure class=\"wp-block-image size-large\"><img loading=\"lazy\" decoding=\"async\" width=\"1024\" height=\"789\" src=\"https:\/\/somosdelprieto.com\/wp-content\/uploads\/2023\/12\/IMG_0510-1024x789.jpeg\" alt=\"\" class=\"wp-image-16634\" srcset=\"https:\/\/somosdelprieto.com\/wp-content\/uploads\/2023\/12\/IMG_0510-1024x789.jpeg 1024w, https:\/\/somosdelprieto.com\/wp-content\/uploads\/2023\/12\/IMG_0510-300x231.jpeg 300w, https:\/\/somosdelprieto.com\/wp-content\/uploads\/2023\/12\/IMG_0510-768x591.jpeg 768w, https:\/\/somosdelprieto.com\/wp-content\/uploads\/2023\/12\/IMG_0510.jpeg 1179w\" sizes=\"auto, (max-width: 767px) 89vw, (max-width: 1000px) 54vw, (max-width: 1071px) 543px, 580px\" \/><\/figure>\n\n\n\n<p>Para obtener este sello de calidad, nuestro instituto ha tenido que cumplir una serie de requisitos, como la realizaci\u00f3n de una exhaustiva autoevaluaci\u00f3n siguiendo el modelo de la Fundaci\u00f3n Europea para la Gesti\u00f3n de la Calidad (EFQM).<\/p>\n\n\n\n<figure class=\"wp-block-image size-large\"><img loading=\"lazy\" decoding=\"async\" width=\"768\" height=\"1024\" src=\"https:\/\/somosdelprieto.com\/wp-content\/uploads\/2023\/12\/IMG_0502-768x1024.jpg\" alt=\"\" class=\"wp-image-16635\" srcset=\"https:\/\/somosdelprieto.com\/wp-content\/uploads\/2023\/12\/IMG_0502-768x1024.jpg 768w, https:\/\/somosdelprieto.com\/wp-content\/uploads\/2023\/12\/IMG_0502-225x300.jpg 225w, https:\/\/somosdelprieto.com\/wp-content\/uploads\/2023\/12\/IMG_0502-1152x1536.jpg 1152w, https:\/\/somosdelprieto.com\/wp-content\/uploads\/2023\/12\/IMG_0502-1536x2048.jpg 1536w, https:\/\/somosdelprieto.com\/wp-content\/uploads\/2023\/12\/IMG_0502-scaled.jpg 1920w\" sizes=\"auto, (max-width: 767px) 89vw, (max-width: 1000px) 54vw, (max-width: 1071px) 543px, 580px\" \/><\/figure>\n\n\n\n<p>El IES Gregorio Prieto inici\u00f3 su labor en la metodolog\u00eda STEAM durante el curso 2018-2019,  con la participaci\u00f3n de 26 docentes y la realizaci\u00f3n de 8 proyectos. En el curso 2021-2022 recibi\u00f3 su primer Sello de Calidad STEAM y en el curso pasado se desarrollaron 38 proyectos en los que participaron 50 docentes del centro. Con este nuevo reconocimiento, se nos anima a seguir trabajando en esta direcci\u00f3n para ofrecer la mejor educaci\u00f3n a nuestro alumnado.<\/p>\n","protected":false},"excerpt":{"rendered":"<p>Este lunes 18 de diciembre, en un acto celebrado en el campus de la Universidad de Castilla-La Mancha en Toledo y de la mano del Consejero de Educaci\u00f3n, Cultura y Deportes de Castilla La Mancha, Amador Pastor Noheda, nuestro centro ha recibido su segundo Sello de Calidad STEAM. Este galard\u00f3n se ha concedido a nuestro &hellip; <\/p>\n<p class=\"link-more\"><a href=\"https:\/\/somosdelprieto.com\/index.php\/2023\/12\/18\/el-ies-gregorio-prieto-recibe-su-segundo-sello-de-calidad-steam\/\" class=\"more-link\">Continuar leyendo<span class=\"screen-reader-text\"> \u00abEl IES Gregorio Prieto recibe su segundo Sello de Calidad STEAM\u00bb<\/span><\/a><\/p>\n","protected":false},"author":55,"featured_media":16633,"comment_status":"closed","ping_status":"closed","sticky":false,"template":"","format":"standard","meta":{"footnotes":""},"categories":[62,1,14,66],"tags":[189],"class_list":["post-16631","post","type-post","status-publish","format-standard","has-post-thumbnail","hentry","category-innovacion","category-noticias","category-premios","category-steam","tag-steam-2"],"_links":{"self":[{"href":"https:\/\/somosdelprieto.com\/index.php\/wp-json\/wp\/v2\/posts\/16631","targetHints":{"allow":["GET"]}}],"collection":[{"href":"https:\/\/somosdelprieto.com\/index.php\/wp-json\/wp\/v2\/posts"}],"about":[{"href":"https:\/\/somosdelprieto.com\/index.php\/wp-json\/wp\/v2\/types\/post"}],"author":[{"embeddable":true,"href":"https:\/\/somosdelprieto.com\/index.php\/wp-json\/wp\/v2\/users\/55"}],"replies":[{"embeddable":true,"href":"https:\/\/somosdelprieto.com\/index.php\/wp-json\/wp\/v2\/comments?post=16631"}],"version-history":[{"count":1,"href":"https:\/\/somosdelprieto.com\/index.php\/wp-json\/wp\/v2\/posts\/16631\/revisions"}],"predecessor-version":[{"id":16636,"href":"https:\/\/somosdelprieto.com\/index.php\/wp-json\/wp\/v2\/posts\/16631\/revisions\/16636"}],"wp:featuredmedia":[{"embeddable":true,"href":"https:\/\/somosdelprieto.com\/index.php\/wp-json\/wp\/v2\/media\/16633"}],"wp:attachment":[{"href":"https:\/\/somosdelprieto.com\/index.php\/wp-json\/wp\/v2\/media?parent=16631"}],"wp:term":[{"taxonomy":"category","embeddable":true,"href":"https:\/\/somosdelprieto.com\/index.php\/wp-json\/wp\/v2\/categories?post=16631"},{"taxonomy":"post_tag","embeddable":true,"href":"https:\/\/somosdelprieto.com\/index.php\/wp-json\/wp\/v2\/tags?post=16631"}],"curies":[{"name":"wp","href":"https:\/\/api.w.org\/{rel}","templated":true}]}}