{"id":16625,"date":"2023-12-18T08:53:47","date_gmt":"2023-12-18T07:53:47","guid":{"rendered":"https:\/\/somosdelprieto.com\/?p=16625"},"modified":"2023-12-18T08:58:03","modified_gmt":"2023-12-18T07:58:03","slug":"publicada-la-convocatoria-de-premios-extraordinarios-de-fp-de-grado-superior-en-castilla-la-mancha","status":"publish","type":"post","link":"https:\/\/somosdelprieto.com\/index.php\/2023\/12\/18\/publicada-la-convocatoria-de-premios-extraordinarios-de-fp-de-grado-superior-en-castilla-la-mancha\/","title":{"rendered":"Publicada la convocatoria de Premios Extraordinarios de FP de Grado Superior en Castilla-La Mancha."},"content":{"rendered":"\n<p>Se ha publicado la convocatoria de premios extraordinarios de FP Superior del sistema educativo en la comunidad aut\u00f3noma de Castilla-La Mancha, correspondientes al curso 2022\/2023.<\/p>\n\n\n\n<p>Los alumnos y alumnas que reuniendo los requisitos indicados deseen optar al Premio Extraordinario de Formaci\u00f3n Profesional de Grado Superior, formalizar\u00e1n la solicitud de forma telem\u00e1tica, a trav\u00e9s de la plataforma <a href=\"https:\/\/educamosclm.castillalamancha.es\/\">Educamos CLM<\/a>, en el espacio de la Secretar\u00eda Virtual, accesible asimismo a trav\u00e9s de la Sede Electr\u00f3nica de la Administraci\u00f3n de la Junta de Comunidades de Castilla-La Mancha (<a href=\"https:\/\/www.jccm.es\">https:\/\/www.jccm.es<\/a>).<\/p>\n\n\n\n<p style=\"font-size:19px\">El plazo de presentaci\u00f3n de solicitudes ser\u00e1 desde el d\u00eda siguiente al de la publicaci\u00f3n de la presente resoluci\u00f3n en el Diario Oficial de Castilla-La Mancha <strong>hasta el 11 de enero<\/strong> de 2024 inclusive.<\/p>\n\n\n\n<p style=\"font-size:21px\">PARA M\u00c1S INFORMACI\u00d3N: <\/p>\n\n\n\n<div class=\"wp-block-file\"><a href=\"https:\/\/somosdelprieto.com\/wp-content\/uploads\/2023\/12\/2023_10120.pdf\">CONVOCATORIA PREMIOS EXTRAORDINARIOS<\/a><a href=\"https:\/\/somosdelprieto.com\/wp-content\/uploads\/2023\/12\/2023_10120.pdf\" class=\"wp-block-file__button\" download>Descarga<\/a><\/div>\n\n\n\n<p><\/p>\n","protected":false},"excerpt":{"rendered":"<p>Se ha publicado la convocatoria de premios extraordinarios de FP Superior del sistema educativo en la comunidad aut\u00f3noma de Castilla-La Mancha, correspondientes al curso 2022\/2023. Los alumnos y alumnas que reuniendo los requisitos indicados deseen optar al Premio Extraordinario de Formaci\u00f3n Profesional de Grado Superior, formalizar\u00e1n la solicitud de forma telem\u00e1tica, a trav\u00e9s de la &hellip; <\/p>\n<p class=\"link-more\"><a href=\"https:\/\/somosdelprieto.com\/index.php\/2023\/12\/18\/publicada-la-convocatoria-de-premios-extraordinarios-de-fp-de-grado-superior-en-castilla-la-mancha\/\" class=\"more-link\">Continuar leyendo<span class=\"screen-reader-text\"> \u00abPublicada la convocatoria de Premios Extraordinarios de FP de Grado Superior en Castilla-La Mancha.\u00bb<\/span><\/a><\/p>\n","protected":false},"author":53,"featured_media":16062,"comment_status":"closed","ping_status":"closed","sticky":false,"template":"","format":"standard","meta":{"footnotes":""},"categories":[1,47],"tags":[],"class_list":["post-16625","post","type-post","status-publish","format-standard","has-post-thumbnail","hentry","category-noticias","category-secretaria"],"_links":{"self":[{"href":"https:\/\/somosdelprieto.com\/index.php\/wp-json\/wp\/v2\/posts\/16625","targetHints":{"allow":["GET"]}}],"collection":[{"href":"https:\/\/somosdelprieto.com\/index.php\/wp-json\/wp\/v2\/posts"}],"about":[{"href":"https:\/\/somosdelprieto.com\/index.php\/wp-json\/wp\/v2\/types\/post"}],"author":[{"embeddable":true,"href":"https:\/\/somosdelprieto.com\/index.php\/wp-json\/wp\/v2\/users\/53"}],"replies":[{"embeddable":true,"href":"https:\/\/somosdelprieto.com\/index.php\/wp-json\/wp\/v2\/comments?post=16625"}],"version-history":[{"count":3,"href":"https:\/\/somosdelprieto.com\/index.php\/wp-json\/wp\/v2\/posts\/16625\/revisions"}],"predecessor-version":[{"id":16629,"href":"https:\/\/somosdelprieto.com\/index.php\/wp-json\/wp\/v2\/posts\/16625\/revisions\/16629"}],"wp:featuredmedia":[{"embeddable":true,"href":"https:\/\/somosdelprieto.com\/index.php\/wp-json\/wp\/v2\/media\/16062"}],"wp:attachment":[{"href":"https:\/\/somosdelprieto.com\/index.php\/wp-json\/wp\/v2\/media?parent=16625"}],"wp:term":[{"taxonomy":"category","embeddable":true,"href":"https:\/\/somosdelprieto.com\/index.php\/wp-json\/wp\/v2\/categories?post=16625"},{"taxonomy":"post_tag","embeddable":true,"href":"https:\/\/somosdelprieto.com\/index.php\/wp-json\/wp\/v2\/tags?post=16625"}],"curies":[{"name":"wp","href":"https:\/\/api.w.org\/{rel}","templated":true}]}}