{"id":16611,"date":"2023-12-15T11:07:10","date_gmt":"2023-12-15T10:07:10","guid":{"rendered":"https:\/\/somosdelprieto.com\/?p=16611"},"modified":"2023-12-15T11:14:16","modified_gmt":"2023-12-15T10:14:16","slug":"transformamos-uno-de-nuestros-espacios-en-una-exhibicion-unica-de-cornwall","status":"publish","type":"post","link":"https:\/\/somosdelprieto.com\/index.php\/2023\/12\/15\/transformamos-uno-de-nuestros-espacios-en-una-exhibicion-unica-de-cornwall\/","title":{"rendered":"Transformamos uno de nuestros espacios en una exhibici\u00f3n \u00fanica de Cornwall"},"content":{"rendered":"\n<p>En un esfuerzo por enriquecer la experiencia educativa y abrir ventanas culturales hemos transformado uno de nuestros espacios en una cautivadora exhibici\u00f3n de <strong>Cornwall<\/strong>. Este proyecto \u00fanico ha sido posible gracias al ingenio y la dedicaci\u00f3n de nuestra auxiliar ling\u00fc\u00edstica <strong>Demelza<\/strong>.<\/p>\n\n\n\n<div class=\"wp-block-group\"><div class=\"wp-block-group__inner-container is-layout-flow wp-block-group-is-layout-flow\">\n<figure class=\"wp-block-gallery columns-3 is-cropped wp-block-gallery-1 is-layout-flex wp-block-gallery-is-layout-flex\"><ul class=\"blocks-gallery-grid\"><li class=\"blocks-gallery-item\"><figure><img loading=\"lazy\" decoding=\"async\" width=\"640\" height=\"480\" src=\"https:\/\/somosdelprieto.com\/wp-content\/uploads\/2023\/12\/IMG_0174.jpg\" alt=\"\" data-id=\"16615\" data-link=\"https:\/\/somosdelprieto.com\/index.php\/2023\/12\/15\/transformamos-uno-de-nuestros-espacios-en-una-exhibicion-unica-de-cornwall\/img_0174\/\" class=\"wp-image-16615\" srcset=\"https:\/\/somosdelprieto.com\/wp-content\/uploads\/2023\/12\/IMG_0174.jpg 640w, https:\/\/somosdelprieto.com\/wp-content\/uploads\/2023\/12\/IMG_0174-300x225.jpg 300w\" sizes=\"auto, (max-width: 640px) 100vw, 640px\" \/><\/figure><\/li><li class=\"blocks-gallery-item\"><figure><img loading=\"lazy\" decoding=\"async\" width=\"640\" height=\"480\" src=\"https:\/\/somosdelprieto.com\/wp-content\/uploads\/2023\/12\/IMG_5353-1.jpg\" alt=\"\" data-id=\"16617\" data-link=\"https:\/\/somosdelprieto.com\/index.php\/2023\/12\/15\/transformamos-uno-de-nuestros-espacios-en-una-exhibicion-unica-de-cornwall\/img_5353-1\/\" class=\"wp-image-16617\" srcset=\"https:\/\/somosdelprieto.com\/wp-content\/uploads\/2023\/12\/IMG_5353-1.jpg 640w, https:\/\/somosdelprieto.com\/wp-content\/uploads\/2023\/12\/IMG_5353-1-300x225.jpg 300w\" sizes=\"auto, (max-width: 640px) 100vw, 640px\" \/><\/figure><\/li><li class=\"blocks-gallery-item\"><figure><img loading=\"lazy\" decoding=\"async\" width=\"640\" height=\"480\" src=\"https:\/\/somosdelprieto.com\/wp-content\/uploads\/2023\/12\/IMG_5397.jpg\" alt=\"\" data-id=\"16618\" data-link=\"https:\/\/somosdelprieto.com\/index.php\/2023\/12\/15\/transformamos-uno-de-nuestros-espacios-en-una-exhibicion-unica-de-cornwall\/img_5397\/\" class=\"wp-image-16618\" srcset=\"https:\/\/somosdelprieto.com\/wp-content\/uploads\/2023\/12\/IMG_5397.jpg 640w, https:\/\/somosdelprieto.com\/wp-content\/uploads\/2023\/12\/IMG_5397-300x225.jpg 300w\" sizes=\"auto, (max-width: 640px) 100vw, 640px\" \/><\/figure><\/li><li class=\"blocks-gallery-item\"><figure><img loading=\"lazy\" decoding=\"async\" width=\"640\" height=\"480\" src=\"https:\/\/somosdelprieto.com\/wp-content\/uploads\/2023\/12\/IMG_5398.jpg\" alt=\"\" data-id=\"16619\" data-link=\"https:\/\/somosdelprieto.com\/index.php\/2023\/12\/15\/transformamos-uno-de-nuestros-espacios-en-una-exhibicion-unica-de-cornwall\/img_5398\/\" class=\"wp-image-16619\" srcset=\"https:\/\/somosdelprieto.com\/wp-content\/uploads\/2023\/12\/IMG_5398.jpg 640w, https:\/\/somosdelprieto.com\/wp-content\/uploads\/2023\/12\/IMG_5398-300x225.jpg 300w\" sizes=\"auto, (max-width: 640px) 100vw, 640px\" \/><\/figure><\/li><\/ul><\/figure>\n<\/div><\/div>\n\n\n\n<p>Demelza, originaria del Reino Unido, ha colaborado estrechamente con el alumnado del <strong>Ciclo Formativo de Grado superior en Gesti\u00f3n de Ventas y Espacios Comerciales<\/strong> para dar vida a este rinc\u00f3n especial. La exhibici\u00f3n destaca la belleza de Cornwall a trav\u00e9s de postales, pegatinas y otros elementos decorativos, capturando la esencia de esta regi\u00f3n que quiz\u00e1s sea desconocida para muchos.<\/p>\n\n\n\n<p>La colaboraci\u00f3n entre Demelza y el alumnado no solo ha resultado en una exhibici\u00f3n visualmente impactante, sino que tambi\u00e9n ha fomentado el esp\u00edritu de trabajo en equipo y creatividad en el centro educativo. Este proyecto no solo embellece las instalaciones, sino que tambi\u00e9n educa y celebra la diversidad cultural.<\/p>\n\n\n\n<p>Demelza expres\u00f3 su entusiasmo por la oportunidad de compartir su cultura y abrir nuevas perspectivas para los estudiantes. \u00abEspero que esta exhibici\u00f3n inspire a todos a explorar y apreciar la riqueza de diferentes lugares y tradiciones\u00bb.<\/p>\n\n\n\n<figure class=\"wp-block-gallery columns-1 is-cropped wp-block-gallery-2 is-layout-flex wp-block-gallery-is-layout-flex\"><ul class=\"blocks-gallery-grid\"><li class=\"blocks-gallery-item\"><figure><img loading=\"lazy\" decoding=\"async\" width=\"640\" height=\"480\" src=\"https:\/\/somosdelprieto.com\/wp-content\/uploads\/2023\/12\/IMG_5352-1.jpg\" alt=\"\" data-id=\"16623\" data-full-url=\"https:\/\/somosdelprieto.com\/wp-content\/uploads\/2023\/12\/IMG_5352-1.jpg\" data-link=\"https:\/\/somosdelprieto.com\/index.php\/2023\/12\/15\/transformamos-uno-de-nuestros-espacios-en-una-exhibicion-unica-de-cornwall\/img_5352-1\/\" class=\"wp-image-16623\" srcset=\"https:\/\/somosdelprieto.com\/wp-content\/uploads\/2023\/12\/IMG_5352-1.jpg 640w, https:\/\/somosdelprieto.com\/wp-content\/uploads\/2023\/12\/IMG_5352-1-300x225.jpg 300w\" sizes=\"auto, (max-width: 640px) 100vw, 640px\" \/><\/figure><\/li><\/ul><\/figure>\n\n\n\n<p>Gracias a la creatividad de Demelza, el IES Gregorio Prieto ha logrado transformar un espacio en una ventana a Cornwall, creando as\u00ed una experiencia educativa \u00fanica y memorable.<\/p>\n","protected":false},"excerpt":{"rendered":"<p>En un esfuerzo por enriquecer la experiencia educativa y abrir ventanas culturales hemos transformado uno de nuestros espacios en una cautivadora exhibici\u00f3n de Cornwall. Este proyecto \u00fanico ha sido posible gracias al ingenio y la dedicaci\u00f3n de nuestra auxiliar ling\u00fc\u00edstica Demelza. Demelza, originaria del Reino Unido, ha colaborado estrechamente con el alumnado del Ciclo Formativo &hellip; <\/p>\n<p class=\"link-more\"><a href=\"https:\/\/somosdelprieto.com\/index.php\/2023\/12\/15\/transformamos-uno-de-nuestros-espacios-en-una-exhibicion-unica-de-cornwall\/\" class=\"more-link\">Continuar leyendo<span class=\"screen-reader-text\"> \u00abTransformamos uno de nuestros espacios en una exhibici\u00f3n \u00fanica de Cornwall\u00bb<\/span><\/a><\/p>\n","protected":false},"author":64,"featured_media":0,"comment_status":"closed","ping_status":"closed","sticky":false,"template":"","format":"standard","meta":{"footnotes":""},"categories":[6,8],"tags":[],"class_list":["post-16611","post","type-post","status-publish","format-standard","hentry","category-british","category-comercio"],"_links":{"self":[{"href":"https:\/\/somosdelprieto.com\/index.php\/wp-json\/wp\/v2\/posts\/16611","targetHints":{"allow":["GET"]}}],"collection":[{"href":"https:\/\/somosdelprieto.com\/index.php\/wp-json\/wp\/v2\/posts"}],"about":[{"href":"https:\/\/somosdelprieto.com\/index.php\/wp-json\/wp\/v2\/types\/post"}],"author":[{"embeddable":true,"href":"https:\/\/somosdelprieto.com\/index.php\/wp-json\/wp\/v2\/users\/64"}],"replies":[{"embeddable":true,"href":"https:\/\/somosdelprieto.com\/index.php\/wp-json\/wp\/v2\/comments?post=16611"}],"version-history":[{"count":4,"href":"https:\/\/somosdelprieto.com\/index.php\/wp-json\/wp\/v2\/posts\/16611\/revisions"}],"predecessor-version":[{"id":16624,"href":"https:\/\/somosdelprieto.com\/index.php\/wp-json\/wp\/v2\/posts\/16611\/revisions\/16624"}],"wp:attachment":[{"href":"https:\/\/somosdelprieto.com\/index.php\/wp-json\/wp\/v2\/media?parent=16611"}],"wp:term":[{"taxonomy":"category","embeddable":true,"href":"https:\/\/somosdelprieto.com\/index.php\/wp-json\/wp\/v2\/categories?post=16611"},{"taxonomy":"post_tag","embeddable":true,"href":"https:\/\/somosdelprieto.com\/index.php\/wp-json\/wp\/v2\/tags?post=16611"}],"curies":[{"name":"wp","href":"https:\/\/api.w.org\/{rel}","templated":true}]}}