{"id":16591,"date":"2023-12-14T17:40:21","date_gmt":"2023-12-14T16:40:21","guid":{"rendered":"https:\/\/somosdelprieto.com\/?p=16591"},"modified":"2023-12-14T17:40:21","modified_gmt":"2023-12-14T16:40:21","slug":"halloween-23-24","status":"publish","type":"post","link":"https:\/\/somosdelprieto.com\/index.php\/2023\/12\/14\/halloween-23-24\/","title":{"rendered":"HALLOWEEN 23-24"},"content":{"rendered":"\n<p>Como cada a\u00f1o, desde el Equipo British hemos organizado una actividad relacionada con Halloween que deseamos compartir aqu\u00ed con la Comunidad Educativa.<\/p>\n\n\n\n<div class=\"wp-block-image is-style-rounded\"><figure class=\"aligncenter size-large is-resized\"><a href=\"https:\/\/drive.google.com\/drive\/folders\/1KCtPS_f7oM5A7pUInruLyE_DHtEBPTvP\" target=\"_blank\" rel=\"noopener\"><img loading=\"lazy\" decoding=\"async\" src=\"https:\/\/somosdelprieto.com\/wp-content\/uploads\/2023\/12\/20231031_115932-1024x768.jpg\" alt=\"\" class=\"wp-image-16596\" width=\"442\" height=\"331\" srcset=\"https:\/\/somosdelprieto.com\/wp-content\/uploads\/2023\/12\/20231031_115932-1024x768.jpg 1024w, https:\/\/somosdelprieto.com\/wp-content\/uploads\/2023\/12\/20231031_115932-300x225.jpg 300w, https:\/\/somosdelprieto.com\/wp-content\/uploads\/2023\/12\/20231031_115932-768x576.jpg 768w, https:\/\/somosdelprieto.com\/wp-content\/uploads\/2023\/12\/20231031_115932-1536x1152.jpg 1536w, https:\/\/somosdelprieto.com\/wp-content\/uploads\/2023\/12\/20231031_115932-2048x1536.jpg 2048w\" sizes=\"auto, (max-width: 442px) 100vw, 442px\" \/><\/a><figcaption>                                                           Clica en la imagen<\/figcaption><\/figure><\/div>\n\n\n\n<p>Con esta actividad hemos iniciado el proyecto de teatro en 4\u00ba de ESO.&nbsp;<\/p>\n\n\n\n<p>Despu\u00e9s de trabajar el contexto hist\u00f3rico en clase de Geograf\u00eda e Historia, el alumnado ha creado la trama de sus sketches y el di\u00e1logo de los mismos en ingl\u00e9s. A continuaci\u00f3n, en clase de Educaci\u00f3n F\u00edsica, se han trabajado distintas t\u00e9cnicas de expresi\u00f3n corporal para aumentar la expresividad. Finalmente, han practicado y perfeccionado sus di\u00e1logos en clase de Ingl\u00e9s.&nbsp;<\/p>\n\n\n\n<p>En la ma\u00f1ana del d\u00eda 31 de Octubre, el alumnado de 4\u00ba biling\u00fce y de Diversificaci\u00f3n ha representado sus sketches hasta 10 veces para los diferentes grupos de 1\u00ba y 2\u00ba de la ESO que as\u00ed lo han deseado, todo ello con la ayuda y colaboraci\u00f3n del alumnado de 4\u00ba no biling\u00fce que han trabajado como equipo t\u00e9cnico.<\/p>\n\n\n\n<p>Desde la materia de Educaci\u00f3n Pl\u00e1stica y Visual, se ha preparado gran cantidad de materiales  para ser utilizado como decorado y atrezo en los teatros, e incluso material ya creado en a\u00f1os anteriores por este mismo departamento se ha redise\u00f1ado y utilizado con un nuevo look.<\/p>\n\n\n\n<div class=\"wp-block-image is-style-rounded\"><figure class=\"aligncenter size-large is-resized\"><a href=\"https:\/\/drive.google.com\/drive\/u\/1\/folders\/18Rv6qs3obIRBbAVEMkGu4JZEkkoLmhEs\" target=\"_blank\" rel=\"noopener\"><img loading=\"lazy\" decoding=\"async\" src=\"https:\/\/somosdelprieto.com\/wp-content\/uploads\/2023\/12\/Sin-titulo1.png\" alt=\"\" class=\"wp-image-16597\" width=\"279\" height=\"277\" srcset=\"https:\/\/somosdelprieto.com\/wp-content\/uploads\/2023\/12\/Sin-titulo1.png 498w, https:\/\/somosdelprieto.com\/wp-content\/uploads\/2023\/12\/Sin-titulo1-300x298.png 300w, https:\/\/somosdelprieto.com\/wp-content\/uploads\/2023\/12\/Sin-titulo1-150x150.png 150w, https:\/\/somosdelprieto.com\/wp-content\/uploads\/2023\/12\/Sin-titulo1-100x100.png 100w\" sizes=\"auto, (max-width: 279px) 100vw, 279px\" \/><\/a><figcaption>Clica en la imagen<\/figcaption><\/figure><\/div>\n\n\n\n<p>En la materia de M\u00fasica se ha trabajado con el alumnado biling\u00fce y no biling\u00fce de la asignatura <em>M\u00fasica activa, movimiento y folclore<\/em> de 3\u00ba de la ESO. Ellos\/as han creado una banda sonora con la herramienta <em>Audacity<\/em> para ambientar los teatros de Halloween, a partir de la edici\u00f3n de diferentes efectos de sonido y fragmentos de audios terror\u00edficos\u2026 En algunos casos tambi\u00e9n han grabado sus propios efectos sonoros.\u00a0 Aqu\u00ed est\u00e1n los <a href=\"https:\/\/drive.google.com\/drive\/u\/1\/folders\/1v6joli-ATOfenSwcYToUQLV7OauZhrt0\" target=\"_blank\" rel=\"noreferrer noopener\">productos finales.<\/a><\/p>\n\n\n\n<div class=\"wp-block-columns is-layout-flex wp-container-core-columns-is-layout-9d6595d7 wp-block-columns-is-layout-flex\">\n<div class=\"wp-block-column is-layout-flow wp-block-column-is-layout-flow\">\n<figure class=\"wp-block-image size-large\"><a href=\"https:\/\/padlet.com\/alfonsapliego\/collaborative-project-1-eso-3-eso-personal-reflection-on-how-cjkyauw5kmkoyc16\" target=\"_blank\" rel=\"noopener\"><img loading=\"lazy\" decoding=\"async\" width=\"1024\" height=\"505\" src=\"https:\/\/somosdelprieto.com\/wp-content\/uploads\/2023\/12\/Sin-titulo4-1024x505.png\" alt=\"\" class=\"wp-image-16599\" srcset=\"https:\/\/somosdelprieto.com\/wp-content\/uploads\/2023\/12\/Sin-titulo4-1024x505.png 1024w, https:\/\/somosdelprieto.com\/wp-content\/uploads\/2023\/12\/Sin-titulo4-300x148.png 300w, https:\/\/somosdelprieto.com\/wp-content\/uploads\/2023\/12\/Sin-titulo4-768x379.png 768w, https:\/\/somosdelprieto.com\/wp-content\/uploads\/2023\/12\/Sin-titulo4.png 1287w\" sizes=\"auto, (max-width: 767px) 89vw, (max-width: 1000px) 54vw, (max-width: 1071px) 543px, 580px\" \/><\/a><figcaption>                        Clica en la imagen<\/figcaption><\/figure>\n<\/div>\n\n\n\n<div class=\"wp-block-column is-layout-flow wp-block-column-is-layout-flow\">\n<figure class=\"wp-block-image size-large\"><a href=\"https:\/\/padlet.com\/apr196791\/collaborative-project-1-eso-3-eso-personal-reflection-on-how-4zgzozqi5ju3v90l\" target=\"_blank\" rel=\"noopener\"><img loading=\"lazy\" decoding=\"async\" width=\"1024\" height=\"512\" src=\"https:\/\/somosdelprieto.com\/wp-content\/uploads\/2023\/12\/Sin-titulo3-1024x512.png\" alt=\"\" class=\"wp-image-16598\" srcset=\"https:\/\/somosdelprieto.com\/wp-content\/uploads\/2023\/12\/Sin-titulo3-1024x512.png 1024w, https:\/\/somosdelprieto.com\/wp-content\/uploads\/2023\/12\/Sin-titulo3-300x150.png 300w, https:\/\/somosdelprieto.com\/wp-content\/uploads\/2023\/12\/Sin-titulo3-768x384.png 768w, https:\/\/somosdelprieto.com\/wp-content\/uploads\/2023\/12\/Sin-titulo3.png 1275w\" sizes=\"auto, (max-width: 767px) 89vw, (max-width: 1000px) 54vw, (max-width: 1071px) 543px, 580px\" \/><\/a><figcaption>                              Clica en la imagen<\/figcaption><\/figure>\n<\/div>\n<\/div>\n\n\n\n<p>En la materia de ingl\u00e9s hemos trabajado con 1\u00baGS AUTO FOL biling\u00fce, 3\u00baESO grupos azul y verde y 1\u00baESO grupos azul y verde. Los alumnos de FOL informaron al alumnado de 3\u00baESO de los pasos a seguir en una evacuaci\u00f3n en el caso de peligrosidad en una fiesta masiva de Halloween. Realizaron y expusieron un dec\u00e1logo b\u00e1sico en una situaci\u00f3n de evacuaci\u00f3n. Haciendo la exposici\u00f3n 2 veces, simulando una actividad de listening de Ingl\u00e9s.El alumnado de 3\u00ba ESO tom\u00f3 notas para elaborar una infograf\u00eda que posteriormente ha sido llevada a los cursos de 1\u00baESO ya mencionados.<\/p>\n\n\n\n<p>El alumnado de 1\u00ba ESO tras la presentaci\u00f3n de las infograf\u00edas por parte del alumnado de 3\u00baESO, han llevado a cabo una reflexi\u00f3n enmarcada dentro&nbsp; del Critical Thinking. Con la ayuda de la herramienta digital Padlet han publicado su reflexi\u00f3n personal sobre posibles medidas de seguridad a tener en cuenta en una situaci\u00f3n de emergencia.&nbsp;<\/p>\n\n\n\n<p>Ha sido una actividad de ense\u00f1anza-aprendizaje entre iguales muy satisfactoria.<\/p>\n\n\n\n<p>Adem\u00e1s en este curso de manera experimental, la materia de F\u00edsica y Qu\u00edmica trabaja dentro del proyecto British, preparando proyectos en 2\u00ba ESO junto a la materia de Ingl\u00e9s.\u00a0 Se trabaja de manera colaborativa uniendo los curr\u00edculos de ambas materias y realizando distintos proyectos. Para Halloween, el alumnado de 2\u00ba ESO, ha investigado sobre\u00a0 c\u00f3mo preparar tinta invisible y en peque\u00f1os grupos le han facilitado la explicaci\u00f3n al alumnado de 1\u00ba ESO. Una actividad de aprendizaje entre iguales muy enriquecedora.<\/p>\n\n\n\n<div class=\"wp-block-image\"><figure class=\"aligncenter size-large is-resized\"><a href=\"https:\/\/drive.google.com\/file\/d\/1hgNyJe1Idbs4tN23c-xV6bI5-a52Pd4k\/view?usp=sharing\" target=\"_blank\" rel=\"noopener\"><img loading=\"lazy\" decoding=\"async\" src=\"https:\/\/somosdelprieto.com\/wp-content\/uploads\/2023\/12\/IMG-20231102-WA0011-1024x768.jpg\" alt=\"\" class=\"wp-image-16600\" width=\"361\" height=\"270\" srcset=\"https:\/\/somosdelprieto.com\/wp-content\/uploads\/2023\/12\/IMG-20231102-WA0011-1024x768.jpg 1024w, https:\/\/somosdelprieto.com\/wp-content\/uploads\/2023\/12\/IMG-20231102-WA0011-300x225.jpg 300w, https:\/\/somosdelprieto.com\/wp-content\/uploads\/2023\/12\/IMG-20231102-WA0011-768x576.jpg 768w, https:\/\/somosdelprieto.com\/wp-content\/uploads\/2023\/12\/IMG-20231102-WA0011-1536x1152.jpg 1536w, https:\/\/somosdelprieto.com\/wp-content\/uploads\/2023\/12\/IMG-20231102-WA0011.jpg 2048w\" sizes=\"auto, (max-width: 361px) 100vw, 361px\" \/><\/a><figcaption>                             Clica en la imagen<\/figcaption><\/figure><\/div>\n\n\n\n<p>Desde Tecnolog\u00eda se ha trabajado la tem\u00e1tica de Halloween, mediante la creaci\u00f3n de un blog\/ sitio web. Aqu\u00ed os dejamos <a rel=\"noreferrer noopener\" href=\"https:\/\/sites.google.com\/educar.jccm.es\/a-halloween-web\/inicio?authuser=1\" target=\"_blank\">un enlace al mejor de todos<\/a>. Es necesario entrar con la cuenta de educar.jccm.es.<\/p>\n\n\n\n<p><\/p>\n","protected":false},"excerpt":{"rendered":"<p>Como cada a\u00f1o, desde el Equipo British hemos organizado una actividad relacionada con Halloween que deseamos compartir aqu\u00ed con la Comunidad Educativa. Con esta actividad hemos iniciado el proyecto de teatro en 4\u00ba de ESO.&nbsp; Despu\u00e9s de trabajar el contexto hist\u00f3rico en clase de Geograf\u00eda e Historia, el alumnado ha creado la trama de sus &hellip; <\/p>\n<p class=\"link-more\"><a href=\"https:\/\/somosdelprieto.com\/index.php\/2023\/12\/14\/halloween-23-24\/\" class=\"more-link\">Continuar leyendo<span class=\"screen-reader-text\"> \u00abHALLOWEEN 23-24\u00bb<\/span><\/a><\/p>\n","protected":false},"author":45,"featured_media":1746,"comment_status":"closed","ping_status":"closed","sticky":false,"template":"","format":"standard","meta":{"footnotes":""},"categories":[23,24,8,26,29,30,32,36,1,42],"tags":[117,119,120,253,349,118,90],"class_list":["post-16591","post","type-post","status-publish","format-standard","has-post-thumbnail","hentry","category-artes-plasticas","category-biologia-y-geologia","category-comercio","category-educacion-fisica","category-fisica-y-quimica","category-formacion-y-orientacion-laboral","category-geografia-e-historia","category-ingles","category-noticias","category-tecnologia","tag-biologia","tag-educacion-fisica","tag-educacion-plastica-y-visual","tag-fisica-y-quimica","tag-formacion-y-orientacion-laboral","tag-geografia-e-historia","tag-ingles"],"_links":{"self":[{"href":"https:\/\/somosdelprieto.com\/index.php\/wp-json\/wp\/v2\/posts\/16591","targetHints":{"allow":["GET"]}}],"collection":[{"href":"https:\/\/somosdelprieto.com\/index.php\/wp-json\/wp\/v2\/posts"}],"about":[{"href":"https:\/\/somosdelprieto.com\/index.php\/wp-json\/wp\/v2\/types\/post"}],"author":[{"embeddable":true,"href":"https:\/\/somosdelprieto.com\/index.php\/wp-json\/wp\/v2\/users\/45"}],"replies":[{"embeddable":true,"href":"https:\/\/somosdelprieto.com\/index.php\/wp-json\/wp\/v2\/comments?post=16591"}],"version-history":[{"count":3,"href":"https:\/\/somosdelprieto.com\/index.php\/wp-json\/wp\/v2\/posts\/16591\/revisions"}],"predecessor-version":[{"id":16603,"href":"https:\/\/somosdelprieto.com\/index.php\/wp-json\/wp\/v2\/posts\/16591\/revisions\/16603"}],"wp:featuredmedia":[{"embeddable":true,"href":"https:\/\/somosdelprieto.com\/index.php\/wp-json\/wp\/v2\/media\/1746"}],"wp:attachment":[{"href":"https:\/\/somosdelprieto.com\/index.php\/wp-json\/wp\/v2\/media?parent=16591"}],"wp:term":[{"taxonomy":"category","embeddable":true,"href":"https:\/\/somosdelprieto.com\/index.php\/wp-json\/wp\/v2\/categories?post=16591"},{"taxonomy":"post_tag","embeddable":true,"href":"https:\/\/somosdelprieto.com\/index.php\/wp-json\/wp\/v2\/tags?post=16591"}],"curies":[{"name":"wp","href":"https:\/\/api.w.org\/{rel}","templated":true}]}}