{"id":16476,"date":"2023-11-30T23:32:06","date_gmt":"2023-11-30T22:32:06","guid":{"rendered":"https:\/\/somosdelprieto.com\/?p=16476"},"modified":"2023-11-30T23:32:06","modified_gmt":"2023-11-30T22:32:06","slug":"jardineria-participa-en-el-dia-internacional-de-la-ciudad-educadora","status":"publish","type":"post","link":"https:\/\/somosdelprieto.com\/index.php\/2023\/11\/30\/jardineria-participa-en-el-dia-internacional-de-la-ciudad-educadora\/","title":{"rendered":"JARDINER\u00cdA PARTICIPA EN EL D\u00cdA INTERNACIONAL DE LA CIUDAD EDUCADORA"},"content":{"rendered":"\n<p>El jueves 30 de noviembre, el alumnado del PEFP Jardiner\u00eda de nuestro centro, ha participado en la celebraci\u00f3n del d\u00eda internacional de la ciudad educadora asistiendo al stand que el Ayuntamiento de Valdepe\u00f1as ha instalado en la Plaza de Espa\u00f1a, en el cual se nos han entregado a nosotros y al resto de personas asistentes, semillas para realizar una plantaci\u00f3n.<\/p>\n\n\n\n<p>A trav\u00e9s de la plantaci\u00f3n de semillas bajo el lema \u00abSembramos educaci\u00f3n\u00bb, el Ayuntamiento pretende concienciar a la poblaci\u00f3n de que educar en valores a las nuevas generaciones es tarea de toda la sociedad y gracias a esta educaci\u00f3n, todos cosecharemos en el futuro, buenos frutos como respeto y tolerancia, los cuales mejoran la convivencia.<\/p>\n\n\n\n<figure class=\"wp-block-image size-large\"><img loading=\"lazy\" decoding=\"async\" width=\"1024\" height=\"473\" src=\"https:\/\/somosdelprieto.com\/wp-content\/uploads\/2023\/11\/IMG-20231130-WA0013-1024x473.jpg\" alt=\"\" class=\"wp-image-16478\" srcset=\"https:\/\/somosdelprieto.com\/wp-content\/uploads\/2023\/11\/IMG-20231130-WA0013-1024x473.jpg 1024w, https:\/\/somosdelprieto.com\/wp-content\/uploads\/2023\/11\/IMG-20231130-WA0013-300x138.jpg 300w, https:\/\/somosdelprieto.com\/wp-content\/uploads\/2023\/11\/IMG-20231130-WA0013-768x354.jpg 768w, https:\/\/somosdelprieto.com\/wp-content\/uploads\/2023\/11\/IMG-20231130-WA0013-1536x709.jpg 1536w, https:\/\/somosdelprieto.com\/wp-content\/uploads\/2023\/11\/IMG-20231130-WA0013.jpg 2048w\" sizes=\"auto, (max-width: 767px) 89vw, (max-width: 1000px) 54vw, (max-width: 1071px) 543px, 580px\" \/><\/figure>\n","protected":false},"excerpt":{"rendered":"<p>El jueves 30 de noviembre, el alumnado del PEFP Jardiner\u00eda de nuestro centro, ha participado en la celebraci\u00f3n del d\u00eda internacional de la ciudad educadora asistiendo al stand que el Ayuntamiento de Valdepe\u00f1as ha instalado en la Plaza de Espa\u00f1a, en el cual se nos han entregado a nosotros y al resto de personas asistentes, &hellip; <\/p>\n<p class=\"link-more\"><a href=\"https:\/\/somosdelprieto.com\/index.php\/2023\/11\/30\/jardineria-participa-en-el-dia-internacional-de-la-ciudad-educadora\/\" class=\"more-link\">Continuar leyendo<span class=\"screen-reader-text\"> \u00abJARDINER\u00cdA PARTICIPA EN EL D\u00cdA INTERNACIONAL DE LA CIUDAD EDUCADORA\u00bb<\/span><\/a><\/p>\n","protected":false},"author":17,"featured_media":16477,"comment_status":"open","ping_status":"closed","sticky":false,"template":"","format":"standard","meta":{"footnotes":""},"categories":[22,1],"tags":[156,338,301],"class_list":["post-16476","post","type-post","status-publish","format-standard","has-post-thumbnail","hentry","category-agraria","category-noticias","tag-agraria","tag-ciudad-educadora","tag-jardineria"],"_links":{"self":[{"href":"https:\/\/somosdelprieto.com\/index.php\/wp-json\/wp\/v2\/posts\/16476","targetHints":{"allow":["GET"]}}],"collection":[{"href":"https:\/\/somosdelprieto.com\/index.php\/wp-json\/wp\/v2\/posts"}],"about":[{"href":"https:\/\/somosdelprieto.com\/index.php\/wp-json\/wp\/v2\/types\/post"}],"author":[{"embeddable":true,"href":"https:\/\/somosdelprieto.com\/index.php\/wp-json\/wp\/v2\/users\/17"}],"replies":[{"embeddable":true,"href":"https:\/\/somosdelprieto.com\/index.php\/wp-json\/wp\/v2\/comments?post=16476"}],"version-history":[{"count":2,"href":"https:\/\/somosdelprieto.com\/index.php\/wp-json\/wp\/v2\/posts\/16476\/revisions"}],"predecessor-version":[{"id":16480,"href":"https:\/\/somosdelprieto.com\/index.php\/wp-json\/wp\/v2\/posts\/16476\/revisions\/16480"}],"wp:featuredmedia":[{"embeddable":true,"href":"https:\/\/somosdelprieto.com\/index.php\/wp-json\/wp\/v2\/media\/16477"}],"wp:attachment":[{"href":"https:\/\/somosdelprieto.com\/index.php\/wp-json\/wp\/v2\/media?parent=16476"}],"wp:term":[{"taxonomy":"category","embeddable":true,"href":"https:\/\/somosdelprieto.com\/index.php\/wp-json\/wp\/v2\/categories?post=16476"},{"taxonomy":"post_tag","embeddable":true,"href":"https:\/\/somosdelprieto.com\/index.php\/wp-json\/wp\/v2\/tags?post=16476"}],"curies":[{"name":"wp","href":"https:\/\/api.w.org\/{rel}","templated":true}]}}