{"id":16450,"date":"2023-11-30T01:59:09","date_gmt":"2023-11-30T00:59:09","guid":{"rendered":"https:\/\/somosdelprieto.com\/?p=16450"},"modified":"2023-11-30T02:01:26","modified_gmt":"2023-11-30T01:01:26","slug":"visita-conjunta-al-jardin-botanico-de-madrid-del-alumnado-de-jardineria-y-biologia","status":"publish","type":"post","link":"https:\/\/somosdelprieto.com\/index.php\/2023\/11\/30\/visita-conjunta-al-jardin-botanico-de-madrid-del-alumnado-de-jardineria-y-biologia\/","title":{"rendered":"VISITA CONJUNTA AL JARD\u00cdN BOT\u00c1NICO DE MADRID DEL ALUMNADO DE JARDINER\u00cdA Y BIOLOG\u00cdA"},"content":{"rendered":"\n<p>El martes 28 de noviembre el alumnado del PEFP de jardiner\u00eda y el alumnado de biolog\u00eda de 1\u00ba de Bachillerato, han realizado una visita conjunta al Real Jard\u00edn bot\u00e1nico de Madrid. En dicha visita hemos disfrutado de un paseo guiado por las instalaciones de este maravilloso espacio dedicado a la conservaci\u00f3n y exposici\u00f3n de especies vegetales de todo el mundo.<\/p>\n\n\n\n<p>La visita ha resultado muy interesante. En ella hemos conocido gran variedad datos sobre diversas especies vegetales, algunos de ellos curiosos, como por ejemplo el hecho de que a partir del tejo, un \u00e1rbol muy t\u00f3xico, se elabora una medicina contra varios tipos de c\u00e1ncer.  La colecci\u00f3n de especies con las que cuenta el Jard\u00edn bot\u00e1nico se encuentran distribuidas en diversos ambientes como son los jardines exteriores, invernaderos climatizados para distintos h\u00e1bitats (des\u00e9rtico, subtropical, tropical), terraza de los bons\u00e1is, etc.<\/p>\n\n\n\n<p>En esta visita se ha puesto de manifiesto una vez m\u00e1s la apuesta de nuestro centro por la realizaci\u00f3n de actividades inclusivas de colaboraci\u00f3n entre alumnado con distintos perfiles educativos, as\u00ed mismo, hemos podido constatar el inter\u00e9s que estas actividades despiertan en nuestro alumnado, tanto a nivel pedag\u00f3gico como a nivel de socializaci\u00f3n entre todos\/as ellos\/as.<\/p>\n\n\n\n<figure class=\"wp-block-image size-large\"><img loading=\"lazy\" decoding=\"async\" width=\"1024\" height=\"766\" src=\"https:\/\/somosdelprieto.com\/wp-content\/uploads\/2023\/11\/IMG-20231128-WA0018-1024x766.jpg\" alt=\"\" class=\"wp-image-16452\" srcset=\"https:\/\/somosdelprieto.com\/wp-content\/uploads\/2023\/11\/IMG-20231128-WA0018-1024x766.jpg 1024w, https:\/\/somosdelprieto.com\/wp-content\/uploads\/2023\/11\/IMG-20231128-WA0018-300x224.jpg 300w, https:\/\/somosdelprieto.com\/wp-content\/uploads\/2023\/11\/IMG-20231128-WA0018-768x575.jpg 768w, https:\/\/somosdelprieto.com\/wp-content\/uploads\/2023\/11\/IMG-20231128-WA0018-1536x1149.jpg 1536w, https:\/\/somosdelprieto.com\/wp-content\/uploads\/2023\/11\/IMG-20231128-WA0018.jpg 1600w\" sizes=\"auto, (max-width: 767px) 89vw, (max-width: 1000px) 54vw, (max-width: 1071px) 543px, 580px\" \/><\/figure>\n\n\n\n<figure class=\"wp-block-image size-large\"><img loading=\"lazy\" decoding=\"async\" width=\"1024\" height=\"768\" src=\"https:\/\/somosdelprieto.com\/wp-content\/uploads\/2023\/11\/20231128_120508-1024x768.jpg\" alt=\"\" class=\"wp-image-16453\" srcset=\"https:\/\/somosdelprieto.com\/wp-content\/uploads\/2023\/11\/20231128_120508-1024x768.jpg 1024w, https:\/\/somosdelprieto.com\/wp-content\/uploads\/2023\/11\/20231128_120508-300x225.jpg 300w, https:\/\/somosdelprieto.com\/wp-content\/uploads\/2023\/11\/20231128_120508-768x576.jpg 768w, https:\/\/somosdelprieto.com\/wp-content\/uploads\/2023\/11\/20231128_120508-1536x1152.jpg 1536w, https:\/\/somosdelprieto.com\/wp-content\/uploads\/2023\/11\/20231128_120508-2048x1536.jpg 2048w\" sizes=\"auto, (max-width: 767px) 89vw, (max-width: 1000px) 54vw, (max-width: 1071px) 543px, 580px\" \/><\/figure>\n\n\n\n<figure class=\"wp-block-image size-large\"><img loading=\"lazy\" decoding=\"async\" width=\"1024\" height=\"768\" src=\"https:\/\/somosdelprieto.com\/wp-content\/uploads\/2023\/11\/20231128_131628-1024x768.jpg\" alt=\"\" class=\"wp-image-16454\" srcset=\"https:\/\/somosdelprieto.com\/wp-content\/uploads\/2023\/11\/20231128_131628-1024x768.jpg 1024w, https:\/\/somosdelprieto.com\/wp-content\/uploads\/2023\/11\/20231128_131628-300x225.jpg 300w, https:\/\/somosdelprieto.com\/wp-content\/uploads\/2023\/11\/20231128_131628-768x576.jpg 768w, https:\/\/somosdelprieto.com\/wp-content\/uploads\/2023\/11\/20231128_131628-1536x1152.jpg 1536w, https:\/\/somosdelprieto.com\/wp-content\/uploads\/2023\/11\/20231128_131628-2048x1536.jpg 2048w\" sizes=\"auto, (max-width: 767px) 89vw, (max-width: 1000px) 54vw, (max-width: 1071px) 543px, 580px\" \/><\/figure>\n\n\n\n<figure class=\"wp-block-image size-large\"><img loading=\"lazy\" decoding=\"async\" width=\"1024\" height=\"768\" src=\"https:\/\/somosdelprieto.com\/wp-content\/uploads\/2023\/11\/20231128_133849-1024x768.jpg\" alt=\"\" class=\"wp-image-16455\" srcset=\"https:\/\/somosdelprieto.com\/wp-content\/uploads\/2023\/11\/20231128_133849-1024x768.jpg 1024w, https:\/\/somosdelprieto.com\/wp-content\/uploads\/2023\/11\/20231128_133849-300x225.jpg 300w, https:\/\/somosdelprieto.com\/wp-content\/uploads\/2023\/11\/20231128_133849-768x576.jpg 768w, https:\/\/somosdelprieto.com\/wp-content\/uploads\/2023\/11\/20231128_133849-1536x1152.jpg 1536w, https:\/\/somosdelprieto.com\/wp-content\/uploads\/2023\/11\/20231128_133849-2048x1536.jpg 2048w\" sizes=\"auto, (max-width: 767px) 89vw, (max-width: 1000px) 54vw, (max-width: 1071px) 543px, 580px\" \/><\/figure>\n\n\n\n<figure class=\"wp-block-image size-large\"><img loading=\"lazy\" decoding=\"async\" width=\"1024\" height=\"576\" src=\"https:\/\/somosdelprieto.com\/wp-content\/uploads\/2023\/11\/IMG-20231128-WA0032-1024x576.jpg\" alt=\"\" class=\"wp-image-16456\" srcset=\"https:\/\/somosdelprieto.com\/wp-content\/uploads\/2023\/11\/IMG-20231128-WA0032-1024x576.jpg 1024w, https:\/\/somosdelprieto.com\/wp-content\/uploads\/2023\/11\/IMG-20231128-WA0032-300x169.jpg 300w, https:\/\/somosdelprieto.com\/wp-content\/uploads\/2023\/11\/IMG-20231128-WA0032-768x432.jpg 768w, https:\/\/somosdelprieto.com\/wp-content\/uploads\/2023\/11\/IMG-20231128-WA0032-1536x864.jpg 1536w, https:\/\/somosdelprieto.com\/wp-content\/uploads\/2023\/11\/IMG-20231128-WA0032.jpg 1600w\" sizes=\"auto, (max-width: 767px) 89vw, (max-width: 1000px) 54vw, (max-width: 1071px) 543px, 580px\" \/><\/figure>\n\n\n\n<figure class=\"wp-block-image size-large\"><img loading=\"lazy\" decoding=\"async\" width=\"1024\" height=\"768\" src=\"https:\/\/somosdelprieto.com\/wp-content\/uploads\/2023\/11\/20231128_131025-1024x768.jpg\" alt=\"\" class=\"wp-image-16457\" srcset=\"https:\/\/somosdelprieto.com\/wp-content\/uploads\/2023\/11\/20231128_131025-1024x768.jpg 1024w, https:\/\/somosdelprieto.com\/wp-content\/uploads\/2023\/11\/20231128_131025-300x225.jpg 300w, https:\/\/somosdelprieto.com\/wp-content\/uploads\/2023\/11\/20231128_131025-768x576.jpg 768w, https:\/\/somosdelprieto.com\/wp-content\/uploads\/2023\/11\/20231128_131025-1536x1152.jpg 1536w, https:\/\/somosdelprieto.com\/wp-content\/uploads\/2023\/11\/20231128_131025-2048x1536.jpg 2048w\" sizes=\"auto, (max-width: 767px) 89vw, (max-width: 1000px) 54vw, (max-width: 1071px) 543px, 580px\" \/><\/figure>\n","protected":false},"excerpt":{"rendered":"<p>El martes 28 de noviembre el alumnado del PEFP de jardiner\u00eda y el alumnado de biolog\u00eda de 1\u00ba de Bachillerato, han realizado una visita conjunta al Real Jard\u00edn bot\u00e1nico de Madrid. En dicha visita hemos disfrutado de un paseo guiado por las instalaciones de este maravilloso espacio dedicado a la conservaci\u00f3n y exposici\u00f3n de especies &hellip; <\/p>\n<p class=\"link-more\"><a href=\"https:\/\/somosdelprieto.com\/index.php\/2023\/11\/30\/visita-conjunta-al-jardin-botanico-de-madrid-del-alumnado-de-jardineria-y-biologia\/\" class=\"more-link\">Continuar leyendo<span class=\"screen-reader-text\"> \u00abVISITA CONJUNTA AL JARD\u00cdN BOT\u00c1NICO DE MADRID DEL ALUMNADO DE JARDINER\u00cdA Y BIOLOG\u00cdA\u00bb<\/span><\/a><\/p>\n","protected":false},"author":17,"featured_media":16451,"comment_status":"open","ping_status":"closed","sticky":false,"template":"","format":"standard","meta":{"footnotes":""},"categories":[22,24,1],"tags":[156,117,154,334],"class_list":["post-16450","post","type-post","status-publish","format-standard","has-post-thumbnail","hentry","category-agraria","category-biologia-y-geologia","category-noticias","tag-agraria","tag-biologia","tag-inclusion","tag-jardin-botanico"],"_links":{"self":[{"href":"https:\/\/somosdelprieto.com\/index.php\/wp-json\/wp\/v2\/posts\/16450","targetHints":{"allow":["GET"]}}],"collection":[{"href":"https:\/\/somosdelprieto.com\/index.php\/wp-json\/wp\/v2\/posts"}],"about":[{"href":"https:\/\/somosdelprieto.com\/index.php\/wp-json\/wp\/v2\/types\/post"}],"author":[{"embeddable":true,"href":"https:\/\/somosdelprieto.com\/index.php\/wp-json\/wp\/v2\/users\/17"}],"replies":[{"embeddable":true,"href":"https:\/\/somosdelprieto.com\/index.php\/wp-json\/wp\/v2\/comments?post=16450"}],"version-history":[{"count":2,"href":"https:\/\/somosdelprieto.com\/index.php\/wp-json\/wp\/v2\/posts\/16450\/revisions"}],"predecessor-version":[{"id":16459,"href":"https:\/\/somosdelprieto.com\/index.php\/wp-json\/wp\/v2\/posts\/16450\/revisions\/16459"}],"wp:featuredmedia":[{"embeddable":true,"href":"https:\/\/somosdelprieto.com\/index.php\/wp-json\/wp\/v2\/media\/16451"}],"wp:attachment":[{"href":"https:\/\/somosdelprieto.com\/index.php\/wp-json\/wp\/v2\/media?parent=16450"}],"wp:term":[{"taxonomy":"category","embeddable":true,"href":"https:\/\/somosdelprieto.com\/index.php\/wp-json\/wp\/v2\/categories?post=16450"},{"taxonomy":"post_tag","embeddable":true,"href":"https:\/\/somosdelprieto.com\/index.php\/wp-json\/wp\/v2\/tags?post=16450"}],"curies":[{"name":"wp","href":"https:\/\/api.w.org\/{rel}","templated":true}]}}