{"id":16410,"date":"2023-11-25T10:05:08","date_gmt":"2023-11-25T09:05:08","guid":{"rendered":"https:\/\/somosdelprieto.com\/?p=16410"},"modified":"2023-11-25T11:40:07","modified_gmt":"2023-11-25T10:40:07","slug":"reconocimiento-al-ies-gregorio-prieto-en-el-dia-internacional-contra-la-violencia-de-genero","status":"publish","type":"post","link":"https:\/\/somosdelprieto.com\/index.php\/2023\/11\/25\/reconocimiento-al-ies-gregorio-prieto-en-el-dia-internacional-contra-la-violencia-de-genero\/","title":{"rendered":"RECONOCIMIENTO AL IES GREGORIO PRIETO EN EL D\u00cdA INTERNACIONAL CONTRA LA VIOLENCIA DE G\u00c9NERO"},"content":{"rendered":"\n<p>El pasado d\u00eda 24 de noviembre, el IES Gregorio Prieto recibi\u00f3 en Los Y\u00e9benes (Toledo) un reconocimiento por sus iniciativas y planes en materia de igualdad y en contra de la violencia de g\u00e9nero.<\/p>\n\n\n\n<p>Una representaci\u00f3n del centro (3 docentes y 23 alumnos\/as) acudi\u00f3 al acto institucional, al que asistieron autoridades como el Presidente del Gobierno de Castilla La Mancha Emiliano Garc\u00eda Page, el Presidente de las Cortes de Castilla La Mancha Pablo Bellido y la Consejera de Igualdad Sara Sim\u00f3n.<\/p>\n\n\n\n<figure class=\"wp-block-gallery columns-3 is-cropped wp-block-gallery-1 is-layout-flex wp-block-gallery-is-layout-flex\"><ul class=\"blocks-gallery-grid\"><li class=\"blocks-gallery-item\"><figure><img loading=\"lazy\" decoding=\"async\" width=\"1024\" height=\"683\" src=\"https:\/\/somosdelprieto.com\/wp-content\/uploads\/2023\/11\/WhatsApp-Image-2023-11-24-at-17.55.23-3-1024x683.jpeg\" alt=\"\" data-id=\"16415\" data-full-url=\"https:\/\/somosdelprieto.com\/wp-content\/uploads\/2023\/11\/WhatsApp-Image-2023-11-24-at-17.55.23-3.jpeg\" data-link=\"https:\/\/somosdelprieto.com\/?attachment_id=16415\" class=\"wp-image-16415\" srcset=\"https:\/\/somosdelprieto.com\/wp-content\/uploads\/2023\/11\/WhatsApp-Image-2023-11-24-at-17.55.23-3-1024x683.jpeg 1024w, https:\/\/somosdelprieto.com\/wp-content\/uploads\/2023\/11\/WhatsApp-Image-2023-11-24-at-17.55.23-3-300x200.jpeg 300w, https:\/\/somosdelprieto.com\/wp-content\/uploads\/2023\/11\/WhatsApp-Image-2023-11-24-at-17.55.23-3-768x512.jpeg 768w, https:\/\/somosdelprieto.com\/wp-content\/uploads\/2023\/11\/WhatsApp-Image-2023-11-24-at-17.55.23-3-1536x1024.jpeg 1536w, https:\/\/somosdelprieto.com\/wp-content\/uploads\/2023\/11\/WhatsApp-Image-2023-11-24-at-17.55.23-3.jpeg 2048w\" sizes=\"auto, (max-width: 767px) 89vw, (max-width: 1000px) 54vw, (max-width: 1071px) 543px, 580px\" \/><\/figure><\/li><li class=\"blocks-gallery-item\"><figure><img loading=\"lazy\" decoding=\"async\" width=\"1024\" height=\"768\" src=\"https:\/\/somosdelprieto.com\/wp-content\/uploads\/2023\/11\/WhatsApp-Image-2023-11-24-at-20.13.00-1-1024x768.jpeg\" alt=\"\" data-id=\"16414\" data-full-url=\"https:\/\/somosdelprieto.com\/wp-content\/uploads\/2023\/11\/WhatsApp-Image-2023-11-24-at-20.13.00-1.jpeg\" data-link=\"https:\/\/somosdelprieto.com\/?attachment_id=16414\" class=\"wp-image-16414\" srcset=\"https:\/\/somosdelprieto.com\/wp-content\/uploads\/2023\/11\/WhatsApp-Image-2023-11-24-at-20.13.00-1-1024x768.jpeg 1024w, https:\/\/somosdelprieto.com\/wp-content\/uploads\/2023\/11\/WhatsApp-Image-2023-11-24-at-20.13.00-1-300x225.jpeg 300w, https:\/\/somosdelprieto.com\/wp-content\/uploads\/2023\/11\/WhatsApp-Image-2023-11-24-at-20.13.00-1-768x576.jpeg 768w, https:\/\/somosdelprieto.com\/wp-content\/uploads\/2023\/11\/WhatsApp-Image-2023-11-24-at-20.13.00-1-1536x1152.jpeg 1536w, https:\/\/somosdelprieto.com\/wp-content\/uploads\/2023\/11\/WhatsApp-Image-2023-11-24-at-20.13.00-1.jpeg 1600w\" sizes=\"auto, (max-width: 767px) 89vw, (max-width: 1000px) 54vw, (max-width: 1071px) 543px, 580px\" \/><\/figure><\/li><li class=\"blocks-gallery-item\"><figure><img loading=\"lazy\" decoding=\"async\" width=\"1024\" height=\"768\" src=\"https:\/\/somosdelprieto.com\/wp-content\/uploads\/2023\/11\/WhatsApp-Image-2023-11-24-at-13.37.16-1024x768.jpeg\" alt=\"\" data-id=\"16413\" data-full-url=\"https:\/\/somosdelprieto.com\/wp-content\/uploads\/2023\/11\/WhatsApp-Image-2023-11-24-at-13.37.16.jpeg\" data-link=\"https:\/\/somosdelprieto.com\/?attachment_id=16413\" class=\"wp-image-16413\" srcset=\"https:\/\/somosdelprieto.com\/wp-content\/uploads\/2023\/11\/WhatsApp-Image-2023-11-24-at-13.37.16-1024x768.jpeg 1024w, https:\/\/somosdelprieto.com\/wp-content\/uploads\/2023\/11\/WhatsApp-Image-2023-11-24-at-13.37.16-300x225.jpeg 300w, https:\/\/somosdelprieto.com\/wp-content\/uploads\/2023\/11\/WhatsApp-Image-2023-11-24-at-13.37.16-768x576.jpeg 768w, https:\/\/somosdelprieto.com\/wp-content\/uploads\/2023\/11\/WhatsApp-Image-2023-11-24-at-13.37.16-1536x1152.jpeg 1536w, https:\/\/somosdelprieto.com\/wp-content\/uploads\/2023\/11\/WhatsApp-Image-2023-11-24-at-13.37.16.jpeg 2048w\" sizes=\"auto, (max-width: 767px) 89vw, (max-width: 1000px) 54vw, (max-width: 1071px) 543px, 580px\" \/><\/figure><\/li><li class=\"blocks-gallery-item\"><figure><img loading=\"lazy\" decoding=\"async\" width=\"1024\" height=\"683\" src=\"https:\/\/somosdelprieto.com\/wp-content\/uploads\/2023\/11\/WhatsApp-Image-2023-11-24-at-17.55.23-1024x683.jpeg\" alt=\"\" data-id=\"16411\" data-full-url=\"https:\/\/somosdelprieto.com\/wp-content\/uploads\/2023\/11\/WhatsApp-Image-2023-11-24-at-17.55.23.jpeg\" data-link=\"https:\/\/somosdelprieto.com\/?attachment_id=16411\" class=\"wp-image-16411\" srcset=\"https:\/\/somosdelprieto.com\/wp-content\/uploads\/2023\/11\/WhatsApp-Image-2023-11-24-at-17.55.23-1024x683.jpeg 1024w, https:\/\/somosdelprieto.com\/wp-content\/uploads\/2023\/11\/WhatsApp-Image-2023-11-24-at-17.55.23-300x200.jpeg 300w, https:\/\/somosdelprieto.com\/wp-content\/uploads\/2023\/11\/WhatsApp-Image-2023-11-24-at-17.55.23-768x512.jpeg 768w, https:\/\/somosdelprieto.com\/wp-content\/uploads\/2023\/11\/WhatsApp-Image-2023-11-24-at-17.55.23-1536x1024.jpeg 1536w, https:\/\/somosdelprieto.com\/wp-content\/uploads\/2023\/11\/WhatsApp-Image-2023-11-24-at-17.55.23.jpeg 2048w\" sizes=\"auto, (max-width: 767px) 89vw, (max-width: 1000px) 54vw, (max-width: 1071px) 543px, 580px\" \/><\/figure><\/li><\/ul><\/figure>\n\n\n\n<iframe loading=\"lazy\" width=\"560\" height=\"315\" src=\"https:\/\/www.youtube.com\/embed\/sHPPbbXNjg0?si=Xscou1H2kIFsMW98\" title=\"YouTube video player\" frameborder=\"0\" allow=\"accelerometer; autoplay; clipboard-write; encrypted-media; gyroscope; picture-in-picture; web-share\" allowfullscreen=\"\"><\/iframe>\n\n\n\n<figure class=\"wp-block-gallery columns-0 is-cropped wp-block-gallery-2 is-layout-flex wp-block-gallery-is-layout-flex\"><ul class=\"blocks-gallery-grid\"><\/ul><\/figure>\n","protected":false},"excerpt":{"rendered":"<p>El pasado d\u00eda 24 de noviembre, el IES Gregorio Prieto recibi\u00f3 en Los Y\u00e9benes (Toledo) un reconocimiento por sus iniciativas y planes en materia de igualdad y en contra de la violencia de g\u00e9nero. Una representaci\u00f3n del centro (3 docentes y 23 alumnos\/as) acudi\u00f3 al acto institucional, al que asistieron autoridades como el Presidente del &hellip; <\/p>\n<p class=\"link-more\"><a href=\"https:\/\/somosdelprieto.com\/index.php\/2023\/11\/25\/reconocimiento-al-ies-gregorio-prieto-en-el-dia-internacional-contra-la-violencia-de-genero\/\" class=\"more-link\">Continuar leyendo<span class=\"screen-reader-text\"> \u00abRECONOCIMIENTO AL IES GREGORIO PRIETO EN EL D\u00cdA INTERNACIONAL CONTRA LA VIOLENCIA DE G\u00c9NERO\u00bb<\/span><\/a><\/p>\n","protected":false},"author":4,"featured_media":16414,"comment_status":"closed","ping_status":"closed","sticky":false,"template":"","format":"standard","meta":{"footnotes":""},"categories":[99,1],"tags":[107],"class_list":["post-16410","post","type-post","status-publish","format-standard","has-post-thumbnail","hentry","category-igualdad","category-noticias","tag-igualdad"],"_links":{"self":[{"href":"https:\/\/somosdelprieto.com\/index.php\/wp-json\/wp\/v2\/posts\/16410","targetHints":{"allow":["GET"]}}],"collection":[{"href":"https:\/\/somosdelprieto.com\/index.php\/wp-json\/wp\/v2\/posts"}],"about":[{"href":"https:\/\/somosdelprieto.com\/index.php\/wp-json\/wp\/v2\/types\/post"}],"author":[{"embeddable":true,"href":"https:\/\/somosdelprieto.com\/index.php\/wp-json\/wp\/v2\/users\/4"}],"replies":[{"embeddable":true,"href":"https:\/\/somosdelprieto.com\/index.php\/wp-json\/wp\/v2\/comments?post=16410"}],"version-history":[{"count":5,"href":"https:\/\/somosdelprieto.com\/index.php\/wp-json\/wp\/v2\/posts\/16410\/revisions"}],"predecessor-version":[{"id":16423,"href":"https:\/\/somosdelprieto.com\/index.php\/wp-json\/wp\/v2\/posts\/16410\/revisions\/16423"}],"wp:featuredmedia":[{"embeddable":true,"href":"https:\/\/somosdelprieto.com\/index.php\/wp-json\/wp\/v2\/media\/16414"}],"wp:attachment":[{"href":"https:\/\/somosdelprieto.com\/index.php\/wp-json\/wp\/v2\/media?parent=16410"}],"wp:term":[{"taxonomy":"category","embeddable":true,"href":"https:\/\/somosdelprieto.com\/index.php\/wp-json\/wp\/v2\/categories?post=16410"},{"taxonomy":"post_tag","embeddable":true,"href":"https:\/\/somosdelprieto.com\/index.php\/wp-json\/wp\/v2\/tags?post=16410"}],"curies":[{"name":"wp","href":"https:\/\/api.w.org\/{rel}","templated":true}]}}