{"id":16360,"date":"2023-11-28T17:56:13","date_gmt":"2023-11-28T16:56:13","guid":{"rendered":"https:\/\/somosdelprieto.com\/?p=16360"},"modified":"2023-11-28T17:56:33","modified_gmt":"2023-11-28T16:56:33","slug":"viento-en-popa","status":"publish","type":"post","link":"https:\/\/somosdelprieto.com\/index.php\/2023\/11\/28\/viento-en-popa\/","title":{"rendered":"\u00a1Viento en popa!"},"content":{"rendered":"\n<p>Todo va viento en popa en los talleres organizados en los recreos y no hay m\u00e1s que juzgar citando algunos ejemplos,  que\u00a0comenzamos con un taller de pintura de miniatura para 3 d\u00edas y ya hemos ampliado a dos d\u00edas m\u00e1s de pintura, empezamos con una banda  y ya tenemos\u00a04 grupos de m\u00fasica, adem\u00e1s,  se est\u00e1n comenzando a materializar los frutos de preciosas maquetas del taller de impresi\u00f3n 3D, fabulosos dise\u00f1os de Tinkercad y tenemos a mucho alumnado practicando deporte en los recreos.<\/p>\n\n\n\n<figure class=\"wp-block-image size-large\"><img loading=\"lazy\" decoding=\"async\" width=\"1024\" height=\"819\" src=\"https:\/\/somosdelprieto.com\/wp-content\/uploads\/2023\/11\/Collage-de-Fotos-Verano-2023-A-mano-Pastel-1024x819.png\" alt=\"\" class=\"wp-image-16441\" srcset=\"https:\/\/somosdelprieto.com\/wp-content\/uploads\/2023\/11\/Collage-de-Fotos-Verano-2023-A-mano-Pastel-1024x819.png 1024w, https:\/\/somosdelprieto.com\/wp-content\/uploads\/2023\/11\/Collage-de-Fotos-Verano-2023-A-mano-Pastel-300x240.png 300w, https:\/\/somosdelprieto.com\/wp-content\/uploads\/2023\/11\/Collage-de-Fotos-Verano-2023-A-mano-Pastel-768x614.png 768w, https:\/\/somosdelprieto.com\/wp-content\/uploads\/2023\/11\/Collage-de-Fotos-Verano-2023-A-mano-Pastel-1536x1229.png 1536w, https:\/\/somosdelprieto.com\/wp-content\/uploads\/2023\/11\/Collage-de-Fotos-Verano-2023-A-mano-Pastel.png 2000w\" sizes=\"auto, (max-width: 767px) 89vw, (max-width: 1000px) 54vw, (max-width: 1071px) 543px, 580px\" \/><\/figure>\n\n\n\n<p>\u00bfY t\u00fa?,  \u00bfTe gustar\u00eda participar en alguno? \u00bfTodav\u00eda no te has animado?  Sabes, no hay nada m\u00e1s divertido que pasar un buen rato con gente con la que compartes inquietudes y aficiones.<\/p>\n\n\n\n<p>\u00bfTal vez no est\u00e1 el taller que cuadra contigo? No te preocupes, piensa en un taller, una tem\u00e1tica, prop\u00f3nselo a tu tutor\/a y r\u00e1pidamente nos lo comunicar\u00e1n al equipo de profesores al cargo de los recreos e intentaremos ver c\u00f3mo comenzarlo.&nbsp;<\/p>\n\n\n\n<p>\u00a1Vamos, an\u00edmate ven a disfrutar!&nbsp;<\/p>\n\n\n\n<p>Desde aqu\u00ed enhorabuena a todo el alumnado que est\u00e1 participando y a todo el profesorado que lo est\u00e1 llevando a cabo.&nbsp;<\/p>\n","protected":false},"excerpt":{"rendered":"<p>Todo va viento en popa en los talleres organizados en los recreos y no hay m\u00e1s que juzgar citando algunos ejemplos, que\u00a0comenzamos con un taller de pintura de miniatura para 3 d\u00edas y ya hemos ampliado a dos d\u00edas m\u00e1s de pintura, empezamos con una banda y ya tenemos\u00a04 grupos de m\u00fasica, adem\u00e1s, se est\u00e1n &hellip; <\/p>\n<p class=\"link-more\"><a href=\"https:\/\/somosdelprieto.com\/index.php\/2023\/11\/28\/viento-en-popa\/\" class=\"more-link\">Continuar leyendo<span class=\"screen-reader-text\"> \u00ab\u00a1Viento en popa!\u00bb<\/span><\/a><\/p>\n","protected":false},"author":46,"featured_media":16443,"comment_status":"closed","ping_status":"closed","sticky":false,"template":"","format":"standard","meta":{"footnotes":""},"categories":[1],"tags":[],"class_list":["post-16360","post","type-post","status-publish","format-standard","has-post-thumbnail","hentry","category-noticias"],"_links":{"self":[{"href":"https:\/\/somosdelprieto.com\/index.php\/wp-json\/wp\/v2\/posts\/16360","targetHints":{"allow":["GET"]}}],"collection":[{"href":"https:\/\/somosdelprieto.com\/index.php\/wp-json\/wp\/v2\/posts"}],"about":[{"href":"https:\/\/somosdelprieto.com\/index.php\/wp-json\/wp\/v2\/types\/post"}],"author":[{"embeddable":true,"href":"https:\/\/somosdelprieto.com\/index.php\/wp-json\/wp\/v2\/users\/46"}],"replies":[{"embeddable":true,"href":"https:\/\/somosdelprieto.com\/index.php\/wp-json\/wp\/v2\/comments?post=16360"}],"version-history":[{"count":11,"href":"https:\/\/somosdelprieto.com\/index.php\/wp-json\/wp\/v2\/posts\/16360\/revisions"}],"predecessor-version":[{"id":16449,"href":"https:\/\/somosdelprieto.com\/index.php\/wp-json\/wp\/v2\/posts\/16360\/revisions\/16449"}],"wp:featuredmedia":[{"embeddable":true,"href":"https:\/\/somosdelprieto.com\/index.php\/wp-json\/wp\/v2\/media\/16443"}],"wp:attachment":[{"href":"https:\/\/somosdelprieto.com\/index.php\/wp-json\/wp\/v2\/media?parent=16360"}],"wp:term":[{"taxonomy":"category","embeddable":true,"href":"https:\/\/somosdelprieto.com\/index.php\/wp-json\/wp\/v2\/categories?post=16360"},{"taxonomy":"post_tag","embeddable":true,"href":"https:\/\/somosdelprieto.com\/index.php\/wp-json\/wp\/v2\/tags?post=16360"}],"curies":[{"name":"wp","href":"https:\/\/api.w.org\/{rel}","templated":true}]}}