{"id":16351,"date":"2023-11-14T20:38:41","date_gmt":"2023-11-14T19:38:41","guid":{"rendered":"https:\/\/somosdelprieto.com\/?p=16351"},"modified":"2023-11-14T20:42:09","modified_gmt":"2023-11-14T19:42:09","slug":"escaparate-de-otono-del-alumnado-de-jardineria","status":"publish","type":"post","link":"https:\/\/somosdelprieto.com\/index.php\/2023\/11\/14\/escaparate-de-otono-del-alumnado-de-jardineria\/","title":{"rendered":"Escaparate de oto\u00f1o del alumnado de jardiner\u00eda"},"content":{"rendered":"\n<p>El alumnado del programa espec\u00edfico de jardiner\u00eda ha elaborado un magn\u00edfico escaparate de oto\u00f1o, que se encuentra expuesto desde el lunes 13 de noviembre en el hall de la primera planta de nuestro instituto, os animamos a visitarlo.<\/p>\n\n\n\n<figure class=\"wp-block-image size-large\"><img loading=\"lazy\" decoding=\"async\" width=\"1024\" height=\"768\" src=\"https:\/\/somosdelprieto.com\/wp-content\/uploads\/2023\/11\/Primero-en-escaparate-1024x768.jpg\" alt=\"\" class=\"wp-image-16352\" srcset=\"https:\/\/somosdelprieto.com\/wp-content\/uploads\/2023\/11\/Primero-en-escaparate-1024x768.jpg 1024w, https:\/\/somosdelprieto.com\/wp-content\/uploads\/2023\/11\/Primero-en-escaparate-300x225.jpg 300w, https:\/\/somosdelprieto.com\/wp-content\/uploads\/2023\/11\/Primero-en-escaparate-768x576.jpg 768w, https:\/\/somosdelprieto.com\/wp-content\/uploads\/2023\/11\/Primero-en-escaparate-1536x1152.jpg 1536w, https:\/\/somosdelprieto.com\/wp-content\/uploads\/2023\/11\/Primero-en-escaparate-2048x1536.jpg 2048w\" sizes=\"auto, (max-width: 767px) 89vw, (max-width: 1000px) 54vw, (max-width: 1071px) 543px, 580px\" \/><\/figure>\n","protected":false},"excerpt":{"rendered":"<p>El alumnado del programa espec\u00edfico de jardiner\u00eda ha elaborado un magn\u00edfico escaparate de oto\u00f1o, que se encuentra expuesto desde el lunes 13 de noviembre en el hall de la primera planta de nuestro instituto, os animamos a visitarlo.<\/p>\n","protected":false},"author":17,"featured_media":16353,"comment_status":"open","ping_status":"closed","sticky":false,"template":"","format":"standard","meta":{"footnotes":""},"categories":[22,1],"tags":[156,301,329],"class_list":["post-16351","post","type-post","status-publish","format-standard","has-post-thumbnail","hentry","category-agraria","category-noticias","tag-agraria","tag-jardineria","tag-programa-especifico-jardineria"],"_links":{"self":[{"href":"https:\/\/somosdelprieto.com\/index.php\/wp-json\/wp\/v2\/posts\/16351","targetHints":{"allow":["GET"]}}],"collection":[{"href":"https:\/\/somosdelprieto.com\/index.php\/wp-json\/wp\/v2\/posts"}],"about":[{"href":"https:\/\/somosdelprieto.com\/index.php\/wp-json\/wp\/v2\/types\/post"}],"author":[{"embeddable":true,"href":"https:\/\/somosdelprieto.com\/index.php\/wp-json\/wp\/v2\/users\/17"}],"replies":[{"embeddable":true,"href":"https:\/\/somosdelprieto.com\/index.php\/wp-json\/wp\/v2\/comments?post=16351"}],"version-history":[{"count":3,"href":"https:\/\/somosdelprieto.com\/index.php\/wp-json\/wp\/v2\/posts\/16351\/revisions"}],"predecessor-version":[{"id":16357,"href":"https:\/\/somosdelprieto.com\/index.php\/wp-json\/wp\/v2\/posts\/16351\/revisions\/16357"}],"wp:featuredmedia":[{"embeddable":true,"href":"https:\/\/somosdelprieto.com\/index.php\/wp-json\/wp\/v2\/media\/16353"}],"wp:attachment":[{"href":"https:\/\/somosdelprieto.com\/index.php\/wp-json\/wp\/v2\/media?parent=16351"}],"wp:term":[{"taxonomy":"category","embeddable":true,"href":"https:\/\/somosdelprieto.com\/index.php\/wp-json\/wp\/v2\/categories?post=16351"},{"taxonomy":"post_tag","embeddable":true,"href":"https:\/\/somosdelprieto.com\/index.php\/wp-json\/wp\/v2\/tags?post=16351"}],"curies":[{"name":"wp","href":"https:\/\/api.w.org\/{rel}","templated":true}]}}