{"id":16155,"date":"2024-09-26T09:21:19","date_gmt":"2024-09-26T07:21:19","guid":{"rendered":"https:\/\/somosdelprieto.com\/?p=16155"},"modified":"2024-09-26T09:21:20","modified_gmt":"2024-09-26T07:21:20","slug":"abierto-el-plazo-de-solicitud-de-admision-en-la-oferta-modular-de-formacion-profesional","status":"publish","type":"post","link":"https:\/\/somosdelprieto.com\/index.php\/2024\/09\/26\/abierto-el-plazo-de-solicitud-de-admision-en-la-oferta-modular-de-formacion-profesional\/","title":{"rendered":"ABIERTO EL PLAZO DE SOLICITUD DE ADMISI\u00d3N EN LA OFERTA MODULAR DE FORMACI\u00d3N PROFESIONAL"},"content":{"rendered":"\n<p style=\"font-size:22px\"><strong>Desde el 25 de septiembre y hasta el 4 de octubre<\/strong> estar\u00e1 abierto el plazo para la <strong>presentaci\u00f3n de solicitudes para la OFERTA MODULAR<\/strong> de Formaci\u00f3n Profesional.<\/p>\n\n\n\n<p>Las solicitudes se podr\u00e1n presentar:<\/p>\n\n\n\n<p>a)&nbsp;<strong>Preferentemente, mediante el env\u00edo telem\u00e1tico de datos, con firma electr\u00f3nica, a trav\u00e9s del formulario disponible en la Sede Electr\u00f3nica de la Administraci\u00f3n de la Junta<\/strong>&nbsp;de Comunidades de Castilla-La Mancha (<a rel=\"noreferrer noopener\" href=\"https:\/\/www.jccm.es\/\" target=\"_blank\">https:\/\/www.jccm.es<\/a>). <\/p>\n\n\n\n<p><strong>NO confundir esta forma de presentaci\u00f3n con la plataforma EducamosCLM.<\/strong><\/p>\n\n\n\n<p>b)&nbsp;<strong>De forma presencial<\/strong>, en la <strong>Secretar\u00eda del centro o cualquier oficina de Registro<\/strong> de las Delegaciones Provinciales de Educaci\u00f3n, Cultura y Deportes, as\u00ed como por cualquiera de los medios establecidos en el art\u00edculo 16.4 de la Ley 39\/2015, de 1 octubre, del Procedimiento Administrativo Com\u00fan de las Administraciones P\u00fablicas.<\/p>\n\n\n\n<p>Para m\u00e1s informaci\u00f3n:<\/p>\n\n\n\n<figure class=\"wp-block-embed is-type-wp-embed is-provider-ies-gregorio-prieto wp-block-embed-ies-gregorio-prieto\"><div class=\"wp-block-embed__wrapper\">\n<blockquote class=\"wp-embedded-content\" data-secret=\"hxfuOfsOuI\"><a href=\"https:\/\/somosdelprieto.com\/index.php\/secretaria\/oferta-modular\/\">Oferta Modular<\/a><\/blockquote><iframe loading=\"lazy\" class=\"wp-embedded-content\" sandbox=\"allow-scripts\" security=\"restricted\" style=\"position: absolute; visibility: hidden;\" title=\"\u00abOferta Modular\u00bb \u2014 IES Gregorio Prieto\" src=\"https:\/\/somosdelprieto.com\/index.php\/secretaria\/oferta-modular\/embed\/#?secret=vydWFQaymZ#?secret=hxfuOfsOuI\" data-secret=\"hxfuOfsOuI\" width=\"525\" height=\"296\" frameborder=\"0\" marginwidth=\"0\" marginheight=\"0\" scrolling=\"no\"><\/iframe>\n<\/div><\/figure>\n","protected":false},"excerpt":{"rendered":"<p>Desde el 25 de septiembre y hasta el 4 de octubre estar\u00e1 abierto el plazo para la presentaci\u00f3n de solicitudes para la OFERTA MODULAR de Formaci\u00f3n Profesional. Las solicitudes se podr\u00e1n presentar: a)&nbsp;Preferentemente, mediante el env\u00edo telem\u00e1tico de datos, con firma electr\u00f3nica, a trav\u00e9s del formulario disponible en la Sede Electr\u00f3nica de la Administraci\u00f3n de &hellip; <\/p>\n<p class=\"link-more\"><a href=\"https:\/\/somosdelprieto.com\/index.php\/2024\/09\/26\/abierto-el-plazo-de-solicitud-de-admision-en-la-oferta-modular-de-formacion-profesional\/\" class=\"more-link\">Continuar leyendo<span class=\"screen-reader-text\"> \u00abABIERTO EL PLAZO DE SOLICITUD DE ADMISI\u00d3N EN LA OFERTA MODULAR DE FORMACI\u00d3N PROFESIONAL\u00bb<\/span><\/a><\/p>\n","protected":false},"author":53,"featured_media":19150,"comment_status":"closed","ping_status":"closed","sticky":false,"template":"","format":"standard","meta":{"footnotes":""},"categories":[1,47],"tags":[115],"class_list":["post-16155","post","type-post","status-publish","format-standard","has-post-thumbnail","hentry","category-noticias","category-secretaria","tag-noticias"],"_links":{"self":[{"href":"https:\/\/somosdelprieto.com\/index.php\/wp-json\/wp\/v2\/posts\/16155","targetHints":{"allow":["GET"]}}],"collection":[{"href":"https:\/\/somosdelprieto.com\/index.php\/wp-json\/wp\/v2\/posts"}],"about":[{"href":"https:\/\/somosdelprieto.com\/index.php\/wp-json\/wp\/v2\/types\/post"}],"author":[{"embeddable":true,"href":"https:\/\/somosdelprieto.com\/index.php\/wp-json\/wp\/v2\/users\/53"}],"replies":[{"embeddable":true,"href":"https:\/\/somosdelprieto.com\/index.php\/wp-json\/wp\/v2\/comments?post=16155"}],"version-history":[{"count":2,"href":"https:\/\/somosdelprieto.com\/index.php\/wp-json\/wp\/v2\/posts\/16155\/revisions"}],"predecessor-version":[{"id":19411,"href":"https:\/\/somosdelprieto.com\/index.php\/wp-json\/wp\/v2\/posts\/16155\/revisions\/19411"}],"wp:featuredmedia":[{"embeddable":true,"href":"https:\/\/somosdelprieto.com\/index.php\/wp-json\/wp\/v2\/media\/19150"}],"wp:attachment":[{"href":"https:\/\/somosdelprieto.com\/index.php\/wp-json\/wp\/v2\/media?parent=16155"}],"wp:term":[{"taxonomy":"category","embeddable":true,"href":"https:\/\/somosdelprieto.com\/index.php\/wp-json\/wp\/v2\/categories?post=16155"},{"taxonomy":"post_tag","embeddable":true,"href":"https:\/\/somosdelprieto.com\/index.php\/wp-json\/wp\/v2\/tags?post=16155"}],"curies":[{"name":"wp","href":"https:\/\/api.w.org\/{rel}","templated":true}]}}