{"id":16120,"date":"2023-09-22T14:18:35","date_gmt":"2023-09-22T12:18:35","guid":{"rendered":"https:\/\/somosdelprieto.com\/?p=16120"},"modified":"2023-09-22T14:18:35","modified_gmt":"2023-09-22T12:18:35","slug":"publicada-la-adjudicacion-extraordinaria-a-ciclos-formativos-de-formacion-profesional-de-grado-medio-y-grado-superior-en-la-modalidad-presencial-curso-2023-2024","status":"publish","type":"post","link":"https:\/\/somosdelprieto.com\/index.php\/2023\/09\/22\/publicada-la-adjudicacion-extraordinaria-a-ciclos-formativos-de-formacion-profesional-de-grado-medio-y-grado-superior-en-la-modalidad-presencial-curso-2023-2024\/","title":{"rendered":"Publicada la adjudicaci\u00f3n extraordinaria a Ciclos Formativos de Formaci\u00f3n Profesional de Grado Medio y Grado Superior en la modalidad presencial. Curso 2023\/2024"},"content":{"rendered":"\n<p>Publicada la adjudicaci\u00f3n extraordinaria a Ciclos Formativos de Formaci\u00f3n Profesional de Grado Medio y Grado Superior.<\/p>\n\n\n\n<p>El plazo de \u00a0matriculaci\u00f3n para las personas adjudicadas es del<strong>\u00a022 al 25 de septiembre<\/strong>\u00a0y se podr\u00e1 realizar a trav\u00e9s de la secretar\u00eda virtual de\u00a0<a rel=\"noreferrer noopener\" href=\"https:\/\/educamosclm.castillalamancha.es\/\" target=\"_blank\">EducamosCLM<\/a>, mediante el tr\u00e1mite Solicitud de matr\u00edcula CC.FF que se encontrar\u00e1 en el apartado de Tramitaci\u00f3n por Internet.<\/p>\n\n\n\n<figure class=\"wp-block-embed\"><div class=\"wp-block-embed__wrapper\">\nhttps:\/\/www.educa.jccm.es\/es\/noticias\/publicada-adjudicacion-extraordinaria-ciclos-formativos-for\n<\/div><\/figure>\n","protected":false},"excerpt":{"rendered":"<p>Publicada la adjudicaci\u00f3n extraordinaria a Ciclos Formativos de Formaci\u00f3n Profesional de Grado Medio y Grado Superior. El plazo de \u00a0matriculaci\u00f3n para las personas adjudicadas es del\u00a022 al 25 de septiembre\u00a0y se podr\u00e1 realizar a trav\u00e9s de la secretar\u00eda virtual de\u00a0EducamosCLM, mediante el tr\u00e1mite Solicitud de matr\u00edcula CC.FF que se encontrar\u00e1 en el apartado de Tramitaci\u00f3n &hellip; <\/p>\n<p class=\"link-more\"><a href=\"https:\/\/somosdelprieto.com\/index.php\/2023\/09\/22\/publicada-la-adjudicacion-extraordinaria-a-ciclos-formativos-de-formacion-profesional-de-grado-medio-y-grado-superior-en-la-modalidad-presencial-curso-2023-2024\/\" class=\"more-link\">Continuar leyendo<span class=\"screen-reader-text\"> \u00abPublicada la adjudicaci\u00f3n extraordinaria a Ciclos Formativos de Formaci\u00f3n Profesional de Grado Medio y Grado Superior en la modalidad presencial. Curso 2023\/2024\u00bb<\/span><\/a><\/p>\n","protected":false},"author":1,"featured_media":7969,"comment_status":"closed","ping_status":"closed","sticky":false,"template":"","format":"standard","meta":{"footnotes":""},"categories":[1],"tags":[],"class_list":["post-16120","post","type-post","status-publish","format-standard","has-post-thumbnail","hentry","category-noticias"],"_links":{"self":[{"href":"https:\/\/somosdelprieto.com\/index.php\/wp-json\/wp\/v2\/posts\/16120","targetHints":{"allow":["GET"]}}],"collection":[{"href":"https:\/\/somosdelprieto.com\/index.php\/wp-json\/wp\/v2\/posts"}],"about":[{"href":"https:\/\/somosdelprieto.com\/index.php\/wp-json\/wp\/v2\/types\/post"}],"author":[{"embeddable":true,"href":"https:\/\/somosdelprieto.com\/index.php\/wp-json\/wp\/v2\/users\/1"}],"replies":[{"embeddable":true,"href":"https:\/\/somosdelprieto.com\/index.php\/wp-json\/wp\/v2\/comments?post=16120"}],"version-history":[{"count":1,"href":"https:\/\/somosdelprieto.com\/index.php\/wp-json\/wp\/v2\/posts\/16120\/revisions"}],"predecessor-version":[{"id":16121,"href":"https:\/\/somosdelprieto.com\/index.php\/wp-json\/wp\/v2\/posts\/16120\/revisions\/16121"}],"wp:featuredmedia":[{"embeddable":true,"href":"https:\/\/somosdelprieto.com\/index.php\/wp-json\/wp\/v2\/media\/7969"}],"wp:attachment":[{"href":"https:\/\/somosdelprieto.com\/index.php\/wp-json\/wp\/v2\/media?parent=16120"}],"wp:term":[{"taxonomy":"category","embeddable":true,"href":"https:\/\/somosdelprieto.com\/index.php\/wp-json\/wp\/v2\/categories?post=16120"},{"taxonomy":"post_tag","embeddable":true,"href":"https:\/\/somosdelprieto.com\/index.php\/wp-json\/wp\/v2\/tags?post=16120"}],"curies":[{"name":"wp","href":"https:\/\/api.w.org\/{rel}","templated":true}]}}