{"id":16061,"date":"2023-09-18T08:49:55","date_gmt":"2023-09-18T06:49:55","guid":{"rendered":"https:\/\/somosdelprieto.com\/?p=16061"},"modified":"2023-09-18T08:49:55","modified_gmt":"2023-09-18T06:49:55","slug":"matriculacion-del-alumnado-procedente-de-oferta-modular-o-e-learning-a-los-que-solo-les-quede-pendientes-los-modulos-de-fct-y-o-el-proyecto","status":"publish","type":"post","link":"https:\/\/somosdelprieto.com\/index.php\/2023\/09\/18\/matriculacion-del-alumnado-procedente-de-oferta-modular-o-e-learning-a-los-que-solo-les-quede-pendientes-los-modulos-de-fct-y-o-el-proyecto\/","title":{"rendered":"MATRICULACI\u00d3N DEL ALUMNADO PROCEDENTE DE OFERTA MODULAR O E-LEARNING A LOS QUE SOLO LES QUEDE PENDIENTES LOS M\u00d3DULOS DE FCT Y\/O EL PROYECTO"},"content":{"rendered":"\n<p style=\"font-size:19px\"><strong>Podr\u00e1n matricularse a partir del 13 de septiembre de 2023 en cualquier centro educativo sostenido con fondos p\u00fablicos donde est\u00e9n ofertados estos m\u00f3dulos profesionales<\/strong>:<\/p>\n\n\n\n<ul class=\"wp-block-list\"><li>Todos los alumnos y alumnas que\u00a0<strong>hubieran estado matriculados en oferta modular<\/strong>\u00a0<strong>y hayan superado todos los m\u00f3dulos profesionales del mismo, a excepci\u00f3n de los m\u00f3dulos profesionales de Formaci\u00f3n en Centros de Trabajo y Proyecto.<\/strong><\/li><li>Aquellos alumnos y alumnas<strong>\u00a0que para finalizar el ciclo formativo solamente tengan pendiente de cursar los m\u00f3dulos de Formaci\u00f3n en Centros de Trabajo y\/o Proyecto<\/strong>\u00a0as\u00ed como\u00a0<strong>otros m\u00f3dulos que sean objeto de convalidaci\u00f3n<\/strong>\u00a0con otros estudios realizados por parte de la direcci\u00f3n del centro.<\/li><\/ul>\n\n\n\n<p><\/p>\n","protected":false},"excerpt":{"rendered":"<p>Podr\u00e1n matricularse a partir del 13 de septiembre de 2023 en cualquier centro educativo sostenido con fondos p\u00fablicos donde est\u00e9n ofertados estos m\u00f3dulos profesionales: Todos los alumnos y alumnas que\u00a0hubieran estado matriculados en oferta modular\u00a0y hayan superado todos los m\u00f3dulos profesionales del mismo, a excepci\u00f3n de los m\u00f3dulos profesionales de Formaci\u00f3n en Centros de Trabajo &hellip; <\/p>\n<p class=\"link-more\"><a href=\"https:\/\/somosdelprieto.com\/index.php\/2023\/09\/18\/matriculacion-del-alumnado-procedente-de-oferta-modular-o-e-learning-a-los-que-solo-les-quede-pendientes-los-modulos-de-fct-y-o-el-proyecto\/\" class=\"more-link\">Continuar leyendo<span class=\"screen-reader-text\"> \u00abMATRICULACI\u00d3N DEL ALUMNADO PROCEDENTE DE OFERTA MODULAR O E-LEARNING A LOS QUE SOLO LES QUEDE PENDIENTES LOS M\u00d3DULOS DE FCT Y\/O EL PROYECTO\u00bb<\/span><\/a><\/p>\n","protected":false},"author":53,"featured_media":16062,"comment_status":"closed","ping_status":"closed","sticky":false,"template":"","format":"standard","meta":{"footnotes":""},"categories":[1,47],"tags":[],"class_list":["post-16061","post","type-post","status-publish","format-standard","has-post-thumbnail","hentry","category-noticias","category-secretaria"],"_links":{"self":[{"href":"https:\/\/somosdelprieto.com\/index.php\/wp-json\/wp\/v2\/posts\/16061","targetHints":{"allow":["GET"]}}],"collection":[{"href":"https:\/\/somosdelprieto.com\/index.php\/wp-json\/wp\/v2\/posts"}],"about":[{"href":"https:\/\/somosdelprieto.com\/index.php\/wp-json\/wp\/v2\/types\/post"}],"author":[{"embeddable":true,"href":"https:\/\/somosdelprieto.com\/index.php\/wp-json\/wp\/v2\/users\/53"}],"replies":[{"embeddable":true,"href":"https:\/\/somosdelprieto.com\/index.php\/wp-json\/wp\/v2\/comments?post=16061"}],"version-history":[{"count":1,"href":"https:\/\/somosdelprieto.com\/index.php\/wp-json\/wp\/v2\/posts\/16061\/revisions"}],"predecessor-version":[{"id":16063,"href":"https:\/\/somosdelprieto.com\/index.php\/wp-json\/wp\/v2\/posts\/16061\/revisions\/16063"}],"wp:featuredmedia":[{"embeddable":true,"href":"https:\/\/somosdelprieto.com\/index.php\/wp-json\/wp\/v2\/media\/16062"}],"wp:attachment":[{"href":"https:\/\/somosdelprieto.com\/index.php\/wp-json\/wp\/v2\/media?parent=16061"}],"wp:term":[{"taxonomy":"category","embeddable":true,"href":"https:\/\/somosdelprieto.com\/index.php\/wp-json\/wp\/v2\/categories?post=16061"},{"taxonomy":"post_tag","embeddable":true,"href":"https:\/\/somosdelprieto.com\/index.php\/wp-json\/wp\/v2\/tags?post=16061"}],"curies":[{"name":"wp","href":"https:\/\/api.w.org\/{rel}","templated":true}]}}