{"id":15966,"date":"2023-07-18T14:27:34","date_gmt":"2023-07-18T12:27:34","guid":{"rendered":"https:\/\/somosdelprieto.com\/?p=15966"},"modified":"2023-07-18T14:28:00","modified_gmt":"2023-07-18T12:28:00","slug":"publicada-la-adjudicacion-definitiva-de-admision-a-formacion-profesional-basica","status":"publish","type":"post","link":"https:\/\/somosdelprieto.com\/index.php\/2023\/07\/18\/publicada-la-adjudicacion-definitiva-de-admision-a-formacion-profesional-basica\/","title":{"rendered":"PUBLICADA LA ADJUDICACI\u00d3N DEFINITIVA DE ADMISI\u00d3N A FORMACI\u00d3N PROFESIONAL B\u00c1SICA"},"content":{"rendered":"\n<p>Esta adjudicaci\u00f3n se puede consultar a trav\u00e9s de&nbsp;<strong><em><a rel=\"noreferrer noopener\" href=\"https:\/\/educamosclm.castillalamancha.es\/\" target=\"_blank\">EducamosCLM<\/a><\/em><\/strong>&nbsp;en la Secretar\u00eda Virtual en la opci\u00f3n&nbsp;&nbsp;<em><strong>Mis tr\u00e1mites \u2013 Mis solicitudes \u2013 Mis solicitudes<\/strong><\/em>, eligiendo sobre la solicitud&nbsp;<strong>\u201c<em>Datos de la solicitud\u201d<\/em><\/strong>.<\/p>\n\n\n\n<p>Recordamos que <strong>para los que han sido admitidos el plazo de matriculaci\u00f3n es del 19 de julio hasta el 24 de agosto de 2023<\/strong>, a trav\u00e9s de la secretar\u00eda virtual de la plataforma \u00a0<strong><em><a rel=\"noreferrer noopener\" href=\"https:\/\/educamosclm.castillalamancha.es\/\" target=\"_blank\">EducamosCLM<\/a><\/em><\/strong>\u00a0.<\/p>\n","protected":false},"excerpt":{"rendered":"<p>Esta adjudicaci\u00f3n se puede consultar a trav\u00e9s de&nbsp;EducamosCLM&nbsp;en la Secretar\u00eda Virtual en la opci\u00f3n&nbsp;&nbsp;Mis tr\u00e1mites \u2013 Mis solicitudes \u2013 Mis solicitudes, eligiendo sobre la solicitud&nbsp;\u201cDatos de la solicitud\u201d. Recordamos que para los que han sido admitidos el plazo de matriculaci\u00f3n es del 19 de julio hasta el 24 de agosto de 2023, a trav\u00e9s de &hellip; <\/p>\n<p class=\"link-more\"><a href=\"https:\/\/somosdelprieto.com\/index.php\/2023\/07\/18\/publicada-la-adjudicacion-definitiva-de-admision-a-formacion-profesional-basica\/\" class=\"more-link\">Continuar leyendo<span class=\"screen-reader-text\"> \u00abPUBLICADA LA ADJUDICACI\u00d3N DEFINITIVA DE ADMISI\u00d3N A FORMACI\u00d3N PROFESIONAL B\u00c1SICA\u00bb<\/span><\/a><\/p>\n","protected":false},"author":53,"featured_media":15967,"comment_status":"closed","ping_status":"closed","sticky":false,"template":"","format":"standard","meta":{"footnotes":""},"categories":[1,47],"tags":[],"class_list":["post-15966","post","type-post","status-publish","format-standard","has-post-thumbnail","hentry","category-noticias","category-secretaria"],"_links":{"self":[{"href":"https:\/\/somosdelprieto.com\/index.php\/wp-json\/wp\/v2\/posts\/15966","targetHints":{"allow":["GET"]}}],"collection":[{"href":"https:\/\/somosdelprieto.com\/index.php\/wp-json\/wp\/v2\/posts"}],"about":[{"href":"https:\/\/somosdelprieto.com\/index.php\/wp-json\/wp\/v2\/types\/post"}],"author":[{"embeddable":true,"href":"https:\/\/somosdelprieto.com\/index.php\/wp-json\/wp\/v2\/users\/53"}],"replies":[{"embeddable":true,"href":"https:\/\/somosdelprieto.com\/index.php\/wp-json\/wp\/v2\/comments?post=15966"}],"version-history":[{"count":2,"href":"https:\/\/somosdelprieto.com\/index.php\/wp-json\/wp\/v2\/posts\/15966\/revisions"}],"predecessor-version":[{"id":15969,"href":"https:\/\/somosdelprieto.com\/index.php\/wp-json\/wp\/v2\/posts\/15966\/revisions\/15969"}],"wp:featuredmedia":[{"embeddable":true,"href":"https:\/\/somosdelprieto.com\/index.php\/wp-json\/wp\/v2\/media\/15967"}],"wp:attachment":[{"href":"https:\/\/somosdelprieto.com\/index.php\/wp-json\/wp\/v2\/media?parent=15966"}],"wp:term":[{"taxonomy":"category","embeddable":true,"href":"https:\/\/somosdelprieto.com\/index.php\/wp-json\/wp\/v2\/categories?post=15966"},{"taxonomy":"post_tag","embeddable":true,"href":"https:\/\/somosdelprieto.com\/index.php\/wp-json\/wp\/v2\/tags?post=15966"}],"curies":[{"name":"wp","href":"https:\/\/api.w.org\/{rel}","templated":true}]}}