{"id":15751,"date":"2023-06-28T10:22:02","date_gmt":"2023-06-28T08:22:02","guid":{"rendered":"https:\/\/somosdelprieto.com\/?p=15751"},"modified":"2023-06-28T10:22:02","modified_gmt":"2023-06-28T08:22:02","slug":"revista-digital-un-proyecto-de-1o-de-eso","status":"publish","type":"post","link":"https:\/\/somosdelprieto.com\/index.php\/2023\/06\/28\/revista-digital-un-proyecto-de-1o-de-eso\/","title":{"rendered":"Revista digital: un proyecto de 1\u00ba de ESO"},"content":{"rendered":"\n<p>A lo largo de todo el curso el alumnado de 1\u00ba de ESO ha ido elaborando un contenido sobre su visi\u00f3n de los temas de actualidad relacionados con el entorno educativo. Obtuvieron informaci\u00f3n sobre los proyectos del IES Gregorio Prieto, sobre salud, deportes, arte, bot\u00e1nica, adolescencia, h\u00e1bitos de estudio, etc. <\/p>\n\n\n\n<p>En este enlace podr\u00e9is encontrar una muestra de lo que ha sido su trabajo:<\/p>\n\n\n\n<p><a href=\"https:\/\/www.canva.com\/design\/DAFj6SfcQas\/cjCNDxnIcBKrnKeWSgU7Ag\/edit?utm_content=DAFj6SfcQas&amp;utm_campaign=designshare&amp;utm_medium=link2&amp;utm_source=sharebutton\">https:\/\/www.canva.com\/design\/DAFj6SfcQas\/cjCNDxnIcBKrnKeWSgU7Ag\/edit?utm_content=DAFj6SfcQas&amp;utm_campaign=designshare&amp;utm_medium=link2&amp;utm_source=sharebutton<\/a><\/p>\n\n\n\n<p><\/p>\n","protected":false},"excerpt":{"rendered":"<p>A lo largo de todo el curso el alumnado de 1\u00ba de ESO ha ido elaborando un contenido sobre su visi\u00f3n de los temas de actualidad relacionados con el entorno educativo. Obtuvieron informaci\u00f3n sobre los proyectos del IES Gregorio Prieto, sobre salud, deportes, arte, bot\u00e1nica, adolescencia, h\u00e1bitos de estudio, etc. En este enlace podr\u00e9is encontrar &hellip; <\/p>\n<p class=\"link-more\"><a href=\"https:\/\/somosdelprieto.com\/index.php\/2023\/06\/28\/revista-digital-un-proyecto-de-1o-de-eso\/\" class=\"more-link\">Continuar leyendo<span class=\"screen-reader-text\"> \u00abRevista digital: un proyecto de 1\u00ba de ESO\u00bb<\/span><\/a><\/p>\n","protected":false},"author":34,"featured_media":15752,"comment_status":"closed","ping_status":"closed","sticky":false,"template":"","format":"standard","meta":{"footnotes":""},"categories":[196,37],"tags":[201,239],"class_list":["post-15751","post","type-post","status-publish","format-standard","has-post-thumbnail","hentry","category-directo-al-prieto","category-lengua-y-literatura","tag-directo-al-prieto","tag-lengua-y-literatura"],"_links":{"self":[{"href":"https:\/\/somosdelprieto.com\/index.php\/wp-json\/wp\/v2\/posts\/15751","targetHints":{"allow":["GET"]}}],"collection":[{"href":"https:\/\/somosdelprieto.com\/index.php\/wp-json\/wp\/v2\/posts"}],"about":[{"href":"https:\/\/somosdelprieto.com\/index.php\/wp-json\/wp\/v2\/types\/post"}],"author":[{"embeddable":true,"href":"https:\/\/somosdelprieto.com\/index.php\/wp-json\/wp\/v2\/users\/34"}],"replies":[{"embeddable":true,"href":"https:\/\/somosdelprieto.com\/index.php\/wp-json\/wp\/v2\/comments?post=15751"}],"version-history":[{"count":2,"href":"https:\/\/somosdelprieto.com\/index.php\/wp-json\/wp\/v2\/posts\/15751\/revisions"}],"predecessor-version":[{"id":15754,"href":"https:\/\/somosdelprieto.com\/index.php\/wp-json\/wp\/v2\/posts\/15751\/revisions\/15754"}],"wp:featuredmedia":[{"embeddable":true,"href":"https:\/\/somosdelprieto.com\/index.php\/wp-json\/wp\/v2\/media\/15752"}],"wp:attachment":[{"href":"https:\/\/somosdelprieto.com\/index.php\/wp-json\/wp\/v2\/media?parent=15751"}],"wp:term":[{"taxonomy":"category","embeddable":true,"href":"https:\/\/somosdelprieto.com\/index.php\/wp-json\/wp\/v2\/categories?post=15751"},{"taxonomy":"post_tag","embeddable":true,"href":"https:\/\/somosdelprieto.com\/index.php\/wp-json\/wp\/v2\/tags?post=15751"}],"curies":[{"name":"wp","href":"https:\/\/api.w.org\/{rel}","templated":true}]}}