{"id":15745,"date":"2023-06-28T07:41:30","date_gmt":"2023-06-28T05:41:30","guid":{"rendered":"https:\/\/somosdelprieto.com\/?p=15745"},"modified":"2023-06-28T07:44:12","modified_gmt":"2023-06-28T05:44:12","slug":"alex-valdepenas-andujar-premio-extraordinario-de-fp-en-la-categoria-de-informatica-grado-superior","status":"publish","type":"post","link":"https:\/\/somosdelprieto.com\/index.php\/2023\/06\/28\/alex-valdepenas-andujar-premio-extraordinario-de-fp-en-la-categoria-de-informatica-grado-superior\/","title":{"rendered":"\u00c1lex Valdepe\u00f1as And\u00fajar, premio extraordinario de FP en la categor\u00eda de Inform\u00e1tica (grado superior)."},"content":{"rendered":"\n<p>Ayer se celebr\u00f3 en dependencias de la Consejer\u00eda de Educaci\u00f3n, Cultura y Deportes, el acto de entrega de los premios de excelencia de la FP correspondientes al curso 2021-2022. <\/p>\n\n\n\n<p>Uno de nuestros alumnos, \u00c1lex Valdepe\u00f1as And\u00fajar, del ciclo formativo de grado superior de Desarrollo de Aplicaciones Multiplataforma, obtuvo el premio extraordinario en la categor\u00eda de Inform\u00e1tica (ciclos formativos de grado superior).<\/p>\n\n\n\n<p>Enhorabuena \u00c1lex<\/p>\n\n\n\n<figure class=\"wp-block-image size-large\"><img loading=\"lazy\" decoding=\"async\" width=\"1024\" height=\"468\" src=\"https:\/\/somosdelprieto.com\/wp-content\/uploads\/2023\/06\/ALEX-VALDEPENAS-ANDUJAR-1024x468.jpg\" alt=\"\" class=\"wp-image-15747\" srcset=\"https:\/\/somosdelprieto.com\/wp-content\/uploads\/2023\/06\/ALEX-VALDEPENAS-ANDUJAR-1024x468.jpg 1024w, https:\/\/somosdelprieto.com\/wp-content\/uploads\/2023\/06\/ALEX-VALDEPENAS-ANDUJAR-300x137.jpg 300w, https:\/\/somosdelprieto.com\/wp-content\/uploads\/2023\/06\/ALEX-VALDEPENAS-ANDUJAR-768x351.jpg 768w, https:\/\/somosdelprieto.com\/wp-content\/uploads\/2023\/06\/ALEX-VALDEPENAS-ANDUJAR-1536x702.jpg 1536w, https:\/\/somosdelprieto.com\/wp-content\/uploads\/2023\/06\/ALEX-VALDEPENAS-ANDUJAR.jpg 1559w\" sizes=\"auto, (max-width: 767px) 89vw, (max-width: 1000px) 54vw, (max-width: 1071px) 543px, 580px\" \/><\/figure>\n","protected":false},"excerpt":{"rendered":"<p>Ayer se celebr\u00f3 en dependencias de la Consejer\u00eda de Educaci\u00f3n, Cultura y Deportes, el acto de entrega de los premios de excelencia de la FP correspondientes al curso 2021-2022. Uno de nuestros alumnos, \u00c1lex Valdepe\u00f1as And\u00fajar, del ciclo formativo de grado superior de Desarrollo de Aplicaciones Multiplataforma, obtuvo el premio extraordinario en la categor\u00eda de &hellip; <\/p>\n<p class=\"link-more\"><a href=\"https:\/\/somosdelprieto.com\/index.php\/2023\/06\/28\/alex-valdepenas-andujar-premio-extraordinario-de-fp-en-la-categoria-de-informatica-grado-superior\/\" class=\"more-link\">Continuar leyendo<span class=\"screen-reader-text\"> \u00ab\u00c1lex Valdepe\u00f1as And\u00fajar, premio extraordinario de FP en la categor\u00eda de Inform\u00e1tica (grado superior).\u00bb<\/span><\/a><\/p>\n","protected":false},"author":4,"featured_media":9892,"comment_status":"closed","ping_status":"closed","sticky":false,"template":"","format":"standard","meta":{"footnotes":""},"categories":[35,1,14],"tags":[319],"class_list":["post-15745","post","type-post","status-publish","format-standard","has-post-thumbnail","hentry","category-informatica","category-noticias","category-premios","tag-premios"],"_links":{"self":[{"href":"https:\/\/somosdelprieto.com\/index.php\/wp-json\/wp\/v2\/posts\/15745","targetHints":{"allow":["GET"]}}],"collection":[{"href":"https:\/\/somosdelprieto.com\/index.php\/wp-json\/wp\/v2\/posts"}],"about":[{"href":"https:\/\/somosdelprieto.com\/index.php\/wp-json\/wp\/v2\/types\/post"}],"author":[{"embeddable":true,"href":"https:\/\/somosdelprieto.com\/index.php\/wp-json\/wp\/v2\/users\/4"}],"replies":[{"embeddable":true,"href":"https:\/\/somosdelprieto.com\/index.php\/wp-json\/wp\/v2\/comments?post=15745"}],"version-history":[{"count":3,"href":"https:\/\/somosdelprieto.com\/index.php\/wp-json\/wp\/v2\/posts\/15745\/revisions"}],"predecessor-version":[{"id":15750,"href":"https:\/\/somosdelprieto.com\/index.php\/wp-json\/wp\/v2\/posts\/15745\/revisions\/15750"}],"wp:featuredmedia":[{"embeddable":true,"href":"https:\/\/somosdelprieto.com\/index.php\/wp-json\/wp\/v2\/media\/9892"}],"wp:attachment":[{"href":"https:\/\/somosdelprieto.com\/index.php\/wp-json\/wp\/v2\/media?parent=15745"}],"wp:term":[{"taxonomy":"category","embeddable":true,"href":"https:\/\/somosdelprieto.com\/index.php\/wp-json\/wp\/v2\/categories?post=15745"},{"taxonomy":"post_tag","embeddable":true,"href":"https:\/\/somosdelprieto.com\/index.php\/wp-json\/wp\/v2\/tags?post=15745"}],"curies":[{"name":"wp","href":"https:\/\/api.w.org\/{rel}","templated":true}]}}