{"id":15653,"date":"2024-06-27T10:15:00","date_gmt":"2024-06-27T08:15:00","guid":{"rendered":"https:\/\/somosdelprieto.com\/?p=15653"},"modified":"2024-06-27T10:16:11","modified_gmt":"2024-06-27T08:16:11","slug":"convocados-los-premios-extraordinarios-de-bachillerato","status":"publish","type":"post","link":"https:\/\/somosdelprieto.com\/index.php\/2024\/06\/27\/convocados-los-premios-extraordinarios-de-bachillerato\/","title":{"rendered":"CONVOCADOS LOS PREMIOS EXTRAORDINARIOS DE BACHILLERATO"},"content":{"rendered":"\n<p>La Consejer\u00eda de Educaci\u00f3n, Cultura y Deportes, convoca los <strong>Premios Extraordinarios de Bachillerato<\/strong> en la comunidad aut\u00f3noma de Castilla-La Mancha con el fin de reconocer oficialmente los m\u00e9ritos basados en el esfuerzo y el trabajo del alumnado que ha cursado estas ense\u00f1anzas con una trayectoria acad\u00e9mica cualificada.<\/p>\n\n\n\n<p class=\"has-vivid-red-color has-text-color has-link-color wp-elements-d8ca51242e1120000c9c0883423fa0de\"><strong>Desde<\/strong>\u00a0el<strong>\u00a025 de junio\u00a0<\/strong>y\u00a0<strong>hasta\u00a0<\/strong>el pr\u00f3ximo<strong>\u00a08 de julio de 2024<\/strong>, se podr\u00e1 solicitar la participaci\u00f3n, en r\u00e9gimen de concurrencia competitiva, en la convocatoria de\u00a0<strong>quince premios extraordinarios<\/strong>\u00a0para toda la comunidad aut\u00f3noma de Castilla-La Mancha.<\/p>\n\n\n\n<p>Podr\u00e1 concurrir a estos premios el <strong>alumnado <\/strong>que habiendo c<strong>ursado y superado<\/strong> en centros docentes espa\u00f1oles los dos cursos que conforman cualquiera de las modalidades de <strong>bachillerato <\/strong>y habiendo finalizado estos estudios en el a\u00f1o acad\u00e9mico a que se refiere la convocatoria en un centro docente de la comunidad aut\u00f3noma de Castilla-La Mancha, haya obtenido en el conjunto de los dos cursos una\u00a0<strong>nota media igual o superior a 8,75 puntos.<\/strong><\/p>\n\n\n\n<p>Para m\u00e1s informaci\u00f3n: pincha\u00a0<strong><a href=\"https:\/\/www.educa.jccm.es\/recursos\/es\/premios-concursos\/premios-extraordinarios-rendimiento-academico-diversas-moda\/premios-extraordinarios-bachillerato\" data-type=\"link\" data-id=\"https:\/\/www.educa.jccm.es\/recursos\/es\/premios-concursos\/premios-extraordinarios-rendimiento-academico-diversas-moda\/premios-extraordinarios-bachillerato\">aqu\u00ed<\/a><\/strong>.<\/p>\n","protected":false},"excerpt":{"rendered":"<p>La Consejer\u00eda de Educaci\u00f3n, Cultura y Deportes, convoca los Premios Extraordinarios de Bachillerato en la comunidad aut\u00f3noma de Castilla-La Mancha con el fin de reconocer oficialmente los m\u00e9ritos basados en el esfuerzo y el trabajo del alumnado que ha cursado estas ense\u00f1anzas con una trayectoria acad\u00e9mica cualificada. Desde\u00a0el\u00a025 de junio\u00a0y\u00a0hasta\u00a0el pr\u00f3ximo\u00a08 de julio de 2024, &hellip; <\/p>\n<p class=\"link-more\"><a href=\"https:\/\/somosdelprieto.com\/index.php\/2024\/06\/27\/convocados-los-premios-extraordinarios-de-bachillerato\/\" class=\"more-link\">Continuar leyendo<span class=\"screen-reader-text\"> \u00abCONVOCADOS LOS PREMIOS EXTRAORDINARIOS DE BACHILLERATO\u00bb<\/span><\/a><\/p>\n","protected":false},"author":53,"featured_media":15654,"comment_status":"closed","ping_status":"closed","sticky":false,"template":"","format":"standard","meta":{"footnotes":""},"categories":[1],"tags":[115,319],"class_list":["post-15653","post","type-post","status-publish","format-standard","has-post-thumbnail","hentry","category-noticias","tag-noticias","tag-premios"],"_links":{"self":[{"href":"https:\/\/somosdelprieto.com\/index.php\/wp-json\/wp\/v2\/posts\/15653","targetHints":{"allow":["GET"]}}],"collection":[{"href":"https:\/\/somosdelprieto.com\/index.php\/wp-json\/wp\/v2\/posts"}],"about":[{"href":"https:\/\/somosdelprieto.com\/index.php\/wp-json\/wp\/v2\/types\/post"}],"author":[{"embeddable":true,"href":"https:\/\/somosdelprieto.com\/index.php\/wp-json\/wp\/v2\/users\/53"}],"replies":[{"embeddable":true,"href":"https:\/\/somosdelprieto.com\/index.php\/wp-json\/wp\/v2\/comments?post=15653"}],"version-history":[{"count":2,"href":"https:\/\/somosdelprieto.com\/index.php\/wp-json\/wp\/v2\/posts\/15653\/revisions"}],"predecessor-version":[{"id":19147,"href":"https:\/\/somosdelprieto.com\/index.php\/wp-json\/wp\/v2\/posts\/15653\/revisions\/19147"}],"wp:featuredmedia":[{"embeddable":true,"href":"https:\/\/somosdelprieto.com\/index.php\/wp-json\/wp\/v2\/media\/15654"}],"wp:attachment":[{"href":"https:\/\/somosdelprieto.com\/index.php\/wp-json\/wp\/v2\/media?parent=15653"}],"wp:term":[{"taxonomy":"category","embeddable":true,"href":"https:\/\/somosdelprieto.com\/index.php\/wp-json\/wp\/v2\/categories?post=15653"},{"taxonomy":"post_tag","embeddable":true,"href":"https:\/\/somosdelprieto.com\/index.php\/wp-json\/wp\/v2\/tags?post=15653"}],"curies":[{"name":"wp","href":"https:\/\/api.w.org\/{rel}","templated":true}]}}