{"id":15498,"date":"2023-06-16T09:19:00","date_gmt":"2023-06-16T07:19:00","guid":{"rendered":"https:\/\/somosdelprieto.com\/?p=15498"},"modified":"2023-06-16T10:44:30","modified_gmt":"2023-06-16T08:44:30","slug":"hoy-12-de-junio-se-inicia-la-admision-en-el-programa-especifico-de-fp-en-jardineria","status":"publish","type":"post","link":"https:\/\/somosdelprieto.com\/index.php\/2023\/06\/16\/hoy-12-de-junio-se-inicia-la-admision-en-el-programa-especifico-de-fp-en-jardineria\/","title":{"rendered":"Admisi\u00f3n al Programa Espec\u00edfico de FP en Jardiner\u00eda"},"content":{"rendered":"\n<p><strong>Desde<\/strong> el <strong>12 de junio<\/strong>, y <strong>hasta <\/strong>el pr\u00f3ximo <strong>23 de junio<\/strong>, se podr\u00e1 <strong>solicitar la admisi\u00f3n<\/strong> en el <strong>Programa Espec\u00edfico de Formaci\u00f3n Profesional en Actividades Auxiliares en Viveros, Jardines y Centros de Jardiner\u00eda.<\/strong><\/p>\n\n\n\n<p>Las solicitudes de admisi\u00f3n se podr\u00e1n presentar de forma <strong>telem\u00e1tica<\/strong>, con firma electr\u00f3nica, a trav\u00e9s de la Sede Electr\u00f3nica de la Junta de Comunidades de Castilla La Mancha (www.jccm.es), o de forma <strong>presencial<\/strong> en el registro de los servicios centrales de la Consejer\u00eda de Educaci\u00f3n, o en el de sus Delegaciones, as\u00ed como en cualquiera de los lugares previstos en el art\u00edculo 16.4 de la Ley 39\/2015, de 1 de octubre, del Procedimiento Administrativo Com\u00fan de las Administraciones P\u00fablicas. <\/p>\n\n\n\n<figure class=\"wp-block-embed is-type-wp-embed is-provider-ies-gregorio-prieto wp-block-embed-ies-gregorio-prieto\"><div class=\"wp-block-embed__wrapper\">\n<blockquote class=\"wp-embedded-content\" data-secret=\"9PMFths42S\"><a href=\"https:\/\/somosdelprieto.com\/index.php\/secretaria\/programa-especifico-formacion-profesional-jardineria\/\">Programa Espec\u00edfico Formaci\u00f3n Profesional &#8211; Jardiner\u00eda-<\/a><\/blockquote><iframe loading=\"lazy\" class=\"wp-embedded-content\" sandbox=\"allow-scripts\" security=\"restricted\" style=\"position: absolute; visibility: hidden;\" title=\"\u00abPrograma Espec\u00edfico Formaci\u00f3n Profesional &#8211; Jardiner\u00eda-\u00bb \u2014 IES Gregorio Prieto\" src=\"https:\/\/somosdelprieto.com\/index.php\/secretaria\/programa-especifico-formacion-profesional-jardineria\/embed\/#?secret=Puxwckx1Im#?secret=9PMFths42S\" data-secret=\"9PMFths42S\" width=\"525\" height=\"296\" frameborder=\"0\" marginwidth=\"0\" marginheight=\"0\" scrolling=\"no\"><\/iframe>\n<\/div><\/figure>\n","protected":false},"excerpt":{"rendered":"<p>Desde el 12 de junio, y hasta el pr\u00f3ximo 23 de junio, se podr\u00e1 solicitar la admisi\u00f3n en el Programa Espec\u00edfico de Formaci\u00f3n Profesional en Actividades Auxiliares en Viveros, Jardines y Centros de Jardiner\u00eda. Las solicitudes de admisi\u00f3n se podr\u00e1n presentar de forma telem\u00e1tica, con firma electr\u00f3nica, a trav\u00e9s de la Sede Electr\u00f3nica de la &hellip; <\/p>\n<p class=\"link-more\"><a href=\"https:\/\/somosdelprieto.com\/index.php\/2023\/06\/16\/hoy-12-de-junio-se-inicia-la-admision-en-el-programa-especifico-de-fp-en-jardineria\/\" class=\"more-link\">Continuar leyendo<span class=\"screen-reader-text\"> \u00abAdmisi\u00f3n al Programa Espec\u00edfico de FP en Jardiner\u00eda\u00bb<\/span><\/a><\/p>\n","protected":false},"author":53,"featured_media":15499,"comment_status":"closed","ping_status":"closed","sticky":false,"template":"","format":"standard","meta":{"footnotes":""},"categories":[211,1,47],"tags":[311,115],"class_list":["post-15498","post","type-post","status-publish","format-standard","has-post-thumbnail","hentry","category-admision","category-noticias","category-secretaria","tag-ciclos","tag-noticias"],"_links":{"self":[{"href":"https:\/\/somosdelprieto.com\/index.php\/wp-json\/wp\/v2\/posts\/15498","targetHints":{"allow":["GET"]}}],"collection":[{"href":"https:\/\/somosdelprieto.com\/index.php\/wp-json\/wp\/v2\/posts"}],"about":[{"href":"https:\/\/somosdelprieto.com\/index.php\/wp-json\/wp\/v2\/types\/post"}],"author":[{"embeddable":true,"href":"https:\/\/somosdelprieto.com\/index.php\/wp-json\/wp\/v2\/users\/53"}],"replies":[{"embeddable":true,"href":"https:\/\/somosdelprieto.com\/index.php\/wp-json\/wp\/v2\/comments?post=15498"}],"version-history":[{"count":4,"href":"https:\/\/somosdelprieto.com\/index.php\/wp-json\/wp\/v2\/posts\/15498\/revisions"}],"predecessor-version":[{"id":15575,"href":"https:\/\/somosdelprieto.com\/index.php\/wp-json\/wp\/v2\/posts\/15498\/revisions\/15575"}],"wp:featuredmedia":[{"embeddable":true,"href":"https:\/\/somosdelprieto.com\/index.php\/wp-json\/wp\/v2\/media\/15499"}],"wp:attachment":[{"href":"https:\/\/somosdelprieto.com\/index.php\/wp-json\/wp\/v2\/media?parent=15498"}],"wp:term":[{"taxonomy":"category","embeddable":true,"href":"https:\/\/somosdelprieto.com\/index.php\/wp-json\/wp\/v2\/categories?post=15498"},{"taxonomy":"post_tag","embeddable":true,"href":"https:\/\/somosdelprieto.com\/index.php\/wp-json\/wp\/v2\/tags?post=15498"}],"curies":[{"name":"wp","href":"https:\/\/api.w.org\/{rel}","templated":true}]}}