{"id":15443,"date":"2023-06-07T09:40:38","date_gmt":"2023-06-07T07:40:38","guid":{"rendered":"https:\/\/somosdelprieto.com\/?p=15443"},"modified":"2023-06-09T06:14:37","modified_gmt":"2023-06-09T04:14:37","slug":"calendario-de-examenes-2a-ordinaria-ciclos-formativos","status":"publish","type":"post","link":"https:\/\/somosdelprieto.com\/index.php\/2023\/06\/07\/calendario-de-examenes-2a-ordinaria-ciclos-formativos\/","title":{"rendered":"CALENDARIO DE EX\u00c1MENES 2\u00aa ORDINARIA CICLOS FORMATIVOS Y EXTRAORDINARIA DE BACHILLERATO."},"content":{"rendered":"\n<p>Ya os pod\u00e9is descargar el archivo con el calendario de ex\u00e1menes de cara a la segunda sesi\u00f3n de evaluaci\u00f3n ordinaria de los ciclos formativos, as\u00ed como la evaluaci\u00f3n extraordinaria para los bachilleratos.<\/p>\n\n\n\n<div class=\"wp-block-file\"><a href=\"https:\/\/somosdelprieto.com\/wp-content\/uploads\/2023\/06\/EXAMENES-2-ORDINARIA-22-23-1.pdf\">Ex\u00e1menes 2\u00aaOrdinaria y Extraordinaria 22-23<\/a><a href=\"https:\/\/somosdelprieto.com\/wp-content\/uploads\/2023\/06\/EXAMENES-2-ORDINARIA-22-23-1.pdf\" class=\"wp-block-file__button\" download>Descarga<\/a><\/div>\n\n\n\n<p><\/p>\n","protected":false},"excerpt":{"rendered":"<p>Ya os pod\u00e9is descargar el archivo con el calendario de ex\u00e1menes de cara a la segunda sesi\u00f3n de evaluaci\u00f3n ordinaria de los ciclos formativos, as\u00ed como la evaluaci\u00f3n extraordinaria para los bachilleratos.<\/p>\n","protected":false},"author":4,"featured_media":9892,"comment_status":"closed","ping_status":"closed","sticky":false,"template":"","format":"standard","meta":{"footnotes":""},"categories":[7,8,27,30,33,34,35,36,1,43],"tags":[],"class_list":["post-15443","post","type-post","status-publish","format-standard","has-post-thumbnail","hentry","category-administracion","category-comercio","category-electricidad-y-electronica","category-formacion-y-orientacion-laboral","category-hosteleria-y-turismo","category-industrias-alimentarias","category-informatica","category-ingles","category-noticias","category-transporte-y-mantenimiento-de-vehiculos"],"_links":{"self":[{"href":"https:\/\/somosdelprieto.com\/index.php\/wp-json\/wp\/v2\/posts\/15443","targetHints":{"allow":["GET"]}}],"collection":[{"href":"https:\/\/somosdelprieto.com\/index.php\/wp-json\/wp\/v2\/posts"}],"about":[{"href":"https:\/\/somosdelprieto.com\/index.php\/wp-json\/wp\/v2\/types\/post"}],"author":[{"embeddable":true,"href":"https:\/\/somosdelprieto.com\/index.php\/wp-json\/wp\/v2\/users\/4"}],"replies":[{"embeddable":true,"href":"https:\/\/somosdelprieto.com\/index.php\/wp-json\/wp\/v2\/comments?post=15443"}],"version-history":[{"count":7,"href":"https:\/\/somosdelprieto.com\/index.php\/wp-json\/wp\/v2\/posts\/15443\/revisions"}],"predecessor-version":[{"id":15480,"href":"https:\/\/somosdelprieto.com\/index.php\/wp-json\/wp\/v2\/posts\/15443\/revisions\/15480"}],"wp:featuredmedia":[{"embeddable":true,"href":"https:\/\/somosdelprieto.com\/index.php\/wp-json\/wp\/v2\/media\/9892"}],"wp:attachment":[{"href":"https:\/\/somosdelprieto.com\/index.php\/wp-json\/wp\/v2\/media?parent=15443"}],"wp:term":[{"taxonomy":"category","embeddable":true,"href":"https:\/\/somosdelprieto.com\/index.php\/wp-json\/wp\/v2\/categories?post=15443"},{"taxonomy":"post_tag","embeddable":true,"href":"https:\/\/somosdelprieto.com\/index.php\/wp-json\/wp\/v2\/tags?post=15443"}],"curies":[{"name":"wp","href":"https:\/\/api.w.org\/{rel}","templated":true}]}}